{"id":501860,"date":"2022-03-01T11:40:10","date_gmt":"2022-03-01T15:40:10","guid":{"rendered":"https:\/\/diarioelpopular.com\/?p=501860"},"modified":"2022-03-01T11:40:10","modified_gmt":"2022-03-01T15:40:10","slug":"maduro-defiende-a-alex-saab-en-el-consejo-de-dd-hh-de-naciones-unidas","status":"publish","type":"post","link":"https:\/\/diarioelpopular.com\/index.php\/2022\/03\/01\/maduro-defiende-a-alex-saab-en-el-consejo-de-dd-hh-de-naciones-unidas\/","title":{"rendered":"Maduro defiende a Alex Saab en el consejo de DD.HH. de Naciones Unidas"},"content":{"rendered":"<p><img loading=\"lazy\" decoding=\"async\" class=\"alignnone size-custom-full-size wp-image-501861\" src=\"https:\/\/diarioelpopular.com\/wp-content\/uploads\/2022\/03\/112889180_saab-636x358.jpg\" alt=\"\" width=\"636\" height=\"358\" srcset=\"https:\/\/diarioelpopular.com\/wp-content\/uploads\/2022\/03\/112889180_saab-636x358.jpg 636w, https:\/\/diarioelpopular.com\/wp-content\/uploads\/2022\/03\/112889180_saab-300x169.jpg 300w, https:\/\/diarioelpopular.com\/wp-content\/uploads\/2022\/03\/112889180_saab.jpg 768w, https:\/\/diarioelpopular.com\/wp-content\/uploads\/2022\/03\/112889180_saab-130x73.jpg 130w\" sizes=\"auto, (max-width: 636px) 100vw, 636px\" \/><\/p>\n<p><em><strong>&#8211; El presidente de Venezuela, Nicol\u00e1s Maduro, defendi\u00f3, en la inauguraci\u00f3n del periodo de sesiones del Consejo de Derechos Humanos de Naciones Unidas, al colombo-venezolano Alex Saab, se\u00f1alado de ser un presunto testaferro del mandatario, y asegur\u00f3 que el juicio que enfrenta en EEUU \u201cest\u00e1 plagado de graves vicios\u201d. <\/strong><\/em><\/p>\n<p>\u201cSu inmunidad diplom\u00e1tica, sus derechos humanos y su propia integridad f\u00edsica fue cruel y sistem\u00e1ticamente violada. Su proceso en un tribunal estadounidense est\u00e1 plagado de graves vicios y aberrantes distorsiones\u201d, dijo Maduro en su intervenci\u00f3n virtual, difundida en un v\u00eddeo a trav\u00e9s de los canales oficiales de su Gobierno.<\/p>\n<p>Saab fue extraditado a Estados Unidos en octubre pasado desde Cabo Verde, donde fue detenido a ra\u00edz de una orden de captura internacional pedida por la Justicia estadounidense. El empresario enfrenta un cargo de conspiraci\u00f3n para cometer lavado de dinero en una corte de Miami, del que se declar\u00f3 \u201cno culpable\u201d el pasado 15 de noviembre ante la jueza Alicia M. Otazo-Reyes.<\/p>\n<p>Sobre la extradici\u00f3n de Saab, Maduro asegur\u00f3 que se trat\u00f3 de \u201cun secuestro\u201d que represent\u00f3 \u201cun deliberado y artero golpe\u201d al desarrollo del di\u00e1logo que se sosten\u00eda entre el Gobierno venezolano y la oposici\u00f3n, en M\u00e9xico, desde el 13 de agosto de 2021 y que se suspendi\u00f3, por decisi\u00f3n del oficialismo, el pasado 16 de octubre.<\/p>\n<p>\u201cSu segundo secuestro y su extracci\u00f3n ilegal a EEUU fue un deliberado y artero golpe al desarrollo y continuidad del proceso de di\u00e1logo y paz que se desarrollaba en M\u00e9xico\u201d, dijo. En otro tema, el presidente Maduro se refiri\u00f3 a las sanciones contra Venezuela y asegur\u00f3 que el pa\u00eds caribe\u00f1o \u201cha sido blanco de 502 medidas coercitivas unilaterales\u201d que han impactado en la econom\u00eda.<\/p>\n<p>\u201cLas acciones ilegales contra nuestro pueblo, ejecutadas por la \u00e9lite imperialista de los Estados Unidos, la \u00e9lite neocolonial de la Uni\u00f3n Europea y otros Estados y organizaciones han violado los derechos humanos de nuestro pueblo y el derecho al desarrollo\u201d, apunt\u00f3 el mandatario. En este sentido, se\u00f1al\u00f3 al Banco de Inglaterra, Novo Banco y Citi Bank de mantener \u201dretenidos\u201c fondos que pertenecen a Venezuela. Adem\u00e1s, Maduro aprovech\u00f3 su intervenci\u00f3n para referirse a la lucha contra la covid-19 y asegur\u00f3 que Venezuela se ubica entre los pa\u00edses con \u201dmejor desempe\u00f1o de combate contra el coronavirus\u201c.<\/p>\n<p>\u201dSe necesita un esfuerzo multilateral y verdadera voluntad pol\u00edtica para defender la vida humana por encima de las ganancias farmac\u00e9uticas\u201c, asever\u00f3. Reiter\u00f3 que Venezuela alcanz\u00f3 la meta de 102 % de ciudadanos mayores de 18 a\u00f1os vacunados con la \u201ddosis completa\u201c contra la covid-19, aunque en este escenario tampoco explic\u00f3 a qu\u00e9 se debe que el porcentaje supere en un 2 % al total de la poblaci\u00f3n mayor de edad. No obstante, datos de la Organizaci\u00f3n Mundial de la Salud, actualizados al 18 de febrero refieren que 14.966.671 ciudadanos venezolanos han sido vacunados con dos dosis de la vacuna contra la covid-19, lo que equivale a 49,8 % de personas con la pauta completa.<\/p>\n","protected":false},"excerpt":{"rendered":"<p>&#8211; El presidente de Venezuela, Nicol\u00e1s Maduro, defendi\u00f3, en la inauguraci\u00f3n del periodo de sesiones del Consejo de Derechos Humanos de Naciones Unidas, al colombo-venezolano&hellip;<\/p>\n","protected":false},"author":99,"featured_media":501861,"comment_status":"open","ping_status":"open","sticky":false,"template":"","format":"standard","meta":{"footnotes":""},"categories":[23],"tags":[],"class_list":["post-501860","post","type-post","status-publish","format-standard","has-post-thumbnail","hentry","category-latinoamerica"],"_links":{"self":[{"href":"https:\/\/diarioelpopular.com\/index.php\/wp-json\/wp\/v2\/posts\/501860","targetHints":{"allow":["GET"]}}],"collection":[{"href":"https:\/\/diarioelpopular.com\/index.php\/wp-json\/wp\/v2\/posts"}],"about":[{"href":"https:\/\/diarioelpopular.com\/index.php\/wp-json\/wp\/v2\/types\/post"}],"author":[{"embeddable":true,"href":"https:\/\/diarioelpopular.com\/index.php\/wp-json\/wp\/v2\/users\/99"}],"replies":[{"embeddable":true,"href":"https:\/\/diarioelpopular.com\/index.php\/wp-json\/wp\/v2\/comments?post=501860"}],"version-history":[{"count":1,"href":"https:\/\/diarioelpopular.com\/index.php\/wp-json\/wp\/v2\/posts\/501860\/revisions"}],"predecessor-version":[{"id":501862,"href":"https:\/\/diarioelpopular.com\/index.php\/wp-json\/wp\/v2\/posts\/501860\/revisions\/501862"}],"wp:featuredmedia":[{"embeddable":true,"href":"https:\/\/diarioelpopular.com\/index.php\/wp-json\/wp\/v2\/media\/501861"}],"wp:attachment":[{"href":"https:\/\/diarioelpopular.com\/index.php\/wp-json\/wp\/v2\/media?parent=501860"}],"wp:term":[{"taxonomy":"category","embeddable":true,"href":"https:\/\/diarioelpopular.com\/index.php\/wp-json\/wp\/v2\/categories?post=501860"},{"taxonomy":"post_tag","embeddable":true,"href":"https:\/\/diarioelpopular.com\/index.php\/wp-json\/wp\/v2\/tags?post=501860"}],"curies":[{"name":"wp","href":"https:\/\/api.w.org\/{rel}","templated":true}]}}