{"id":501868,"date":"2022-03-02T10:30:23","date_gmt":"2022-03-02T14:30:23","guid":{"rendered":"https:\/\/diarioelpopular.com\/?p=501868"},"modified":"2022-03-02T10:30:23","modified_gmt":"2022-03-02T14:30:23","slug":"las-hospitalizaciones-los-casos-y-las-muertes-por-covid-19-comienzan-a-estabilizarse-a-medida-que-las-provincias-levantan-las-medidas","status":"publish","type":"post","link":"https:\/\/diarioelpopular.com\/index.php\/2022\/03\/02\/las-hospitalizaciones-los-casos-y-las-muertes-por-covid-19-comienzan-a-estabilizarse-a-medida-que-las-provincias-levantan-las-medidas\/","title":{"rendered":"Las hospitalizaciones, los casos y las muertes por COVID-19 comienzan a estabilizarse a medida que las provincias levantan las medidas"},"content":{"rendered":"<p><img loading=\"lazy\" decoding=\"async\" class=\"alignnone size-custom-full-size wp-image-501870\" src=\"https:\/\/diarioelpopular.com\/wp-content\/uploads\/2022\/03\/1.186441-636x448.jpg\" alt=\"\" width=\"636\" height=\"448\" srcset=\"https:\/\/diarioelpopular.com\/wp-content\/uploads\/2022\/03\/1.186441-636x448.jpg 636w, https:\/\/diarioelpopular.com\/wp-content\/uploads\/2022\/03\/1.186441-300x211.jpg 300w, https:\/\/diarioelpopular.com\/wp-content\/uploads\/2022\/03\/1.186441-768x540.jpg 768w, https:\/\/diarioelpopular.com\/wp-content\/uploads\/2022\/03\/1.186441-80x55.jpg 80w, https:\/\/diarioelpopular.com\/wp-content\/uploads\/2022\/03\/1.186441-104x73.jpg 104w, https:\/\/diarioelpopular.com\/wp-content\/uploads\/2022\/03\/1.186441.jpg 800w\" sizes=\"auto, (max-width: 636px) 100vw, 636px\" \/><\/p>\n<h4><em><strong>&#8211; La disminuci\u00f3n de los casos, muertes y hospitalizaciones de COVID-19 en todo Canad\u00e1 ha llevado a muchas provincias a levantar en\u00e9rgicamente las restricciones de salud p\u00fablica; sin embargo, los datos muestran que esas disminuciones han comenzado a estabilizarse.<\/strong><\/em><\/h4>\n<h4><em><strong>&#8211; Las nuevas sanciones de Canad\u00e1 contra Rusia tambi\u00e9n podr\u00edan da\u00f1ar la econom\u00eda de Canad\u00e1, dice Freeland<\/strong><\/em><\/h4>\n<p><em><strong>OTTAWA.-<\/strong> <\/em>Ontario, Alberta y Manitoba pusieron fin a varias medidas este martes, incluidos los requisitos de vacunaci\u00f3n para las empresas y los l\u00edmites de capacidad. Otras provincias, incluidas Quebec y el Atl\u00e1ntico canadiense, aliviaron las restricciones un d\u00eda antes, y Saskatchewan las finaliz\u00f3 por completo el lunes.<\/p>\n<p>Los funcionarios han se\u00f1alado la disminuci\u00f3n de las hospitalizaciones y muertes como la raz\u00f3n para volver a una versi\u00f3n normal previa a la pandemia, y esos n\u00fameros, de hecho, se han reducido a la mitad de sus picos en enero, que fueron alimentados por la variante Omicron altamente transmisible.<\/p>\n<p>Pero no todas las provincias est\u00e1n viendo disminuir las hospitalizaciones actualmente. Si bien la Columbia Brit\u00e1nica, Quebec y New Brunswick est\u00e1n experimentando ca\u00eddas, las admisiones hospitalarias aumentaron en Ontario y la Isla del Pr\u00edncipe Eduardo a partir del martes. Y en el resto del pa\u00eds, el n\u00famero se ha mantenido relativamente estable durante la \u00faltima semana, sin cambios significativos.<\/p>\n<p>A nivel nacional, hay 4.840 pacientes que actualmente reciben atenci\u00f3n en el hospital despu\u00e9s de ser admitidos por s\u00edntomas relacionados con COVID-19, una disminuci\u00f3n del 15 por ciento con respecto a hace una semana. La disminuci\u00f3n de semana a semana estuvo m\u00e1s cerca del 20 por ciento a principios de febrero.<\/p>\n<p>De esos pacientes, 592 est\u00e1n en cuidados intensivos, un n\u00famero que ha disminuido constantemente junto con las hospitalizaciones a pesar del reciente aumento en las admisiones en algunas provincias.<\/p>\n<p>Mientras tanto, Canad\u00e1 ha visto un promedio de 68 muertes por d\u00eda, por debajo del pico casi r\u00e9cord de m\u00e1s de 170 muertes diarias en enero, pero tambi\u00e9n se mantuvo estable durante la \u00faltima semana. El pa\u00eds ha visto m\u00e1s de 36,600 muertes hasta la fecha desde marzo de 2020.<\/p>\n<p>El promedio de siete d\u00edas de casos nuevos de COVID-19 confirmados por laboratorio tambi\u00e9n ha disminuido dr\u00e1sticamente, de m\u00e1s de 10\u00a0800 en enero a alrededor de 6500, una ca\u00edda de aproximadamente el 40 por ciento.<\/p>\n<p>Sin embargo, ese n\u00famero tambi\u00e9n comenz\u00f3 a nivelarse, manteni\u00e9ndose relativamente constante durante la semana pasada, marcando una meseta m\u00e1s alta que cualquier otra vista durante la pandemia de dos a\u00f1os.<\/p>\n<p>&nbsp;<\/p>\n<h4><em><strong>Las nuevas sanciones de Canad\u00e1 contra Rusia tambi\u00e9n podr\u00edan da\u00f1ar la econom\u00eda de Canad\u00e1, dice Freeland<\/strong><\/em><\/h4>\n<div id=\"attachment_501869\" style=\"width: 646px\" class=\"wp-caption alignnone\"><img loading=\"lazy\" decoding=\"async\" aria-describedby=\"caption-attachment-501869\" class=\"size-custom-full-size wp-image-501869\" src=\"https:\/\/diarioelpopular.com\/wp-content\/uploads\/2022\/03\/1.crisis-636x425.jpg\" alt=\"\" width=\"636\" height=\"425\" srcset=\"https:\/\/diarioelpopular.com\/wp-content\/uploads\/2022\/03\/1.crisis-636x425.jpg 636w, https:\/\/diarioelpopular.com\/wp-content\/uploads\/2022\/03\/1.crisis-300x200.jpg 300w, https:\/\/diarioelpopular.com\/wp-content\/uploads\/2022\/03\/1.crisis-768x513.jpg 768w, https:\/\/diarioelpopular.com\/wp-content\/uploads\/2022\/03\/1.crisis-109x73.jpg 109w, https:\/\/diarioelpopular.com\/wp-content\/uploads\/2022\/03\/1.crisis.jpg 800w\" sizes=\"auto, (max-width: 636px) 100vw, 636px\" \/><p id=\"caption-attachment-501869\" class=\"wp-caption-text\"><em>Bombardeo de una torre de telecomunicaciones en Kiev.<\/em><\/p><\/div>\n<p><em><strong>OTTAWA.-<\/strong><\/em> La ministra de Finanzas, Chrystia Freeland, dijo que trabajar con los aliados en las sanciones les ha dado un peso extra<\/p>\n<p>Canad\u00e1 golpear\u00e1 a Rusia con m\u00e1s sanciones y pol\u00edticas econ\u00f3micas dise\u00f1adas para socavar la capacidad del presidente ruso, Vladimir Putin, para hacer la guerra, y algunas de esas medidas podr\u00edan terminar perjudicando la econom\u00eda de Canad\u00e1, dijo el martes la ministra de Finanzas, Chrystia Freeland.<\/p>\n<p>Freeland hizo esos comentarios este martes por la tarde despu\u00e9s de reunirse con los ministros de finanzas de las otras naciones del G7 y el ministro de finanzas de Ucrania para discutir medidas para castigar a Rusia por su invasi\u00f3n de Ucrania.<\/p>\n<p>&#8220;Los aranceles, las represalias y las sanciones son m\u00e1s efectivos cuando puedes dise\u00f1ar pol\u00edticas que tengan el m\u00e1ximo impacto en la contraparte cuya atenci\u00f3n buscas obtener y que te causen el m\u00ednimo da\u00f1o a ti mismo&#8221;, dijo Freeland, y agreg\u00f3 que, hasta ahora, las sanciones se han estructurado para evitar da\u00f1ar los intereses comerciales canadienses.<\/p>\n<p>&#8220;Si estamos realmente decididos a apoyar a Ucrania, si lo que est\u00e1 en juego en esta lucha es tan alto como creo que es, tenemos que ser honestos con nosotros mismos, tengo que ser honesto con los canadienses, que podr\u00eda haber alg\u00fan da\u00f1o colateral&#8221;. en Canad\u00e1 y eso es algo que los ministros de finanzas del G7 discutieron muy temprano esta ma\u00f1ana&#8221;.<\/p>\n<p>Freeland no ofreci\u00f3 detalles de las medidas que ella y los otros ministros de finanzas discutieron. Ella dijo que el gobierno tendr\u00e1 m\u00e1s que decir en los pr\u00f3ximos d\u00edas.<\/p>\n<p>&#8220;No puedo anunciar esas medidas adicionales hoy&#8221;, dijo. \u201cLos estamos discutiendo, estamos trabajando con nuestros socios y aliados. Hemos sugerido muchas cosas, al igual que nuestros aliados. Creemos que lo m\u00e1s efectivo es trabajar juntos para anunciar medidas juntos y lo seguiremos haciendo. .&#8221;<\/p>\n<p>El ministro de Recursos Naturales, Jonathan Wilkinson, anunci\u00f3 el martes por la noche que Canad\u00e1 ahora prohibir\u00e1 todos los productos derivados del petr\u00f3leo de Rusia. El gobierno dijo un d\u00eda antes que solo prohibir\u00eda el crudo ruso.<\/p>\n<p>Wilkinson dijo en Twitter que a los funcionarios del gobierno se les dijo &#8220;dise\u00f1ar una prohibici\u00f3n que minimice el impacto en la econom\u00eda canadiense, mientras maximiza el impacto en la econom\u00eda rusa&#8221;.<\/p>\n<p>Canad\u00e1 import\u00f3 m\u00e1s de $ 250 millones en productos de petr\u00f3leo refinado de Rusia en 2021.<\/p>\n<p>Durante el per\u00edodo de preguntas en la C\u00e1mara de los Comunes el martes, la l\u00edder conservadora interina Candice Bergen pregunt\u00f3 al gobierno liberal si expulsar\u00eda al embajador de Rusia en Canad\u00e1 y retirar\u00eda al embajador de Canad\u00e1 en Rusia.<\/p>\n<p>El primer ministro Justin Trudeau eludi\u00f3 la pregunta y se limit\u00f3 a decir que la ministra de Asuntos Exteriores, M\u00e9lanie Joly, convoc\u00f3 a la embajadora de Rusia a su oficina para expresar el extremo descontento de Canad\u00e1 con las acciones de Rusia.<\/p>\n<p><em><strong>Actuando en concierto<\/strong><\/em><br \/>\nM\u00e1s tarde ese mismo d\u00eda, Freeland dijo que Canad\u00e1 y otras democracias han estado trabajando juntas y probablemente seguir\u00e1n haci\u00e9ndolo.<\/p>\n<p>&#8220;Cuando se trata de sanciones, perm\u00edtanme subrayar que sabemos que somos m\u00e1s efectivos cuando actuamos juntos&#8221;, dijo.<\/p>\n<p>&#8220;Creo que una de las razones por las que las sanciones han sido mucho m\u00e1s duras de lo que Rusia esperaba y han tenido un impacto mucho m\u00e1s duro de lo que nadie esperaba antes de que comenzara esta guerra es que hemos logrado tener una unidad sin precedentes entre las democracias&#8221;.<\/p>\n<p>Freeland tambi\u00e9n dijo que si bien no se han impuesto sanciones tan agresivas contra los oligarcas rusos y sus intereses econ\u00f3micos en Canad\u00e1, los canadienses deben estar atentos.<\/p>\n<p>&#8220;Somos muy conscientes de los intereses rusos en Canad\u00e1&#8221;, dijo. &#8220;Estos, por supuesto, son mucho menos significativos que los intereses rusos en la mayor\u00eda de nuestros pa\u00edses socios, pero los estamos analizando de cerca. Tendremos medidas econ\u00f3micas adicionales que se tomar\u00e1n en los pr\u00f3ximos d\u00edas&#8221;.<\/p>\n<p>Zona de exclusi\u00f3n a\u00e9rea fuera de la mesa, dice Anand<br \/>\nEl presidente de Ucrania, Volodymyr Zelensky, ha pedido a la OTAN que imponga una zona de exclusi\u00f3n a\u00e9rea sobre Ucrania, algo que la alianza ha dicho que no har\u00e1. La ministra de Defensa, Anita Anand, se mantuvo totalmente de acuerdo con esa posici\u00f3n el martes por la tarde.<\/p>\n<p>&#8220;La OTAN es una alianza defensiva y establecer una zona de exclusi\u00f3n a\u00e9rea ser\u00eda una grave escalada por parte de la OTAN, y no est\u00e1 sobre la mesa en este momento&#8221;, dijo Anand.<\/p>\n<p>&#8220;Seguiremos apoyando a Ucrania y la OTAN&#8230; y tambi\u00e9n seguiremos apoyando la postura defensiva y disuasoria de la OTAN, especialmente aumentando nuestro apoyo en el flanco oriental de la OTAN&#8221;.<\/p>\n<p>La semana pasada, el gobierno federal anunci\u00f3 que Canad\u00e1 enviar\u00e1 460 militares adicionales a Europa central y oriental para unirse a los 800 miembros de las Fuerzas Canadienses que ya est\u00e1n desplegados en la regi\u00f3n.<\/p>\n<p>Canad\u00e1 est\u00e1 liderando un grupo de batalla de la OTAN en Letonia como parte de los esfuerzos generales de la OTAN para proporcionar una barrera de seguridad entre Rusia y el resto de Europa.<\/p>\n","protected":false},"excerpt":{"rendered":"<p>&#8211; La disminuci\u00f3n de los casos, muertes y hospitalizaciones de COVID-19 en todo Canad\u00e1 ha llevado a muchas provincias a levantar en\u00e9rgicamente las restricciones de&hellip;<\/p>\n","protected":false},"author":99,"featured_media":501870,"comment_status":"open","ping_status":"open","sticky":false,"template":"","format":"standard","meta":{"footnotes":""},"categories":[21,11191],"tags":[],"class_list":["post-501868","post","type-post","status-publish","format-standard","has-post-thumbnail","hentry","category-canada","category-top-news"],"_links":{"self":[{"href":"https:\/\/diarioelpopular.com\/index.php\/wp-json\/wp\/v2\/posts\/501868","targetHints":{"allow":["GET"]}}],"collection":[{"href":"https:\/\/diarioelpopular.com\/index.php\/wp-json\/wp\/v2\/posts"}],"about":[{"href":"https:\/\/diarioelpopular.com\/index.php\/wp-json\/wp\/v2\/types\/post"}],"author":[{"embeddable":true,"href":"https:\/\/diarioelpopular.com\/index.php\/wp-json\/wp\/v2\/users\/99"}],"replies":[{"embeddable":true,"href":"https:\/\/diarioelpopular.com\/index.php\/wp-json\/wp\/v2\/comments?post=501868"}],"version-history":[{"count":1,"href":"https:\/\/diarioelpopular.com\/index.php\/wp-json\/wp\/v2\/posts\/501868\/revisions"}],"predecessor-version":[{"id":501871,"href":"https:\/\/diarioelpopular.com\/index.php\/wp-json\/wp\/v2\/posts\/501868\/revisions\/501871"}],"wp:featuredmedia":[{"embeddable":true,"href":"https:\/\/diarioelpopular.com\/index.php\/wp-json\/wp\/v2\/media\/501870"}],"wp:attachment":[{"href":"https:\/\/diarioelpopular.com\/index.php\/wp-json\/wp\/v2\/media?parent=501868"}],"wp:term":[{"taxonomy":"category","embeddable":true,"href":"https:\/\/diarioelpopular.com\/index.php\/wp-json\/wp\/v2\/categories?post=501868"},{"taxonomy":"post_tag","embeddable":true,"href":"https:\/\/diarioelpopular.com\/index.php\/wp-json\/wp\/v2\/tags?post=501868"}],"curies":[{"name":"wp","href":"https:\/\/api.w.org\/{rel}","templated":true}]}}