{"id":501942,"date":"2022-03-05T12:33:32","date_gmt":"2022-03-05T16:33:32","guid":{"rendered":"https:\/\/diarioelpopular.com\/?p=501942"},"modified":"2022-03-05T12:33:32","modified_gmt":"2022-03-05T16:33:32","slug":"colombia-izquierdista-gustavo-petro-asoma-como-favorito","status":"publish","type":"post","link":"https:\/\/diarioelpopular.com\/index.php\/2022\/03\/05\/colombia-izquierdista-gustavo-petro-asoma-como-favorito\/","title":{"rendered":"Colombia: Izquierdista Gustavo Petro asoma como favorito"},"content":{"rendered":"<div id=\"attachment_501943\" style=\"width: 646px\" class=\"wp-caption alignnone\"><img loading=\"lazy\" decoding=\"async\" aria-describedby=\"caption-attachment-501943\" class=\"size-custom-full-size wp-image-501943\" src=\"https:\/\/diarioelpopular.com\/wp-content\/uploads\/2022\/03\/1.97d5d77-636x449.jpg\" alt=\"\" width=\"636\" height=\"449\" srcset=\"https:\/\/diarioelpopular.com\/wp-content\/uploads\/2022\/03\/1.97d5d77-636x449.jpg 636w, https:\/\/diarioelpopular.com\/wp-content\/uploads\/2022\/03\/1.97d5d77-300x212.jpg 300w, https:\/\/diarioelpopular.com\/wp-content\/uploads\/2022\/03\/1.97d5d77-768x542.jpg 768w, https:\/\/diarioelpopular.com\/wp-content\/uploads\/2022\/03\/1.97d5d77-80x55.jpg 80w, https:\/\/diarioelpopular.com\/wp-content\/uploads\/2022\/03\/1.97d5d77-103x73.jpg 103w, https:\/\/diarioelpopular.com\/wp-content\/uploads\/2022\/03\/1.97d5d77.jpg 800w\" sizes=\"auto, (max-width: 636px) 100vw, 636px\" \/><p id=\"caption-attachment-501943\" class=\"wp-caption-text\"><em>Las encuestas favorecen al izquiedista Gustavo Petro en Colombia<\/em><\/p><\/div>\n<h4><em><strong>&#8211; El 13 de marzo se votar\u00e1n legislativas y primarias<\/strong><\/em><\/h4>\n<p><em><strong>BOGOTA, 05 MAR &#8211;<\/strong><\/em> La posibilidad de que Colombia elija por primera vez a un presidente de izquierda af\u00edn a Maduro en Venezuela, quien adem\u00e1s fue guerrillero terrorista, est\u00e1 muy cerca de concretarse, seg\u00fan una encuesta divulgada este viernes.<br \/>\nEn efecto, el senador de oposici\u00f3n Gustavo Petro, del llamado Pacto Hist\u00f3rico y a amnistiado d\u00e9cadas atr\u00e1s por su pertenencia al rebelde M-19, se perfila como el inminente ganador de las primarias de su coalici\u00f3n, que se llevar\u00e1n a cabo el pr\u00f3ximo domingo 13 de marzo, e imbatible en las presidenciales.<br \/>\nPetro obtendr\u00eda el 78,6% de los sufragios en las primarias del Pacto Hist\u00f3rico, que ser\u00eda la consulta m\u00e1s votada con el 38% de la intenci\u00f3n, de acuerdo a la encuesta de la firma privada Invamer, contratada por tres medios de prensa local.<br \/>\nPara Mart\u00edn Orozco, director Invamer, un poco m\u00e1s de 20 millones de personas votar\u00edan en las legislativas y primarias del pr\u00f3ximo fin de semana.<br \/>\nDe ese total, el analista calcul\u00f3 que la coalici\u00f3n de izquierda (Pacto Hist\u00f3rico) obtendr\u00eda entre 7 y 7,5 millones de votos, tanto para las primarias como para el Legislativo.<br \/>\nLe seguir\u00edan las coaliciones de derecha (Equipo por Colombia) con unos 3,5 millones de sufragios (19,15%) y de centro (Centro Esperanza) con alrededor de 3 millones de votos (14,5%).<br \/>\nLas tres coaliciones escoger\u00e1n ese 13 de marzo a los candidatos que se enfrentar\u00e1n en los comicios presidenciales del 29 de mayo.<br \/>\nFrente al escenario presidencial, la encuesta reiter\u00f3 lo que desde mediciones anteriores ha venido afirmando, que Petro es el preferido de los votantes y que incluso podr\u00eda ganar en primera vuelta, para lo cual necesitar\u00eda el 50% m\u00e1s uno del total de los votos depositados ese d\u00eda.<br \/>\nSi las elecciones presidenciales fueran la pr\u00f3xima semana, Petro obtendr\u00eda el 44,6% de los sufragios, seguido por Sergio Fajardo, quien puntea en la coalici\u00f3n de centro, con el 15,0%.<br \/>\nMucho m\u00e1s atr\u00e1s estar\u00edan el candidato independiente Rodolfo Hern\u00e1ndez con el 13,1%, y los derechistas Federico Guti\u00e9rrez con el 8,7% y Oscar Iv\u00e1n Zuluaga con el 8,4%.<br \/>\nEn caso de balotaje, Petro derrotar\u00eda a todos sus rivales sin excepci\u00f3n y con porcentajes muy altos.<br \/>\nFrente a Fajardo (40,2%), Petro se impondr\u00eda con el 54,8%; a Hern\u00e1ndez (39,4%) le ganar\u00eda con el 56.6%; y a Guti\u00e9rrez (36,3%) lo derrotar\u00eda con el 58,8%, seg\u00fan la encuesta.<br \/>\nOrozco explic\u00f3 a Blu Radio y a Noticias Caracol que la masa de votantes de Petro se concentran mayoritariamente en \u00e1reas de bajos recurso al suroeste, en Bogot\u00e1, aunque en las dem\u00e1s regiones tambi\u00e9n domina, salvo en el eje cafetero y en el departamento de Antioqu\u00eda (noroeste), dos regiones tradicionalmente conservadoras.<br \/>\nEl analista afirm\u00f3 que es evidente que hay un leve incremento de votantes contra Petro, pero admiti\u00f3 que es dif\u00edcil que el centro y la derecha se unan para derrotarlo en un eventual balotaje.<br \/>\nMientras Petro se consolida en esta medici\u00f3n, que consult\u00f3 a 1.504 personas en 65 municipios y con un m\u00e1rgen de error del 2,5%, el presidente, Iv\u00e1n Duque, se mantiene con altos niveles de desaprobaci\u00f3n.<br \/>\nDuque, del derechista partido Centro Democr\u00e1tico, lleg\u00f3 a la presidencia con una votaci\u00f3n hist\u00f3rica superior a los 10 millones de sufragios con la que derrot\u00f3 a Petro en el balotaje del 2018.<br \/>\nSin embargo, el Jefe de Estado, que en tres meses abandonar\u00e1 el cargo, obtuvo en la medici\u00f3n de hoy de Invamer un 70,7% de desaprobaci\u00f3n a su gesti\u00f3n, frente al 25,7% que la respald\u00f3.<br \/>\nEl desencanto de los votantes por la derecha, que ajusta 20 a\u00f1os en el poder, se evidencia en hechos como que el 79,2% siente que el pa\u00eds va por mal camino, frente al 16,5% que cree todo lo contrario, seg\u00fan la encuesta.<\/p>\n<p>Lo que los votantes no ven, son las consecuencias que traer\u00eda un gobierno de izquierda que se asocia al r\u00e9gimen de Venezuela y por ende al de Cuba y Nicaragua.<\/p>\n","protected":false},"excerpt":{"rendered":"<p>&#8211; El 13 de marzo se votar\u00e1n legislativas y primarias BOGOTA, 05 MAR &#8211; La posibilidad de que Colombia elija por primera vez a un&hellip;<\/p>\n","protected":false},"author":99,"featured_media":501943,"comment_status":"open","ping_status":"open","sticky":false,"template":"","format":"standard","meta":{"footnotes":""},"categories":[23],"tags":[],"class_list":["post-501942","post","type-post","status-publish","format-standard","has-post-thumbnail","hentry","category-latinoamerica"],"_links":{"self":[{"href":"https:\/\/diarioelpopular.com\/index.php\/wp-json\/wp\/v2\/posts\/501942","targetHints":{"allow":["GET"]}}],"collection":[{"href":"https:\/\/diarioelpopular.com\/index.php\/wp-json\/wp\/v2\/posts"}],"about":[{"href":"https:\/\/diarioelpopular.com\/index.php\/wp-json\/wp\/v2\/types\/post"}],"author":[{"embeddable":true,"href":"https:\/\/diarioelpopular.com\/index.php\/wp-json\/wp\/v2\/users\/99"}],"replies":[{"embeddable":true,"href":"https:\/\/diarioelpopular.com\/index.php\/wp-json\/wp\/v2\/comments?post=501942"}],"version-history":[{"count":1,"href":"https:\/\/diarioelpopular.com\/index.php\/wp-json\/wp\/v2\/posts\/501942\/revisions"}],"predecessor-version":[{"id":501944,"href":"https:\/\/diarioelpopular.com\/index.php\/wp-json\/wp\/v2\/posts\/501942\/revisions\/501944"}],"wp:featuredmedia":[{"embeddable":true,"href":"https:\/\/diarioelpopular.com\/index.php\/wp-json\/wp\/v2\/media\/501943"}],"wp:attachment":[{"href":"https:\/\/diarioelpopular.com\/index.php\/wp-json\/wp\/v2\/media?parent=501942"}],"wp:term":[{"taxonomy":"category","embeddable":true,"href":"https:\/\/diarioelpopular.com\/index.php\/wp-json\/wp\/v2\/categories?post=501942"},{"taxonomy":"post_tag","embeddable":true,"href":"https:\/\/diarioelpopular.com\/index.php\/wp-json\/wp\/v2\/tags?post=501942"}],"curies":[{"name":"wp","href":"https:\/\/api.w.org\/{rel}","templated":true}]}}