{"id":501956,"date":"2022-03-07T10:13:44","date_gmt":"2022-03-07T14:13:44","guid":{"rendered":"https:\/\/diarioelpopular.com\/?p=501956"},"modified":"2022-03-07T10:13:44","modified_gmt":"2022-03-07T14:13:44","slug":"mas-de-6-millones-de-muertos-por-covid-19-cuando-la-pandemia-entra-en-el-tercer-ano","status":"publish","type":"post","link":"https:\/\/diarioelpopular.com\/index.php\/2022\/03\/07\/mas-de-6-millones-de-muertos-por-covid-19-cuando-la-pandemia-entra-en-el-tercer-ano\/","title":{"rendered":"M\u00e1s de 6 millones de muertos por COVID-19 cuando la pandemia entra en el tercer a\u00f1o"},"content":{"rendered":"<p><img loading=\"lazy\" decoding=\"async\" class=\"alignnone size-custom-full-size wp-image-501957\" src=\"https:\/\/diarioelpopular.com\/wp-content\/uploads\/2022\/03\/1.athtoll-636x463.jpg\" alt=\"\" width=\"636\" height=\"463\" srcset=\"https:\/\/diarioelpopular.com\/wp-content\/uploads\/2022\/03\/1.athtoll-636x463.jpg 636w, https:\/\/diarioelpopular.com\/wp-content\/uploads\/2022\/03\/1.athtoll-300x219.jpg 300w, https:\/\/diarioelpopular.com\/wp-content\/uploads\/2022\/03\/1.athtoll-768x560.jpg 768w, https:\/\/diarioelpopular.com\/wp-content\/uploads\/2022\/03\/1.athtoll-100x73.jpg 100w, https:\/\/diarioelpopular.com\/wp-content\/uploads\/2022\/03\/1.athtoll.jpg 800w\" sizes=\"auto, (max-width: 636px) 100vw, 636px\" \/><\/p>\n<h4><em><strong>&#8211; El n\u00famero oficial mundial de muertes por COVID-19 super\u00f3 los seis millones este lunes, lo que subraya que la pandemia, que ahora entra en su tercer a\u00f1o, est\u00e1 lejos de terminar.<\/strong><\/em><\/h4>\n<h4><em><strong>&#8211; \u00bfDeber\u00edamos poner fin a los mandatos de m\u00e1scara en este momento?<\/strong><\/em><\/h4>\n<p>El hito, registrado por la Universidad Johns Hopkins, es el \u00faltimo recordatorio tr\u00e1gico de la naturaleza implacable de la pandemia, incluso cuando las personas se est\u00e1n quitando las m\u00e1scaras, los viajes se est\u00e1n reanudando y las empresas est\u00e1n reabriendo en todo el mundo.<\/p>\n<p>Las islas remotas del Pac\u00edfico, cuyo aislamiento las hab\u00eda protegido durante m\u00e1s de dos a\u00f1os, ahora est\u00e1n lidiando con sus primeros brotes y muertes, alimentados por la variante Omicron altamente contagiosa.<\/p>\n<p>Hong Kong, que est\u00e1 experimentando un aumento vertiginoso de las muertes, est\u00e1 evaluando a toda su poblaci\u00f3n de 7,5 millones tres veces este mes mientras se aferra a la estrategia &#8220;cero-COVID&#8221; de China continental.<\/p>\n<p>Dado que las tasas de mortalidad siguen siendo altas en Polonia, Hungr\u00eda, Rumania y otros pa\u00edses de Europa del Este, la regi\u00f3n ha visto llegar a m\u00e1s de 1,5 millones de refugiados de la Ucrania devastada por la guerra, un pa\u00eds con una cobertura de vacunaci\u00f3n deficiente y altas tasas de casos y muertes.<\/p>\n<p>Y a pesar de su riqueza y disponibilidad de vacunas, Estados Unidos se acerca al mill\u00f3n de muertes reportadas por s\u00ed solo.<\/p>\n<p>Las tasas de mortalidad en todo el mundo siguen siendo m\u00e1s altas entre las personas que no est\u00e1n vacunadas contra el virus, dijo Tikki Pang, profesora visitante de la facultad de medicina de la Universidad Nacional de Singapur y copresidenta de la Coalici\u00f3n de Inmunizaci\u00f3n de Asia Pac\u00edfico.<\/p>\n<p>\u201cEsta es una enfermedad de los no vacunados. Mira lo que est\u00e1 sucediendo en Hong Kong en este momento, el sistema de salud est\u00e1 siendo abrumado\u201d, dijo Pang, exdirector de pol\u00edtica de investigaci\u00f3n y cooperaci\u00f3n de la Organizaci\u00f3n Mundial de la Salud. \u201cLa gran mayor\u00eda de las muertes y los casos graves se encuentran en el segmento vulnerable y no vacunado de la poblaci\u00f3n\u201d.<\/p>\n<p>El mundo tard\u00f3 siete meses en registrar su primer mill\u00f3n de muertes por el virus despu\u00e9s de que comenzara la pandemia a principios de 2020. Cuatro meses despu\u00e9s, otro mill\u00f3n de personas hab\u00eda muerto, y un mill\u00f3n ha muerto cada tres meses desde entonces, hasta que el n\u00famero de muertos lleg\u00f3 a cinco millones en finales de octubre. Ahora ha alcanzado los seis millones, m\u00e1s que las poblaciones de Berl\u00edn y Bruselas combinadas, o todo el estado de Maryland.<\/p>\n<p>Pero a pesar de la enormidad de la cifra, el mundo sin duda golpe\u00f3 su muerte n\u00famero seis millones hace alg\u00fan tiempo. El mantenimiento de registros y las pruebas deficientes en muchas partes del mundo han llevado a un recuento insuficiente de las muertes por coronavirus, adem\u00e1s de un exceso de muertes relacionadas con la pandemia pero no por infecciones reales de COVID-19, como personas que murieron por causas prevenibles pero no pudieron recibir tratamiento porque los hospitales estaban llenos.<\/p>\n<p>Edouard Mathieu, jefe de datos del portal Our World in Data, dijo que, cuando se estudian las cifras de exceso de mortalidad de los pa\u00edses, es probable que casi cuatro veces el n\u00famero de muertes reportadas haya muerto a causa de la pandemia.<\/p>\n<p>Un an\u00e1lisis del exceso de muertes realizado por un equipo de The Economist estima que el n\u00famero de muertes por COVID-19 est\u00e1 entre 14,1 millones y 23,8 millones.<\/p>\n<p>\u201cLas muertes confirmadas representan una fracci\u00f3n del n\u00famero real de muertes por COVID, principalmente debido a pruebas limitadas y desaf\u00edos en la atribuci\u00f3n de la causa de la muerte\u201d, dijo Mathieu a The Associated Press. \u201cEn algunos pa\u00edses, en su mayor\u00eda ricos, esa fracci\u00f3n es alta y la cuenta oficial puede considerarse bastante precisa, pero en otros est\u00e1 muy subestimada\u201d.<\/p>\n<p>Estados Unidos tiene el mayor n\u00famero oficial de muertes en el mundo, pero las cifras han tenido una tendencia a la baja durante el \u00faltimo mes.<\/p>\n<p>Lonnie Bailey perdi\u00f3 a su sobrino de 17 a\u00f1os, Carlos N\u00fa\u00f1ez Jr., quien contrajo COVID-19 en abril pasado, el mismo mes en que Kentucky abri\u00f3 su grupo de edad a las vacunas. El residente de Louisville dijo que la familia a\u00fan sufre, incluido el hermano menor de Carlos, quien tuvo que ser hospitalizado y todav\u00eda tiene s\u00edntomas persistentes. La reapertura agresiva del pa\u00eds ha sido discordante para ellos presenciar.<\/p>\n<p>\u201cPara nosotros es dif\u00edcil bajar la guardia; nos llevar\u00e1 un tiempo adaptarnos\u201d, dijo Bailey.<\/p>\n<p>El mundo ha visto m\u00e1s de 445 millones de casos confirmados de COVID-19, y los nuevos casos semanales han disminuido recientemente en todas las regiones excepto en el Pac\u00edfico Occidental, que incluye China, Jap\u00f3n y Corea del Sur, entre otros, inform\u00f3 esta semana la Organizaci\u00f3n Mundial de la Salud. .<\/p>\n<p>Aunque las cifras generales en las islas del Pac\u00edfico que vieron sus primeros brotes son peque\u00f1as en comparaci\u00f3n con los pa\u00edses m\u00e1s grandes, son significativas entre sus peque\u00f1as poblaciones y amenazan con abrumar los fr\u00e1giles sistemas de atenci\u00f3n m\u00e9dica.<\/p>\n<p>\u201cDado lo que sabemos sobre COVID&#8230; es probable que los afecte durante el pr\u00f3ximo a\u00f1o al menos\u201d, dijo Katie Greenwood, jefa de la delegaci\u00f3n de la Cruz Roja en el Pac\u00edfico.<\/p>\n<p>Tonga inform\u00f3 su primer brote despu\u00e9s de que el virus llegara con barcos de ayuda internacional luego de la erupci\u00f3n de un volc\u00e1n masivo el 15 de enero, seguida de un tsunami. Ahora tiene varios cientos de casos, pero, con el 66 por ciento de su poblaci\u00f3n completamente vacunada, hasta ahora ha informado de personas que sufren en su mayor\u00eda s\u00edntomas leves y ninguna muerte.<\/p>\n<p>Las Islas Salom\u00f3n vieron el primer brote en enero y ahora tienen miles de casos y m\u00e1s de 100 muertes. Es probable que el n\u00famero real de muertos sea mucho mayor, con el hospital de la capital abrumado y muchos muriendo en casa, dijo Greenwood.<\/p>\n<p>Solo el 12 por ciento de los habitantes de las Islas Salom\u00f3n est\u00e1n completamente vacunados, aunque el brote ha dado un nuevo impulso a la campa\u00f1a de vacunaci\u00f3n del pa\u00eds y el 29 por ciento ahora tiene al menos una vacuna.<\/p>\n<p>La disparidad global de vacunas contin\u00faa, con solo el 6,95 por ciento de las personas en pa\u00edses de bajos ingresos completamente vacunadas, en comparaci\u00f3n con m\u00e1s del 73 por ciento en pa\u00edses de altos ingresos, seg\u00fan Our World in Data.<\/p>\n<p>Como buena se\u00f1al, a fines del mes pasado \u00c1frica super\u00f3 a Europa en el n\u00famero de dosis administradas diariamente, pero solo alrededor del 12,5 por ciento de su poblaci\u00f3n ha recibido dos inyecciones.<\/p>\n<p>Los Centros para el Control y la Prevenci\u00f3n de Enfermedades de \u00c1frica siguen presionando para obtener m\u00e1s vacunas, aunque ha sido un desaf\u00edo. Algunos env\u00edos llegan con poca advertencia para los sistemas de salud de los pa\u00edses y otros cerca de la fecha de vencimiento, lo que obliga a destruir las dosis.<\/p>\n<p>Europa del Este se ha visto particularmente afectada por la variante omicron, y con la invasi\u00f3n rusa de Ucrania, ha surgido un nuevo riesgo a medida que cientos de miles de personas huyen a lugares como Polonia en trenes llenos de gente. Los funcionarios de salud han estado ofreciendo vacunas gratuitas a todos los refugiados, pero no les han hecho pruebas a su llegada o cuarentena.<\/p>\n<p>\u201cEsto es realmente tr\u00e1gico porque un gran estr\u00e9s tiene un efecto muy negativo en la inmunidad natural y aumenta el riesgo de infecciones\u201d, dijo Anna Boron-Kaczmarska, especialista polaca en enfermedades infecciosas. \u201cEst\u00e1n muy estresados, temen por sus vidas, las vidas de sus hijos, sus familiares\u201d.<\/p>\n<p>M\u00e9xico ha informado 300.000 muertes, pero con pocas pruebas, un an\u00e1lisis del gobierno de los certificados de defunci\u00f3n sit\u00faa el n\u00famero real m\u00e1s cerca de 500.000. A\u00fan as\u00ed, cuatro semanas de ca\u00edda de las tasas de infecci\u00f3n han dejado optimistas a los funcionarios de salud.<\/p>\n<p>En India, donde el mundo qued\u00f3 conmocionado por las im\u00e1genes de piras al aire libre de cuerpos quemados mientras los crematorios estaban abrumados, las cicatrices se est\u00e1n desvaneciendo a medida que disminuye la cantidad de casos nuevos y muertes.<\/p>\n<p>India ha registrado m\u00e1s de 500.000 muertes, pero los expertos creen que su n\u00famero real es de millones, principalmente de la variante delta. Los inmigrantes del vasto interior de la India ahora est\u00e1n regresando a sus megaciudades en busca de trabajo, y las calles est\u00e1n llenas de tr\u00e1fico. Los centros comerciales tienen clientes, aunque todav\u00eda enmascarados, mientras que las escuelas y universidades dan la bienvenida a los estudiantes despu\u00e9s de un intervalo de meses.<\/p>\n<p>En Gran Breta\u00f1a, las infecciones han disminuido desde un aumento impulsado por omicron en diciembre, pero siguen siendo altas. Inglaterra ahora ha levantado todas las restricciones, incluidos los mandatos de m\u00e1scara y el requisito de que todos los que den positivo se a\u00edslen en casa.<\/p>\n<p>Con alrededor de 250.000 muertes reportadas, se cree que el menor n\u00famero de muertes en el continente africano se debe a la falta de informes, as\u00ed como a una poblaci\u00f3n generalmente m\u00e1s joven y menos m\u00f3vil.<\/p>\n<p>\u201c\u00c1frica es un gran signo de interrogaci\u00f3n para m\u00ed, porque hasta ahora se ha librado relativamente de lo peor, pero podr\u00eda ser simplemente una bomba de tiempo\u201d, dijo Pang, se\u00f1alando sus bajas tasas de vacunaci\u00f3n.<\/p>\n<p>En Sud\u00e1frica, Thoko Dube, residente de Soweto, dijo que recibi\u00f3 la noticia de la muerte de dos familiares el mismo d\u00eda de enero de 2021, un mes antes de que el pa\u00eds recibiera sus primeras vacunas.<\/p>\n<p>Ha sido dif\u00edcil, pero \u201cla familia se las arregla\u201d, dijo. \u201cLo hemos aceptado porque le ha estado pasando a otras familias\u201d.<\/p>\n<p>&nbsp;<\/p>\n<h4><em><strong>\u00bfDeber\u00edamos poner fin a los mandatos de m\u00e1scara en este momento?<\/strong><\/em><\/h4>\n<p>En el podcast de Big Story de hoy, \u00bfprobablemente todo estar\u00e1 bien o estamos pidiendo otra ola? Dado que Alberta ya termin\u00f3 con el uso de m\u00e1scaras y Ontario prometi\u00f3 hacer lo mismo, es probable que gran parte de Canad\u00e1 est\u00e9 libre de restricciones de COVID para abril.<\/p>\n<p>Los casos y las hospitalizaciones tienden a la baja, y gran parte del pa\u00eds tiene al menos dos dosis de vacuna. Pero con una nueva subvariante que ya est\u00e1 aqu\u00ed y que muestra tasas de infecci\u00f3n m\u00e1s altas que Omicron, \u00bfveremos otro pico? Y tambi\u00e9n es importante preguntar, a medida que la pandemia se acerca a su segundo aniversario&#8230; si no es ahora, \u00bfcu\u00e1ndo?<\/p>\n","protected":false},"excerpt":{"rendered":"<p>&#8211; El n\u00famero oficial mundial de muertes por COVID-19 super\u00f3 los seis millones este lunes, lo que subraya que la pandemia, que ahora entra en&hellip;<\/p>\n","protected":false},"author":99,"featured_media":501957,"comment_status":"open","ping_status":"open","sticky":false,"template":"","format":"standard","meta":{"footnotes":""},"categories":[21,11191],"tags":[],"class_list":["post-501956","post","type-post","status-publish","format-standard","has-post-thumbnail","hentry","category-canada","category-top-news"],"_links":{"self":[{"href":"https:\/\/diarioelpopular.com\/index.php\/wp-json\/wp\/v2\/posts\/501956","targetHints":{"allow":["GET"]}}],"collection":[{"href":"https:\/\/diarioelpopular.com\/index.php\/wp-json\/wp\/v2\/posts"}],"about":[{"href":"https:\/\/diarioelpopular.com\/index.php\/wp-json\/wp\/v2\/types\/post"}],"author":[{"embeddable":true,"href":"https:\/\/diarioelpopular.com\/index.php\/wp-json\/wp\/v2\/users\/99"}],"replies":[{"embeddable":true,"href":"https:\/\/diarioelpopular.com\/index.php\/wp-json\/wp\/v2\/comments?post=501956"}],"version-history":[{"count":1,"href":"https:\/\/diarioelpopular.com\/index.php\/wp-json\/wp\/v2\/posts\/501956\/revisions"}],"predecessor-version":[{"id":501958,"href":"https:\/\/diarioelpopular.com\/index.php\/wp-json\/wp\/v2\/posts\/501956\/revisions\/501958"}],"wp:featuredmedia":[{"embeddable":true,"href":"https:\/\/diarioelpopular.com\/index.php\/wp-json\/wp\/v2\/media\/501957"}],"wp:attachment":[{"href":"https:\/\/diarioelpopular.com\/index.php\/wp-json\/wp\/v2\/media?parent=501956"}],"wp:term":[{"taxonomy":"category","embeddable":true,"href":"https:\/\/diarioelpopular.com\/index.php\/wp-json\/wp\/v2\/categories?post=501956"},{"taxonomy":"post_tag","embeddable":true,"href":"https:\/\/diarioelpopular.com\/index.php\/wp-json\/wp\/v2\/tags?post=501956"}],"curies":[{"name":"wp","href":"https:\/\/api.w.org\/{rel}","templated":true}]}}