{"id":501962,"date":"2022-03-07T10:26:55","date_gmt":"2022-03-07T14:26:55","guid":{"rendered":"https:\/\/diarioelpopular.com\/?p=501962"},"modified":"2022-03-07T10:26:55","modified_gmt":"2022-03-07T14:26:55","slug":"chile-garantias-para-los-derechos-de-la-ninez","status":"publish","type":"post","link":"https:\/\/diarioelpopular.com\/index.php\/2022\/03\/07\/chile-garantias-para-los-derechos-de-la-ninez\/","title":{"rendered":"Chile: Garant\u00edas para los derechos de la ni\u00f1ez"},"content":{"rendered":"<div id=\"attachment_501963\" style=\"width: 646px\" class=\"wp-caption alignnone\"><img loading=\"lazy\" decoding=\"async\" aria-describedby=\"caption-attachment-501963\" class=\"size-custom-full-size wp-image-501963\" src=\"https:\/\/diarioelpopular.com\/wp-content\/uploads\/2022\/03\/1.de6c5-636x424.jpg\" alt=\"\" width=\"636\" height=\"424\" srcset=\"https:\/\/diarioelpopular.com\/wp-content\/uploads\/2022\/03\/1.de6c5-636x424.jpg 636w, https:\/\/diarioelpopular.com\/wp-content\/uploads\/2022\/03\/1.de6c5-300x200.jpg 300w, https:\/\/diarioelpopular.com\/wp-content\/uploads\/2022\/03\/1.de6c5-768x512.jpg 768w, https:\/\/diarioelpopular.com\/wp-content\/uploads\/2022\/03\/1.de6c5-110x73.jpg 110w, https:\/\/diarioelpopular.com\/wp-content\/uploads\/2022\/03\/1.de6c5.jpg 800w\" sizes=\"auto, (max-width: 636px) 100vw, 636px\" \/><p id=\"caption-attachment-501963\" class=\"wp-caption-text\"><em>El Gobierno chileno reconoce su deuda con la infancia (foto: ANSA)<\/em><\/p><\/div>\n<h4><em><strong>El presidente Sebasti\u00e1n Pi\u00f1era reconoci\u00f3 deuda de toda la sociedad con la infancia<\/strong><\/em><\/h4>\n<p><em><strong>SANTIAGO DE CHILE, 07 MAR &#8211;<\/strong><\/em> El presidente Sebasti\u00e1n Pi\u00f1era promulg\u00f3 la ley de Garant\u00edas de Derechos de la Ni\u00f1ez, que permite concretar la aplicaci\u00f3n de la Convenci\u00f3n de los Derechos del Ni\u00f1o a nivel de legislaci\u00f3n interna, a 30 a\u00f1os de su ratificaci\u00f3n por el Estado de Chile.<br \/>\nEl mandatario sostuvo que &#8220;Chile tiene, y lo sabemos todos, una deuda moral hist\u00f3rica con nuestros ni\u00f1os y, adem\u00e1s, una situaci\u00f3n institucional muy fr\u00e1gil&#8221;, aludiendo al desaparecido Servicio Nacional de Menores (Sename), donde murieron muchos ni\u00f1os que estaban a cargo del estado.<br \/>\nEl mandatario, que entregar\u00e1 el poder el pr\u00f3ximo viernes, sostuvo que desde 2018 cuando se alcanz\u00f3 el acuerdo por la infancia, el 84% de las medidas ya est\u00e1n plenamente implementadas y en plena operaci\u00f3n.<br \/>\nDesglos\u00f3 que &#8220;avanzamos en sacar adelante 10 leyes que ya est\u00e1n aprobadas y hay 6 m\u00e1s en tramitaci\u00f3n&#8221;, destacando que la m\u00e1s relevante es la que se promulga hoy &#8220;porque constituye una Ley Marco en materia de Garant\u00edas y de Protecci\u00f3n Integral de la Ni\u00f1ez&#8221;.<br \/>\n&#8220;Es la ley madre, es la ley que permite que todas las dem\u00e1s leyes y todas las instituciones del Estado puedan operar en favor de los ni\u00f1os, y as\u00ed vamos a poder saldar una larga deuda que la sociedad tiene con los ni\u00f1os&#8221;, acot\u00f3.<br \/>\nExplic\u00f3 que la nueva ley establece la garant\u00eda de los derechos de ni\u00f1as y ni\u00f1os; un sistema de protecci\u00f3n integral para hacer v\u00e1lida esas garant\u00edas y que los menores puedan ejercer sus derechos con mayor facilidad.<br \/>\nLa nueva normativa crea las Oficinas Locales de la Ni\u00f1ez, de las que 16 ya est\u00e1n funcionando como un piloto y este a\u00f1o se van a extender a 64 oficinas adicionales, llegando as\u00ed a todas las regiones de Chile.<br \/>\nEstas unidades &#8220;marcan presencia en el territorio para proteger mejor a los ni\u00f1os y ni\u00f1as, para fortalecer a las familias, para colaborar con las comunidades, para prevenir la vulneraci\u00f3n de derechos y para evitar que el Estado, muchas veces, siga llegando tarde&#8221;, subray\u00f3 Pi\u00f1era.<br \/>\nEstas oficinas cuentan con un Sistema de Alerta Ni\u00f1ez que va a permitir anticipar, identificar a los ni\u00f1os en situaci\u00f3n de riesgo para poder entregarles en ese momento el apoyo que el ni\u00f1o y su familia necesitan y, &#8220;ojal\u00e1, poder prevenir y no solamente curar las vulneraciones de derechos de los ni\u00f1os&#8221;, recalc\u00f3 el gobernante.<br \/>\nAcot\u00f3 que &#8220;el nuevo modelo se centra en la familia porque yo creo que un ni\u00f1o tiene derecho a vivir en familia y cuando pierde su familia, tenemos que tratar de recuperar la familia que perdi\u00f3, y si no lo logramos poder entregarle la mejor familia porque \u00e9se es el \u00e1mbito natural donde los ni\u00f1os reciben amor, cari\u00f1o, crecimiento y el apoyo que requieren&#8221;.<br \/>\nDentro de las 10 leyes ya aprobadas, Pi\u00f1era mencion\u00f3 el Programa Elige Vivir Sin Drogas; la adecuaci\u00f3n al C\u00f3digo del Trabajo para proteger mejor a los ni\u00f1os y ni\u00f1as que participan en el mundo al trabajo; la creaci\u00f3n del Registro Nacional de Deudores de Pensiones de Alimentos y el perfeccionamos del sistema de pago &#8220;para evitar que la inmensa mayor\u00eda de los padres eludieran sus responsabilidades y todo recayera sobre las madres&#8221;.<br \/>\nAdem\u00e1s, los avances en la desinternaci\u00f3n y la reducci\u00f3n progresiva del n\u00famero de ni\u00f1os y ni\u00f1as que son separados de sus familias, redise\u00f1ando y fortaleciendo los programas ambulatorios y fortaleciendo los programas de familias de acogida.<br \/>\nDetall\u00f3 que el 60% de los ni\u00f1os que han tenido que ser separados de sus familias por una u otra raz\u00f3n, &#8220;siempre la primera instancia es tratar de recuperar la propia familia perdida, se encuentran en familias de acogida y \u00e9se ha sido un gran logro y avance porque la familia es el lugar natural donde debe vivir, crecer y desarrollarse un ni\u00f1o&#8221;.<br \/>\nPi\u00f1era dej\u00f3 en claro que hay materias pendientes a\u00fan, como el Proyecto de Sala Cuna Universal, el Proyecto de Equidad en la Educaci\u00f3n Parvularia, la Ley contra la Explotaci\u00f3n Sexual y Comercial de Ni\u00f1os y Ni\u00f1as, la Ley que crea una Subvenci\u00f3n Escolar de Reingreso al Sistema Escolar para que quien, por alguna raz\u00f3n, abandon\u00f3 el sistema escolar pueda volver.<\/p>\n","protected":false},"excerpt":{"rendered":"<p>El presidente Sebasti\u00e1n Pi\u00f1era reconoci\u00f3 deuda de toda la sociedad con la infancia SANTIAGO DE CHILE, 07 MAR &#8211; El presidente Sebasti\u00e1n Pi\u00f1era promulg\u00f3 la&hellip;<\/p>\n","protected":false},"author":99,"featured_media":501963,"comment_status":"open","ping_status":"open","sticky":false,"template":"","format":"standard","meta":{"footnotes":""},"categories":[23],"tags":[],"class_list":["post-501962","post","type-post","status-publish","format-standard","has-post-thumbnail","hentry","category-latinoamerica"],"_links":{"self":[{"href":"https:\/\/diarioelpopular.com\/index.php\/wp-json\/wp\/v2\/posts\/501962","targetHints":{"allow":["GET"]}}],"collection":[{"href":"https:\/\/diarioelpopular.com\/index.php\/wp-json\/wp\/v2\/posts"}],"about":[{"href":"https:\/\/diarioelpopular.com\/index.php\/wp-json\/wp\/v2\/types\/post"}],"author":[{"embeddable":true,"href":"https:\/\/diarioelpopular.com\/index.php\/wp-json\/wp\/v2\/users\/99"}],"replies":[{"embeddable":true,"href":"https:\/\/diarioelpopular.com\/index.php\/wp-json\/wp\/v2\/comments?post=501962"}],"version-history":[{"count":1,"href":"https:\/\/diarioelpopular.com\/index.php\/wp-json\/wp\/v2\/posts\/501962\/revisions"}],"predecessor-version":[{"id":501964,"href":"https:\/\/diarioelpopular.com\/index.php\/wp-json\/wp\/v2\/posts\/501962\/revisions\/501964"}],"wp:featuredmedia":[{"embeddable":true,"href":"https:\/\/diarioelpopular.com\/index.php\/wp-json\/wp\/v2\/media\/501963"}],"wp:attachment":[{"href":"https:\/\/diarioelpopular.com\/index.php\/wp-json\/wp\/v2\/media?parent=501962"}],"wp:term":[{"taxonomy":"category","embeddable":true,"href":"https:\/\/diarioelpopular.com\/index.php\/wp-json\/wp\/v2\/categories?post=501962"},{"taxonomy":"post_tag","embeddable":true,"href":"https:\/\/diarioelpopular.com\/index.php\/wp-json\/wp\/v2\/tags?post=501962"}],"curies":[{"name":"wp","href":"https:\/\/api.w.org\/{rel}","templated":true}]}}