{"id":502001,"date":"2022-03-10T10:43:21","date_gmt":"2022-03-10T14:43:21","guid":{"rendered":"https:\/\/diarioelpopular.com\/?p=502001"},"modified":"2022-03-10T11:25:04","modified_gmt":"2022-03-10T15:25:04","slug":"children-s-health-coalition-el-enmascaramiento-escolar-deberia-haberse-mantenido-por-mas-tiempo-la-children-s-health-coalition-chc-una-organizacion-que-ofrece-apoyo-a-ninos-y-familias-dice-que","status":"publish","type":"post","link":"https:\/\/diarioelpopular.com\/index.php\/2022\/03\/10\/children-s-health-coalition-el-enmascaramiento-escolar-deberia-haberse-mantenido-por-mas-tiempo-la-children-s-health-coalition-chc-una-organizacion-que-ofrece-apoyo-a-ninos-y-familias-dice-que\/","title":{"rendered":"Children&#8217;s Health Coalition: el enmascaramiento escolar deber\u00eda haberse mantenido por m\u00e1s tiempo"},"content":{"rendered":"<h4><img loading=\"lazy\" decoding=\"async\" class=\"alignnone size-custom-full-size wp-image-502003\" src=\"https:\/\/diarioelpopular.com\/wp-content\/uploads\/2022\/03\/1.-bangladesh-636x358.jpg\" alt=\"\" width=\"636\" height=\"358\" srcset=\"https:\/\/diarioelpopular.com\/wp-content\/uploads\/2022\/03\/1.-bangladesh-636x358.jpg 636w, https:\/\/diarioelpopular.com\/wp-content\/uploads\/2022\/03\/1.-bangladesh-300x169.jpg 300w, https:\/\/diarioelpopular.com\/wp-content\/uploads\/2022\/03\/1.-bangladesh-768x432.jpg 768w, https:\/\/diarioelpopular.com\/wp-content\/uploads\/2022\/03\/1.-bangladesh-130x73.jpg 130w, https:\/\/diarioelpopular.com\/wp-content\/uploads\/2022\/03\/1.-bangladesh.jpg 940w\" sizes=\"auto, (max-width: 636px) 100vw, 636px\" \/><\/h4>\n<h4><em><strong>&#8211; Children&#8217;s Health Coalition (CHC), una organizaci\u00f3n que ofrece apoyo a ni\u00f1os y familias, dice que esperaba que el mandato de uso de m\u00e1scaras de Ontario se mantuviera en vigor semanas despu\u00e9s de las vacaciones de marzo.<\/strong><\/em><\/h4>\n<p>Ontario present\u00f3 sus planes para levantar las medidas de salud p\u00fablica restantes de COVID-19, incluidas las m\u00e1scaras obligatorias y las pol\u00edticas de vacunaci\u00f3n en el lugar de trabajo, para fines de abril. A partir del 21 de marzo, las directivas sobre mascarillas terminar\u00e1n en la mayor\u00eda de los entornos interiores, incluidas las escuelas y las guarder\u00edas.<\/p>\n<p>El CHC agradeci\u00f3 a los estudiantes y al personal educativo por su compromiso con el uso de cubrebocas y su diligencia para cumplir con las medidas de salud p\u00fablica durante la pandemia, pero expres\u00f3 cierta aprensi\u00f3n por la decisi\u00f3n de eliminar las pol\u00edticas de uso de cubrebocas tan r\u00e1pidamente.<\/p>\n<p>\u201cSabemos que el enmascaramiento, la evaluaci\u00f3n diaria, la agrupaci\u00f3n y el distanciamiento han sido dif\u00edciles, pero el cumplimiento de estas medidas ha permitido que las escuelas permanezcan abiertas\u201d, dijo el CHC en un comunicado.<\/p>\n<p>\u201cDado que sabemos que la mayor\u00eda de los casos de COVID-19 identificados en las escuelas se originan fuera de la escuela, hubi\u00e9ramos preferido que las m\u00e1scaras se mantuvieran durante dos semanas despu\u00e9s de las vacaciones de marzo para poder evaluar el impacto de la reapertura m\u00e1s amplia de Ontario. .\u201d<\/p>\n<p>El director m\u00e9dico de salud de Ontario, el Dr. Kieran Moore, dijo el mi\u00e9rcoles que las medidas pand\u00e9micas, como la cohorte y la detecci\u00f3n de s\u00edntomas en el lugar, terminar\u00edan en las escuelas.<\/p>\n<p>Moore dice que los funcionarios a\u00fan deben enviar pruebas r\u00e1pidas y equipo de protecci\u00f3n personal (EPP) a las escuelas y empresas, y los informes de ventilaci\u00f3n y ausencia permanecer\u00e1n en las escuelas.<\/p>\n<p>El CHC lleg\u00f3 incluso a alentar al personal y a los estudiantes a continuar usando mascarillas, ya que sigue siendo \u201cuna capa importante de protecci\u00f3n a medida que contin\u00faa la pandemia\u201d.<\/p>\n<p>\u201cLas m\u00e1scaras tambi\u00e9n protegen a los m\u00e1s vulnerables, incluidos los ni\u00f1os fr\u00e1giles, inmunocomprometidos y de alto riesgo\u201d, se\u00f1al\u00f3 el CHC.<\/p>\n<p>\u201cCon la eliminaci\u00f3n del mandato de uso de m\u00e1scaras en interiores hoy, por ahora, alentamos a todos a continuar usando m\u00e1scaras en las escuelas, si pueden, para reducir el ausentismo y apoyar el aprendizaje en persona sostenido como un enfoque de precauci\u00f3n y por etapas a medida que salimos de la Onda Omicron.<\/p>\n<p>Esto est\u00e1 en l\u00ednea con lo que dijo el CHC el 28 de febrero, cuando los funcionarios emitieron un comunicado que dec\u00eda, en parte, \u201cEl uso de m\u00e1scaras en entornos escolares cerrados protege a los ni\u00f1os y sus familias\u201d. Se\u00f1alaron que muchos ni\u00f1os siguen sin vacunarse, lo cual sigue siendo cierto.<\/p>\n<p>\u201cPor ahora, asegur\u00e9monos de que los ni\u00f1os se mantengan lo m\u00e1s saludables posible en las escuelas manteniendo las m\u00e1scaras puestas\u201d, dijeron. \u201cTan pronto como la evidencia sugiera lo contrario, se pueden considerar alternativas\u201d.<\/p>\n<p><strong><em>ETFO espera que las decisiones tomadas est\u00e9n &#8220;basadas en la ciencia&#8221;<\/em><\/strong><br \/>\nEl presidente de la Federaci\u00f3n de Maestros de Primaria de Ontario (ETFO, por sus siglas en ingl\u00e9s) expres\u00f3 su preocupaci\u00f3n de que el levantamiento de los mandatos de m\u00e1scara en las escuelas tan pronto conducir\u00eda a otra interrupci\u00f3n del aprendizaje en persona y que la medida tiene un impulso pol\u00edtico.<\/p>\n<p>\u201cEn las aulas de primaria en este momento, contin\u00faan hacinadas\u2026 y estamos trabajando con una poblaci\u00f3n de estudiantes donde solo el 55 por ciento de ellos tiene solo una dosis de la vacuna\u201d, dijo Karen Brown en una entrevista con CityNews 680.<\/p>\n<p>\u201cEsperamos que este gobierno est\u00e9 tomando estas decisiones con base en la ciencia y no en la pol\u00edtica o la capacidad de generar votos\u201d.<\/p>\n<p>\u201cNos preocupa mucho que sea una se\u00f1al de este gobierno de que queremos decir \u2018COVID ha terminado\u2019 cuando no es as\u00ed. La realidad es que todav\u00eda estamos lidiando con esta pandemia\u201d, agreg\u00f3 Brown.<\/p>\n<p>Moore reconoci\u00f3 que el enmascaramiento obligatorio se volver\u00eda a aplicar si las tendencias de salud p\u00fablica empeoraran, algo que el CHC aprueba, adem\u00e1s de hacer que las pruebas r\u00e1pidas est\u00e9n \u201campliamente disponibles\u201d.<\/p>\n<p>\u201cEs posible que debamos, y alentar\u00edamos, un regreso al enmascaramiento universal cuando haya un aumento en los casos que pongan en riesgo a los ni\u00f1os y sus familias\u201d, dijo el CHC.<\/p>\n<p>Algunos funcionarios de salud de la provincia expresaron su consternaci\u00f3n por el anuncio del gobierno de eliminar los mandatos de m\u00e1scara, particularmente en las escuelas.<\/p>\n<p>Kali Barrett, m\u00e9dico de cuidados intensivos de University Health Network (UHN), dice que no es el momento para tal movimiento.<\/p>\n<p>\u201cLos ni\u00f1os &lt;5 [son] no vacunados. Cantidad insuficiente de ni\u00f1os de 6 a 12 a\u00f1os vacunados. Variante altamente transmisible. Riesgo distinto de cero para los ni\u00f1os. Riesgos prolongados de COVID desconocidos. Muchos riesgos altos [son] no impulsados. Las m\u00e1scaras funcionan para proteger a las personas y a quienes las rodean. No es el momento\u201d, dijo Barrett.<\/p>\n<p>Para el 27 de abril, ya no se requerir\u00e1n m\u00e1scaras en hogares de cuidado a largo plazo, hogares de retiro, entornos de atenci\u00f3n m\u00e9dica, c\u00e1rceles, refugios, entornos de vida congregados y transporte p\u00fablico.<\/p>\n<p>&nbsp;<\/p>\n<h4><em><strong>Los canadienses est\u00e1n m\u00e1s inclinados a comprar autos el\u00e9ctricos e h\u00edbridos debido al aumento de los precios de la gasolina: encuesta<\/strong><\/em><\/h4>\n<p><img loading=\"lazy\" decoding=\"async\" class=\"alignnone size-custom-full-size wp-image-502002\" src=\"https:\/\/diarioelpopular.com\/wp-content\/uploads\/2022\/03\/1.681-636x423.jpg\" alt=\"\" width=\"636\" height=\"423\" srcset=\"https:\/\/diarioelpopular.com\/wp-content\/uploads\/2022\/03\/1.681-636x423.jpg 636w, https:\/\/diarioelpopular.com\/wp-content\/uploads\/2022\/03\/1.681-300x200.jpg 300w, https:\/\/diarioelpopular.com\/wp-content\/uploads\/2022\/03\/1.681-768x511.jpg 768w, https:\/\/diarioelpopular.com\/wp-content\/uploads\/2022\/03\/1.681-110x73.jpg 110w, https:\/\/diarioelpopular.com\/wp-content\/uploads\/2022\/03\/1.681.jpg 800w\" sizes=\"auto, (max-width: 636px) 100vw, 636px\" \/><\/p>\n<p><em><strong>OTTAWA.-<\/strong> <\/em>Los canadienses parecen mucho m\u00e1s propensos a comprar veh\u00edculos el\u00e9ctricos o h\u00edbridos, pero no necesariamente por el impacto ambiental.<\/p>\n<p>Con los precios de la gasolina aumentando a nivel mundial y afectando la vida de los canadienses, una nueva encuesta cortes\u00eda de Maru Public Opinion encuentra que el 48 por ciento de los encuestados est\u00e1 considerando un veh\u00edculo h\u00edbrido o totalmente el\u00e9ctrico para su pr\u00f3xima compra de cuatro ruedas.<\/p>\n<p>Los resultados se basan en una encuesta que consta de 1.555 encuestados.<\/p>\n<p>La encuesta tambi\u00e9n revela que la mayor\u00eda (56 por ciento) cree que los precios m\u00e1s altos de la gasolina llegaron para quedarse, e incluso podr\u00edan subir m\u00e1s.<\/p>\n<p>\u201cLos canadienses creen que las dos razones principales detr\u00e1s de los recientes aumentos en los precios de las bombas de gasolina son una oferta mundial m\u00e1s estricta debido a los eventos internacionales (27 por ciento) y las compa\u00f1\u00edas de petr\u00f3leo\/gas que simplemente aumentan los costos de las bombas para obtener una mayor toma de ganancias (24%)\u201d. dijo John Wright, vicepresidente ejecutivo de Maru Public Opinion.<\/p>\n<p>Los precios actualmente se ubican en 184,9 centavos por litro en la mayor\u00eda de las estaciones de GTA, y se espera otro aumento para el mi\u00e9rcoles. El costo de la gasolina ya super\u00f3 los $ 2 por litro en la Columbia Brit\u00e1nica, ya que los canadienses contin\u00faan viendo n\u00fameros sorprendentes en la bomba.<\/p>\n<p>El lunes, el premier de Alberta, Jason Kenney, anunci\u00f3 que su gobierno suspender\u00eda la recaudaci\u00f3n del impuesto al combustible de su provincia, por un valor de 13 centavos por litro y en aumento. No est\u00e1 claro si el primer ministro de Ontario, Doug Ford, har\u00e1 lo mismo.<\/p>\n<p>El principal analista de petr\u00f3leo de En-Pro International Inc, Roger McKnight, ha dicho que los precios de la gasolina en el sur de Ontario podr\u00edan alcanzar los 2,20 d\u00f3lares por litro el pr\u00f3ximo mes.<\/p>\n<p>Demogr\u00e1ficamente, la encuesta determin\u00f3 que los autos el\u00e9ctricos e h\u00edbridos son m\u00e1s atractivos para los j\u00f3venes canadienses.<br \/>\nconductores adultos (de 18 a 34 a\u00f1os, 31 por ciento), seguidos de los de mediana edad (de 35 a 54, 12 por ciento) y las personas de 55 a\u00f1os en adelante.<\/p>\n<p>La invasi\u00f3n rusa de Ucrania ha llevado los precios del petr\u00f3leo a niveles no vistos en al menos ocho a\u00f1os, ya que las compa\u00f1\u00edas cisterna evitan el crudo ruso y las sanciones excluyen a algunos bancos de un sistema de pagos global, lo que afecta gravemente sus exportaciones.<\/p>\n<p>El domingo, el gigante energ\u00e9tico Shell defendi\u00f3 su compra de crudo ruso a pesar de la invasi\u00f3n.<\/p>\n<p>Rusia es uno de los mayores productores de energ\u00eda del mundo.<\/p>\n","protected":false},"excerpt":{"rendered":"<p>&#8211; Children&#8217;s Health Coalition (CHC), una organizaci\u00f3n que ofrece apoyo a ni\u00f1os y familias, dice que esperaba que el mandato de uso de m\u00e1scaras de&hellip;<\/p>\n","protected":false},"author":99,"featured_media":502003,"comment_status":"open","ping_status":"open","sticky":false,"template":"","format":"standard","meta":{"footnotes":""},"categories":[21,11191],"tags":[],"class_list":["post-502001","post","type-post","status-publish","format-standard","has-post-thumbnail","hentry","category-canada","category-top-news"],"_links":{"self":[{"href":"https:\/\/diarioelpopular.com\/index.php\/wp-json\/wp\/v2\/posts\/502001","targetHints":{"allow":["GET"]}}],"collection":[{"href":"https:\/\/diarioelpopular.com\/index.php\/wp-json\/wp\/v2\/posts"}],"about":[{"href":"https:\/\/diarioelpopular.com\/index.php\/wp-json\/wp\/v2\/types\/post"}],"author":[{"embeddable":true,"href":"https:\/\/diarioelpopular.com\/index.php\/wp-json\/wp\/v2\/users\/99"}],"replies":[{"embeddable":true,"href":"https:\/\/diarioelpopular.com\/index.php\/wp-json\/wp\/v2\/comments?post=502001"}],"version-history":[{"count":3,"href":"https:\/\/diarioelpopular.com\/index.php\/wp-json\/wp\/v2\/posts\/502001\/revisions"}],"predecessor-version":[{"id":502028,"href":"https:\/\/diarioelpopular.com\/index.php\/wp-json\/wp\/v2\/posts\/502001\/revisions\/502028"}],"wp:featuredmedia":[{"embeddable":true,"href":"https:\/\/diarioelpopular.com\/index.php\/wp-json\/wp\/v2\/media\/502003"}],"wp:attachment":[{"href":"https:\/\/diarioelpopular.com\/index.php\/wp-json\/wp\/v2\/media?parent=502001"}],"wp:term":[{"taxonomy":"category","embeddable":true,"href":"https:\/\/diarioelpopular.com\/index.php\/wp-json\/wp\/v2\/categories?post=502001"},{"taxonomy":"post_tag","embeddable":true,"href":"https:\/\/diarioelpopular.com\/index.php\/wp-json\/wp\/v2\/tags?post=502001"}],"curies":[{"name":"wp","href":"https:\/\/api.w.org\/{rel}","templated":true}]}}