{"id":502040,"date":"2022-03-11T11:54:21","date_gmt":"2022-03-11T15:54:21","guid":{"rendered":"https:\/\/diarioelpopular.com\/?p=502040"},"modified":"2022-03-11T11:54:21","modified_gmt":"2022-03-11T15:54:21","slug":"colombia-primarias-antesala-de-las-presidenciales","status":"publish","type":"post","link":"https:\/\/diarioelpopular.com\/index.php\/2022\/03\/11\/colombia-primarias-antesala-de-las-presidenciales\/","title":{"rendered":"Colombia: Primarias, antesala de las presidenciales"},"content":{"rendered":"<div id=\"attachment_502041\" style=\"width: 646px\" class=\"wp-caption alignnone\"><img loading=\"lazy\" decoding=\"async\" aria-describedby=\"caption-attachment-502041\" class=\"size-custom-full-size wp-image-502041\" src=\"https:\/\/diarioelpopular.com\/wp-content\/uploads\/2022\/03\/1.087d2-636x424.jpg\" alt=\"\" width=\"636\" height=\"424\" srcset=\"https:\/\/diarioelpopular.com\/wp-content\/uploads\/2022\/03\/1.087d2-636x424.jpg 636w, https:\/\/diarioelpopular.com\/wp-content\/uploads\/2022\/03\/1.087d2-300x200.jpg 300w, https:\/\/diarioelpopular.com\/wp-content\/uploads\/2022\/03\/1.087d2-768x512.jpg 768w, https:\/\/diarioelpopular.com\/wp-content\/uploads\/2022\/03\/1.087d2-110x73.jpg 110w, https:\/\/diarioelpopular.com\/wp-content\/uploads\/2022\/03\/1.087d2.jpg 800w\" sizes=\"auto, (max-width: 636px) 100vw, 636px\" \/><p id=\"caption-attachment-502041\" class=\"wp-caption-text\"><em>El candidato izquierdista ex guerrillero y ex terrorista Gustavo Petro en un acto de campa\u00f1a. Tiempos electorales para Colombia<\/em><\/p><\/div>\n<h4><em><strong>&#8211; Tres coaliciones, centro, izquierda y derecha, en la disputa<\/strong><\/em><\/h4>\n<p><em><strong>BOGOTA 11 MAR &#8211;<\/strong> <\/em>Este pr\u00f3ximo domingo cuando los colombianos vayan a las urnas a elegir un nuevo Congreso, tendr\u00e1n tambi\u00e9n la opci\u00f3n de votar por las primarias de las coaliciones armadas por los partidos de centro, derecha e izquierda, lo que se antoja desde ya como la antesala de lo que ser\u00e1 la elecci\u00f3n presidencial del 29 de mayo.<br \/>\nLas primarias no hacen parte de una tradicional de la pol\u00edtica colombiana. Hasta los comicios del 2018 se trataba de votaciones marginales en la que alg\u00fan partido buscaba escoger a su candidato entre varios, nada parecido a lo que se han convertido y la dimensi\u00f3n que ha adquirido este a\u00f1o.<br \/>\nAprovechando las legislativas, los partidos pol\u00edticos decidieron alinearse y apostar por unas primarias para medirse en las urnas desde antes de las elecci\u00f3n presidencial, de manera que al final se conformaron tres coaliciones.<br \/>\nCentro Esperanza, integrada por cinco candidatos de partidos de centro; Pacto Hist\u00f3rico, tambi\u00e9n conformada por cinco candidatos de movimientos de izquierda y alternativos; y Equipo por Colombia, con igual n\u00famero de aspirantes que representan a las fuerzas de derecha y tradicionales.<br \/>\nEl ganador de cada consulta ser\u00e1 el aspirante de la l\u00ednea pol\u00edtica que representa e ir\u00e1 a las presidenciales de mayo junto a candidatos independientes como Ingrid Betancourt, que renunci\u00f3 al Centro Esperanza, y Rodolfo Hern\u00e1ndez, un exalcalde local que se presenta como una suerte de &#8220;outsider&#8221;.<br \/>\n&#8220;Las primarias son algo relativamente nuevo; hubo consultas en las elecciones anteriores, pero se pusieron de moda porque son un c\u00e1lculo pol\u00edtico, porque la consulta permite arrancar un campa\u00f1a presidencial m\u00e1s temprano y hacerse visible dentro del panorama pol\u00edtico y medi\u00e1tico&#8221;, explic\u00f3 Eugenie Richard, docente de la facultad de Finanzas, Gobierno y Relaciones Internacionales de la Universidad Externado de Colombia.<br \/>\nEl efecto presidencial es evidente en las primarias, lo que no est\u00e1 claro es el poder de convocatoria que pueden tener para que sus votantes tambi\u00e9n se alineen con sus partidos de cara a la elecci\u00f3n de Senado y C\u00e1mara de Representantes (Diputados), es decir, que una votaci\u00f3n elocuente por un candidato en las primarias no necesariamente repercutir\u00e1 en las legislativas.<br \/>\n&#8220;La l\u00f3gica para votar las primarias y las legislativas no es la misma&#8221;, advirti\u00f3 la profesora Richard, al precisar que &#8220;en las primarias la gente vota por un candidato o candidata que le gusta y lo quiere de presidente; mientras que las legislativas tienen una l\u00f3gica mucho m\u00e1s territorial&#8221;.<br \/>\nMientras en las primarias se vota por tres bloques de partidos, en las legislativas son los distintos movimientos pol\u00edticos los que salen por los votos en cada regi\u00f3n y all\u00ed pesa desde la cercan\u00eda territorial o de intereses, hasta ciertos vicios como la compra de votos o el constre\u00f1imiento electoral, como se ha evidenciado en elecciones pasadas.<br \/>\nEn la misma l\u00ednea de an\u00e1lisis de la profesora Richard se situ\u00f3 Fernando Giraldo, docente de Ciencias Pol\u00edticas de la Universidad del Norte de Barranquilla, quien a\u00f1adi\u00f3 que de las tres coaliciones en disputa, tanto la derecha como la izquierda tienen asegurada la &#8220;fidelidad&#8221; de sus precandidatos entorno del que resulte ganador, no as\u00ed con el grupo de centro al que calific\u00f3 de &#8220;colcha de retazos&#8221;.<br \/>\nPara Giraldo, una eventual votaci\u00f3n masiva por la coalici\u00f3n de izquierda en favor del senador Gustavo Petro, el favorito y puntero en las encuestas, tendr\u00e1 como respuesta desde la derecha la de ahondar en la narrativa del &#8220;miedo&#8221;, mediante mensajes de un &#8220;futuro apocal\u00edptico&#8221; del tipo Venezuela.<br \/>\n&#8220;En el mundo, no solo en Colombia, las campa\u00f1as se agitan con el medio&#8221;, pero &#8220;el miedo tambi\u00e9n se puede avivar hac\u00eda la derecha&#8221;, que ha ostentado el poder y que llega a la elecci\u00f3n presidencial con un gobierno desgastado y con la popularidad mas baja hist\u00f3ricamente, seg\u00fan las encuestas, conjetur\u00f3 Giraldo.<br \/>\nEl acad\u00e9mico record\u00f3 que &#8220;lo m\u00e1ximo que ha logrado la izquierda en t\u00e9rminos de poder ha sido Bogot\u00e1, que es importante, pero jam\u00e1s ha tenido el poder nacional&#8221;, de manera que las primarias podr\u00edan ser un aviso de eventuales cambios de aires en la pol\u00edtica local, en un contexto regional cuyo p\u00e9ndulo parece moverse en estos momentos hacia la izquierda y el progresismo.<\/p>\n","protected":false},"excerpt":{"rendered":"<p>&#8211; Tres coaliciones, centro, izquierda y derecha, en la disputa BOGOTA 11 MAR &#8211; Este pr\u00f3ximo domingo cuando los colombianos vayan a las urnas a&hellip;<\/p>\n","protected":false},"author":99,"featured_media":502041,"comment_status":"open","ping_status":"open","sticky":false,"template":"","format":"standard","meta":{"footnotes":""},"categories":[23],"tags":[],"class_list":["post-502040","post","type-post","status-publish","format-standard","has-post-thumbnail","hentry","category-latinoamerica"],"_links":{"self":[{"href":"https:\/\/diarioelpopular.com\/index.php\/wp-json\/wp\/v2\/posts\/502040","targetHints":{"allow":["GET"]}}],"collection":[{"href":"https:\/\/diarioelpopular.com\/index.php\/wp-json\/wp\/v2\/posts"}],"about":[{"href":"https:\/\/diarioelpopular.com\/index.php\/wp-json\/wp\/v2\/types\/post"}],"author":[{"embeddable":true,"href":"https:\/\/diarioelpopular.com\/index.php\/wp-json\/wp\/v2\/users\/99"}],"replies":[{"embeddable":true,"href":"https:\/\/diarioelpopular.com\/index.php\/wp-json\/wp\/v2\/comments?post=502040"}],"version-history":[{"count":1,"href":"https:\/\/diarioelpopular.com\/index.php\/wp-json\/wp\/v2\/posts\/502040\/revisions"}],"predecessor-version":[{"id":502042,"href":"https:\/\/diarioelpopular.com\/index.php\/wp-json\/wp\/v2\/posts\/502040\/revisions\/502042"}],"wp:featuredmedia":[{"embeddable":true,"href":"https:\/\/diarioelpopular.com\/index.php\/wp-json\/wp\/v2\/media\/502041"}],"wp:attachment":[{"href":"https:\/\/diarioelpopular.com\/index.php\/wp-json\/wp\/v2\/media?parent=502040"}],"wp:term":[{"taxonomy":"category","embeddable":true,"href":"https:\/\/diarioelpopular.com\/index.php\/wp-json\/wp\/v2\/categories?post=502040"},{"taxonomy":"post_tag","embeddable":true,"href":"https:\/\/diarioelpopular.com\/index.php\/wp-json\/wp\/v2\/tags?post=502040"}],"curies":[{"name":"wp","href":"https:\/\/api.w.org\/{rel}","templated":true}]}}