{"id":502043,"date":"2022-03-11T11:57:24","date_gmt":"2022-03-11T15:57:24","guid":{"rendered":"https:\/\/diarioelpopular.com\/?p=502043"},"modified":"2022-03-11T11:57:24","modified_gmt":"2022-03-11T15:57:24","slug":"bataholas-en-argentina-por-el-fmi","status":"publish","type":"post","link":"https:\/\/diarioelpopular.com\/index.php\/2022\/03\/11\/bataholas-en-argentina-por-el-fmi\/","title":{"rendered":"Bataholas en Argentina por el FMI"},"content":{"rendered":"<div id=\"attachment_502044\" style=\"width: 646px\" class=\"wp-caption alignnone\"><img loading=\"lazy\" decoding=\"async\" aria-describedby=\"caption-attachment-502044\" class=\"size-custom-full-size wp-image-502044\" src=\"https:\/\/diarioelpopular.com\/wp-content\/uploads\/2022\/03\/1.ccd41-636x424.jpg\" alt=\"\" width=\"636\" height=\"424\" srcset=\"https:\/\/diarioelpopular.com\/wp-content\/uploads\/2022\/03\/1.ccd41-636x424.jpg 636w, https:\/\/diarioelpopular.com\/wp-content\/uploads\/2022\/03\/1.ccd41-300x200.jpg 300w, https:\/\/diarioelpopular.com\/wp-content\/uploads\/2022\/03\/1.ccd41-768x512.jpg 768w, https:\/\/diarioelpopular.com\/wp-content\/uploads\/2022\/03\/1.ccd41-110x73.jpg 110w, https:\/\/diarioelpopular.com\/wp-content\/uploads\/2022\/03\/1.ccd41.jpg 800w\" sizes=\"auto, (max-width: 636px) 100vw, 636px\" \/><p id=\"caption-attachment-502044\" class=\"wp-caption-text\"><em>Violencia en Buenos Aires, manifestaciones contra el acuerdo con el FMI (foto: ANSA)<\/em><\/p><\/div>\n<h4><em><strong>&#8211; Batahola y ataque con bombas incendiarias afuera del parlamento<\/strong><\/em><\/h4>\n<p><em><strong>BUENOS AIRES 11 MAR &#8211;<\/strong><\/em> Violentas protestas contra el FMI se registran en Buenos Aires, con grupos que atacaron el frente del Congreso argentino y arrojaron una bomba molotov a polic\u00edas, seg\u00fan reportes de la prensa y televisoras locales.<br \/>\nAlgunos encapuchados agredieron con piedras el frente del Congreso Nacional y prendieron fuego neum\u00e1ticos en las calles aleda\u00f1as.<br \/>\nLuego se enfrentaron con efectivos policiales de la Ciudad de Buenos Aires y hubo varios heridos y detenidos.<br \/>\nOcurri\u00f3 en medio de una protesta de grupos de izquierda contra el acuerdo con el Fondo Monetario Internacional por una deuda r\u00e9cord de casi 45 mil millones de d\u00f3lares, que se debate hoy en la C\u00e1mara de Diputados.<\/p>\n","protected":false},"excerpt":{"rendered":"<p>&#8211; Batahola y ataque con bombas incendiarias afuera del parlamento BUENOS AIRES 11 MAR &#8211; Violentas protestas contra el FMI se registran en Buenos Aires,&hellip;<\/p>\n","protected":false},"author":99,"featured_media":502044,"comment_status":"open","ping_status":"open","sticky":false,"template":"","format":"standard","meta":{"footnotes":""},"categories":[23],"tags":[],"class_list":["post-502043","post","type-post","status-publish","format-standard","has-post-thumbnail","hentry","category-latinoamerica"],"_links":{"self":[{"href":"https:\/\/diarioelpopular.com\/index.php\/wp-json\/wp\/v2\/posts\/502043","targetHints":{"allow":["GET"]}}],"collection":[{"href":"https:\/\/diarioelpopular.com\/index.php\/wp-json\/wp\/v2\/posts"}],"about":[{"href":"https:\/\/diarioelpopular.com\/index.php\/wp-json\/wp\/v2\/types\/post"}],"author":[{"embeddable":true,"href":"https:\/\/diarioelpopular.com\/index.php\/wp-json\/wp\/v2\/users\/99"}],"replies":[{"embeddable":true,"href":"https:\/\/diarioelpopular.com\/index.php\/wp-json\/wp\/v2\/comments?post=502043"}],"version-history":[{"count":1,"href":"https:\/\/diarioelpopular.com\/index.php\/wp-json\/wp\/v2\/posts\/502043\/revisions"}],"predecessor-version":[{"id":502045,"href":"https:\/\/diarioelpopular.com\/index.php\/wp-json\/wp\/v2\/posts\/502043\/revisions\/502045"}],"wp:featuredmedia":[{"embeddable":true,"href":"https:\/\/diarioelpopular.com\/index.php\/wp-json\/wp\/v2\/media\/502044"}],"wp:attachment":[{"href":"https:\/\/diarioelpopular.com\/index.php\/wp-json\/wp\/v2\/media?parent=502043"}],"wp:term":[{"taxonomy":"category","embeddable":true,"href":"https:\/\/diarioelpopular.com\/index.php\/wp-json\/wp\/v2\/categories?post=502043"},{"taxonomy":"post_tag","embeddable":true,"href":"https:\/\/diarioelpopular.com\/index.php\/wp-json\/wp\/v2\/tags?post=502043"}],"curies":[{"name":"wp","href":"https:\/\/api.w.org\/{rel}","templated":true}]}}