{"id":502046,"date":"2022-03-11T12:00:45","date_gmt":"2022-03-11T16:00:45","guid":{"rendered":"https:\/\/diarioelpopular.com\/?p=502046"},"modified":"2022-03-11T12:00:45","modified_gmt":"2022-03-11T16:00:45","slug":"chile-boric-de-las-calles-a-la-moneda","status":"publish","type":"post","link":"https:\/\/diarioelpopular.com\/index.php\/2022\/03\/11\/chile-boric-de-las-calles-a-la-moneda\/","title":{"rendered":"Chile: Boric, de las calles a La Moneda"},"content":{"rendered":"<div id=\"attachment_502047\" style=\"width: 646px\" class=\"wp-caption alignnone\"><img loading=\"lazy\" decoding=\"async\" aria-describedby=\"caption-attachment-502047\" class=\"size-custom-full-size wp-image-502047\" src=\"https:\/\/diarioelpopular.com\/wp-content\/uploads\/2022\/03\/1.4d3-636x424.jpg\" alt=\"\" width=\"636\" height=\"424\" srcset=\"https:\/\/diarioelpopular.com\/wp-content\/uploads\/2022\/03\/1.4d3-636x424.jpg 636w, https:\/\/diarioelpopular.com\/wp-content\/uploads\/2022\/03\/1.4d3-300x200.jpg 300w, https:\/\/diarioelpopular.com\/wp-content\/uploads\/2022\/03\/1.4d3-768x512.jpg 768w, https:\/\/diarioelpopular.com\/wp-content\/uploads\/2022\/03\/1.4d3-110x73.jpg 110w, https:\/\/diarioelpopular.com\/wp-content\/uploads\/2022\/03\/1.4d3.jpg 800w\" sizes=\"auto, (max-width: 636px) 100vw, 636px\" \/><p id=\"caption-attachment-502047\" class=\"wp-caption-text\"><em>Presidente electo de Chile,Gabriel Boric (foto: ANSA)<\/em><\/p><\/div>\n<h4><em><strong>&#8211; Mete\u00f3rica carrera exl\u00edder estudianti, en 10 a\u00f1os alcanz\u00f3 cima<\/strong><\/em><\/h4>\n<p><em><strong>SANTIAGO DE CHILE, 11 MAR &#8211;<\/strong><\/em> Gabriel Boric (36), militante del peque\u00f1o partido Convergencia Social y parte del Frente Amplio, llegar\u00e1 ma\u00f1ana a La Moneda como el presidente m\u00e1s joven de la historia de Chile.<br \/>\nEn poco m\u00e1s de 10 a\u00f1os pas\u00f3 de dirigir las calles para luego tener dos periodos en el Parlamento y ahora conducir\u00e1 los destinos de Chile y de sus m\u00e1s de 18 millones de habitantes.<br \/>\nEgresado de Derecho de la Universidad de Chile, en 2009 su nombre se hizo conocido al protagonizar una larga ocupaci\u00f3n de su Facultad para exigir cambios, en lo que fue el anticipo de las masivas e hist\u00f3ricas movilizaciones estudiantiles por una educaci\u00f3n de calidad, p\u00fablica y gratuita. En ellas, conoci\u00f3 a su estrecho entorno que hoy lo acompa\u00f1a en La Moneda, Giorgio Jackson, a quien design\u00f3 en el ministerio secretaria general de la Presidencia, y Camila Vallejo, quien ser\u00e1 la portavoz de su gobierno.<br \/>\nLos tres se impusieron ampliamente en los comicios parlamentarios de 2013 siendo reelectos por mayor\u00eda en 2017, donde ma\u00f1ana dejar\u00e1n sus cargos.<br \/>\nAnalistas coinciden en se\u00f1alar a Boric como un &#8220;animal pol\u00edtico&#8221; de gran &#8220;olfato&#8221; capaz de saber leer e interpretar a la sociedad y las coyunturas. Lo demostr\u00f3, el 15 de noviembre de 2019, cuando sin el apoyo de su partido, particip\u00f3 en el acuerdo pol\u00edtico entre la oposici\u00f3n y el oficialismo que le dio una salida institucional a la gran revuelta popular del 18 de octubre de 2019 que tuvo en jaque al gobierno de Sebasti\u00e1n Pi\u00f1era.<br \/>\nSoport\u00f3 con argumentos las cr\u00edticas de sus partidarios y aguant\u00f3 estoicamente las pifias, insultos y agresiones de que fue objeto por parte de los sectores m\u00e1s radicalizados del movimiento 18-O que se reun\u00eda en la Plaza de la Dignidad (exPlaza Italia).<br \/>\nEn su natal Magallanes (la regi\u00f3n m\u00e1s austral de Chile), este nieto de migrantes croatas curti\u00f3 no s\u00f3lo su piel sino tambi\u00e9n su car\u00e1cter. En las primarias de la izquierda, en julio del a\u00f1o pasado, se impuso al favorito de las encuestas, el alcalde comunista Daniel Jadue. De cara a la primera vuelta, nuevamente soport\u00f3 todos los ataques de sus contrincantes, desde la centroizquierda a la derecha. Qued\u00f3 segundo en las elecciones del 21 de noviembre pasado frente al ganador, el ultraderechista Jos\u00e9 Antonio Kast, lo que era un mal augurio porque el precedente era que se impon\u00eda el ganador en el balotaje.<br \/>\nSe dice que aqu\u00ed Boric mostr\u00f3 su mayor habilidad al salir a buscar los votos de la tan criticada por su propio sector, la ex Concertaci\u00f3n de Partidos Por la Democracia. Pero el joven diputado no s\u00f3lo consigui\u00f3 esos votos, sino que atrajo un mill\u00f3n de votantes nuevos que lo convirtieron en el candidato m\u00e1s votado de la historia y con una aplastante diferencia de sufragios.<br \/>\nLa noche del triunfo conmovi\u00f3 a la ciudadan\u00eda que se volc\u00f3 a las calles para celebrar y saludarlo, y ante quienes asegur\u00f3 que el 1 de marzo asumir\u00e1 como &#8220;el Presidente de todos los chilenos&#8221;.<br \/>\nPara el Premio Nacional de Humanidades, el soci\u00f3logo Manuel Antonio Garret\u00f3n, &#8220;es admirable el comit\u00e9 pol\u00edtico&#8221; del futuro presidente, en alusi\u00f3n a la Izkia Siches, ministra del Interior; Vallejo, portavoz y Jackson, Presidencia, todos pertenecientes a la misma generaci\u00f3n 2011-2012.<br \/>\nAhora qu\u00e9 hace que Boric fuera el que haya saltado a la Primera Magistratura, Garret\u00f3n explic\u00f3 en el programa televisivo Mentiras Verdaderas que &#8220;quien mejor entiende que hay que recuperar la historia es \u00e9l&#8221;.<br \/>\nA\u00fan, dijo, a &#8220;la tensi\u00f3n y lucha contra su misma generaci\u00f3n para definir la salida institucional&#8221; del 18 de octubre de 2019 &#8220;y eso es lo que hace que sea el l\u00edder natural&#8221;.<\/p>\n","protected":false},"excerpt":{"rendered":"<p>&#8211; Mete\u00f3rica carrera exl\u00edder estudianti, en 10 a\u00f1os alcanz\u00f3 cima SANTIAGO DE CHILE, 11 MAR &#8211; Gabriel Boric (36), militante del peque\u00f1o partido Convergencia Social&hellip;<\/p>\n","protected":false},"author":99,"featured_media":502047,"comment_status":"open","ping_status":"open","sticky":false,"template":"","format":"standard","meta":{"footnotes":""},"categories":[23],"tags":[],"class_list":["post-502046","post","type-post","status-publish","format-standard","has-post-thumbnail","hentry","category-latinoamerica"],"_links":{"self":[{"href":"https:\/\/diarioelpopular.com\/index.php\/wp-json\/wp\/v2\/posts\/502046","targetHints":{"allow":["GET"]}}],"collection":[{"href":"https:\/\/diarioelpopular.com\/index.php\/wp-json\/wp\/v2\/posts"}],"about":[{"href":"https:\/\/diarioelpopular.com\/index.php\/wp-json\/wp\/v2\/types\/post"}],"author":[{"embeddable":true,"href":"https:\/\/diarioelpopular.com\/index.php\/wp-json\/wp\/v2\/users\/99"}],"replies":[{"embeddable":true,"href":"https:\/\/diarioelpopular.com\/index.php\/wp-json\/wp\/v2\/comments?post=502046"}],"version-history":[{"count":1,"href":"https:\/\/diarioelpopular.com\/index.php\/wp-json\/wp\/v2\/posts\/502046\/revisions"}],"predecessor-version":[{"id":502048,"href":"https:\/\/diarioelpopular.com\/index.php\/wp-json\/wp\/v2\/posts\/502046\/revisions\/502048"}],"wp:featuredmedia":[{"embeddable":true,"href":"https:\/\/diarioelpopular.com\/index.php\/wp-json\/wp\/v2\/media\/502047"}],"wp:attachment":[{"href":"https:\/\/diarioelpopular.com\/index.php\/wp-json\/wp\/v2\/media?parent=502046"}],"wp:term":[{"taxonomy":"category","embeddable":true,"href":"https:\/\/diarioelpopular.com\/index.php\/wp-json\/wp\/v2\/categories?post=502046"},{"taxonomy":"post_tag","embeddable":true,"href":"https:\/\/diarioelpopular.com\/index.php\/wp-json\/wp\/v2\/tags?post=502046"}],"curies":[{"name":"wp","href":"https:\/\/api.w.org\/{rel}","templated":true}]}}