{"id":502059,"date":"2022-03-12T12:20:30","date_gmt":"2022-03-12T16:20:30","guid":{"rendered":"https:\/\/diarioelpopular.com\/?p=502059"},"modified":"2022-03-12T12:20:30","modified_gmt":"2022-03-12T16:20:30","slug":"jean-charest-dice-que-puede-ganar-pero-es-eso-lo-que-los-conservadores-quieren-escuchar","status":"publish","type":"post","link":"https:\/\/diarioelpopular.com\/index.php\/2022\/03\/12\/jean-charest-dice-que-puede-ganar-pero-es-eso-lo-que-los-conservadores-quieren-escuchar\/","title":{"rendered":"Jean Charest dice que puede ganar. Pero, \u00bfes eso lo que los conservadores quieren escuchar?"},"content":{"rendered":"<p><img loading=\"lazy\" decoding=\"async\" class=\"alignnone size-custom-full-size wp-image-502061\" src=\"https:\/\/diarioelpopular.com\/wp-content\/uploads\/2022\/03\/1.12s223-636x358.jpg\" alt=\"\" width=\"636\" height=\"358\" srcset=\"https:\/\/diarioelpopular.com\/wp-content\/uploads\/2022\/03\/1.12s223-636x358.jpg 636w, https:\/\/diarioelpopular.com\/wp-content\/uploads\/2022\/03\/1.12s223-300x169.jpg 300w, https:\/\/diarioelpopular.com\/wp-content\/uploads\/2022\/03\/1.12s223-768x432.jpg 768w, https:\/\/diarioelpopular.com\/wp-content\/uploads\/2022\/03\/1.12s223-130x73.jpg 130w, https:\/\/diarioelpopular.com\/wp-content\/uploads\/2022\/03\/1.12s223.jpg 800w\" sizes=\"auto, (max-width: 636px) 100vw, 636px\" \/><\/p>\n<h4><em><strong>&#8211; Jean Charest est\u00e1 construyendo su candidatura al liderazgo conservador en torno a la promesa de que sabe c\u00f3mo llevar al partido de vuelta al poder.<\/strong><\/em><\/h4>\n<p>Pero despu\u00e9s de que los parlamentarios conservadores defenestraron al \u00faltimo l\u00edder por hacer la misma promesa y no cumplir, no est\u00e1 claro que ese sea el mensaje que el partido quiere escuchar en este momento.<\/p>\n<p>Hablando en una cervecer\u00eda de Calgary este jueves por la noche, Charest hizo de su historial, al menos las partes en las que gan\u00f3, una parte central del discurso.<\/p>\n<p>\u201cQuiero unir al partido. Y una vez que podamos sentarnos y analizar lo que queremos hacer por el pa\u00eds, tendremos un per\u00edodo de tiempo muy corto, alrededor de dos a\u00f1os, para prepararnos para una campa\u00f1a electoral general\u201d, dijo Charest a la multitud.<\/p>\n<p>\u201cY te garantizo, si hay algo que s\u00e9 y he aprendido en pol\u00edtica: s\u00e9 c\u00f3mo ganar\u201d.<\/p>\n<p>Los oponentes de Charest, principalmente el parlamentario de Ottawa Pierre Poilievre, el presunto favorito de la carrera, quieren usar su r\u00e9cord en su contra. Charest intentar\u00e1 utilizarlo, aunque de forma selectiva, como activo.<\/p>\n<p>Lo que la estrategia corre el riesgo de pasar por alto es que Erin O&#8217;Toole hizo un lanzamiento similar al caucus conservador, y termin\u00f3 cost\u00e1ndole el liderazgo.<\/p>\n<p>Si bien O&#8217;Toole hizo campa\u00f1a durante el liderazgo como un conservador &#8220;True Blue&#8221; acanalado, dio un giro completo de 180 despu\u00e9s de asegurarse el puesto m\u00e1s alto, haciendo campa\u00f1a como un centrista moderado que respalda el precio del carbono. Las fuentes del caucus se quejaron de que la gente de O&#8217;Toole insist\u00eda en que la estrategia funcionar\u00eda en las pr\u00f3ximas elecciones generales, que se celebrar\u00edan en septiembre de 2021.<\/p>\n<p>No fue as\u00ed: los conservadores obtuvieron el 33,7 por ciento del voto popular. Eso es menos de lo que Andrew Scheer pudo capturar en 2019 (34,3 %) y apenas un poco mejor que la derrota de Stephen Harper en las elecciones de cambio de 2015 (31,9 %).<\/p>\n<p>Cuando lleg\u00f3 la reacci\u00f3n violenta por O&#8217;Toole, provino predominantemente del ala a\u00fan m\u00e1s derechista del partido, de parlamentarios occidentales que sintieron que O&#8217;Toole cambi\u00f3 los principios por el poder y termin\u00f3 sin ninguno.<\/p>\n<p>Ahora Charest promete poder, mientras que Poilievre lo ataca por principios: su adopci\u00f3n de la fijaci\u00f3n del precio del carbono, los impuestos, su defensa del registro de armas largas, el hecho de que durante bastante tiempo dirigi\u00f3 un partido llamado &#8220;los liberales de Quebec&#8221;.<\/p>\n<p>\u201cLa elegibilidad es una fortaleza que Jean Charest deber\u00eda probar y proyectar en esta carrera, porque definitivamente es una de sus fortalezas percibidas. Pero el hecho es que la membres\u00eda actual del Partido Conservador de Canad\u00e1 est\u00e1 muy dedicada a las pol\u00edticas, los principios y el argumento de ganar por ganar nunca ser\u00e1 un argumento de venta convincente para ellos\u201d, dijo Michael Diamond, un estratega conservador que trabaj\u00f3 en el liderazgo de Peter MacKay en 2020, pero se mantiene neutral en esta carrera.<\/p>\n<p>Diamond dijo que el discurso de liderazgo de O&#8217;Toole reconoci\u00f3 que no es suficiente ganar, el partido ten\u00eda que ganar con principios conservadores. Fue solo despu\u00e9s de que perdi\u00f3, dijo Diamond, que O&#8217;Toole gir\u00f3 hacia la elegibilidad por s\u00ed misma.<\/p>\n<p>La carrera est\u00e1 en sus inicios y Charest acaba de anunciar oficialmente su candidatura el jueves. Hay tiempo para que el ex primer ministro de Quebec presente esos principios y pol\u00edticas, m\u00e1s all\u00e1 de su declarado deseo de &#8220;unidad&#8221; y &#8220;conservadurismo fiscal&#8221;, que podr\u00edan reducir la brecha entre su posici\u00f3n y la postura de Poilievre.<\/p>\n<p>En una entrevista con Global News el jueves, Charest dijo que otro de sus objetivos era traer nuevos miembros al redil. Es probable que esa sea una parte crucial de su oferta: vender suficientes membres\u00edas, incluso entre los conservadores progresistas en desuso en el centro y el este de Canad\u00e1, para contrarrestar la ventaja percibida de Poilievre en el oeste.<\/p>\n<p>Esos conservadores nuevos y retirados podr\u00edan estar m\u00e1s interesados \u200b\u200ben un candidato que pueda darle al partido una ventaja en las elecciones generales.<\/p>\n<p>Pero a menos que haya muchos miles de esos posibles miembros inactivos en todo el pa\u00eds, Charest a\u00fan tendr\u00e1 que ganarse a los votantes en el coraz\u00f3n conservador, donde han escuchado promesas sobre ganar el poder antes, y no hace mucho tiempo.<\/p>\n<p>&nbsp;<\/p>\n<p><strong><em>El horario de verano comenzar\u00e1 este domingo para la mayor\u00eda de los canadienses<\/em><\/strong><\/p>\n<p><img loading=\"lazy\" decoding=\"async\" class=\"alignnone size-custom-full-size wp-image-502060\" src=\"https:\/\/diarioelpopular.com\/wp-content\/uploads\/2022\/03\/1.me-ab-636x409.jpg\" alt=\"\" width=\"636\" height=\"409\" srcset=\"https:\/\/diarioelpopular.com\/wp-content\/uploads\/2022\/03\/1.me-ab-636x409.jpg 636w, https:\/\/diarioelpopular.com\/wp-content\/uploads\/2022\/03\/1.me-ab-300x193.jpg 300w, https:\/\/diarioelpopular.com\/wp-content\/uploads\/2022\/03\/1.me-ab-768x493.jpg 768w, https:\/\/diarioelpopular.com\/wp-content\/uploads\/2022\/03\/1.me-ab-85x55.jpg 85w, https:\/\/diarioelpopular.com\/wp-content\/uploads\/2022\/03\/1.me-ab-114x73.jpg 114w, https:\/\/diarioelpopular.com\/wp-content\/uploads\/2022\/03\/1.me-ab.jpg 800w\" sizes=\"auto, (max-width: 636px) 100vw, 636px\" \/><br \/>\nLa mayor\u00eda de los canadienses adelantar\u00e1n sus relojes una hora antes de acostarse el s\u00e1bado por la noche para el horario de verano.<\/p>\n<p>Yukon y la mayor parte de Saskatchewan observan el horario de verano permanente y los primeros ministros de Ontario, B.C. y Quebec han dicho que est\u00e1n dispuestos a deshacerse del cambio de hora.<\/p>\n<p>B.C. El premier John Horgan aprob\u00f3 una ley hace tres a\u00f1os para permitir que la provincia permanezca permanentemente en horario diurno.<\/p>\n<p>Pero Horgan dijo el viernes que B.C. no eliminar\u00e1 el cambio de hora dos veces al a\u00f1o sin que los tres estados de EE. UU. en la misma zona horaria (Washington, Oreg\u00f3n y California) tambi\u00e9n lo hagan.<\/p>\n<p>Horgan dice que tiene la esperanza de que un proyecto de ley del gobernador del estado de Washington obtenga la aprobaci\u00f3n del Congreso este a\u00f1o, lo que significa que podr\u00eda ser la \u00faltima vez que B.C. los residentes \u201csaltan hacia adelante\u201d.<\/p>\n<p>El premier de Ontario, Doug Ford, tambi\u00e9n dijo el viernes que le gustar\u00eda que la provincia se mantuviera con el horario diurno y espera largos d\u00edas de verano.<\/p>\n<p>La mayor\u00eda de las provincias, as\u00ed como los territorios de Nunavut y los Territorios del Noroeste, adelantar\u00e1n sus relojes una hora durante la noche del domingo.<\/p>\n","protected":false},"excerpt":{"rendered":"<p>&#8211; Jean Charest est\u00e1 construyendo su candidatura al liderazgo conservador en torno a la promesa de que sabe c\u00f3mo llevar al partido de vuelta al&hellip;<\/p>\n","protected":false},"author":99,"featured_media":502061,"comment_status":"open","ping_status":"open","sticky":false,"template":"","format":"standard","meta":{"footnotes":""},"categories":[21,11191],"tags":[],"class_list":["post-502059","post","type-post","status-publish","format-standard","has-post-thumbnail","hentry","category-canada","category-top-news"],"_links":{"self":[{"href":"https:\/\/diarioelpopular.com\/index.php\/wp-json\/wp\/v2\/posts\/502059","targetHints":{"allow":["GET"]}}],"collection":[{"href":"https:\/\/diarioelpopular.com\/index.php\/wp-json\/wp\/v2\/posts"}],"about":[{"href":"https:\/\/diarioelpopular.com\/index.php\/wp-json\/wp\/v2\/types\/post"}],"author":[{"embeddable":true,"href":"https:\/\/diarioelpopular.com\/index.php\/wp-json\/wp\/v2\/users\/99"}],"replies":[{"embeddable":true,"href":"https:\/\/diarioelpopular.com\/index.php\/wp-json\/wp\/v2\/comments?post=502059"}],"version-history":[{"count":1,"href":"https:\/\/diarioelpopular.com\/index.php\/wp-json\/wp\/v2\/posts\/502059\/revisions"}],"predecessor-version":[{"id":502062,"href":"https:\/\/diarioelpopular.com\/index.php\/wp-json\/wp\/v2\/posts\/502059\/revisions\/502062"}],"wp:featuredmedia":[{"embeddable":true,"href":"https:\/\/diarioelpopular.com\/index.php\/wp-json\/wp\/v2\/media\/502061"}],"wp:attachment":[{"href":"https:\/\/diarioelpopular.com\/index.php\/wp-json\/wp\/v2\/media?parent=502059"}],"wp:term":[{"taxonomy":"category","embeddable":true,"href":"https:\/\/diarioelpopular.com\/index.php\/wp-json\/wp\/v2\/categories?post=502059"},{"taxonomy":"post_tag","embeddable":true,"href":"https:\/\/diarioelpopular.com\/index.php\/wp-json\/wp\/v2\/tags?post=502059"}],"curies":[{"name":"wp","href":"https:\/\/api.w.org\/{rel}","templated":true}]}}