{"id":502073,"date":"2022-03-13T12:30:46","date_gmt":"2022-03-13T16:30:46","guid":{"rendered":"https:\/\/diarioelpopular.com\/?p=502073"},"modified":"2022-03-13T12:30:46","modified_gmt":"2022-03-13T16:30:46","slug":"los-canadienses-deben-estar-preparados-a-medida-que-la-volatilidad-diaria-se-convierte-en-una-nueva-norma-poloz","status":"publish","type":"post","link":"https:\/\/diarioelpopular.com\/index.php\/2022\/03\/13\/los-canadienses-deben-estar-preparados-a-medida-que-la-volatilidad-diaria-se-convierte-en-una-nueva-norma-poloz\/","title":{"rendered":"Los canadienses deben estar preparados a medida que la &#8220;volatilidad diaria&#8221; se convierte en una nueva norma: Poloz"},"content":{"rendered":"<p><img loading=\"lazy\" decoding=\"async\" class=\"alignnone size-custom-full-size wp-image-502075\" src=\"https:\/\/diarioelpopular.com\/wp-content\/uploads\/2022\/03\/1.280x720-636x358.jpg\" alt=\"\" width=\"636\" height=\"358\" srcset=\"https:\/\/diarioelpopular.com\/wp-content\/uploads\/2022\/03\/1.280x720-636x358.jpg 636w, https:\/\/diarioelpopular.com\/wp-content\/uploads\/2022\/03\/1.280x720-300x169.jpg 300w, https:\/\/diarioelpopular.com\/wp-content\/uploads\/2022\/03\/1.280x720-768x432.jpg 768w, https:\/\/diarioelpopular.com\/wp-content\/uploads\/2022\/03\/1.280x720-130x73.jpg 130w, https:\/\/diarioelpopular.com\/wp-content\/uploads\/2022\/03\/1.280x720.jpg 800w\" sizes=\"auto, (max-width: 636px) 100vw, 636px\" \/><\/p>\n<h4><em><strong>&#8211; Los empleados y las empresas canadienses deber\u00e1n adaptarse a un mundo m\u00e1s incierto donde la &#8220;volatilidad cotidiana&#8221; parece ser cada vez m\u00e1s la nueva norma, ha expresados el ex gobernador del Banco de Canad\u00e1.<\/strong><\/em><\/h4>\n<p><em><strong>OTTAWA.-<\/strong> <\/em>En una entrevista con el presentador invitado de The West Block, David Akin, Stephen Poloz dijo que los desaf\u00edos que muchos enfrentan en este momento en cuanto a los altos precios de la gasolina, la disminuci\u00f3n de la asequibilidad de la vivienda y el empleo inestable reflejan las realidades de vivir en una \u00e9poca marcada por el riesgo y la incertidumbre.<\/p>\n<p>\u201cEsas cosas est\u00e1n en una tendencia al alza\u201d, dijo Poloz, se\u00f1alando factores como el cambio tecnol\u00f3gico, el envejecimiento de la poblaci\u00f3n y la desigualdad de ingresos que, seg\u00fan \u00e9l, contribuyen a \u201cmayores episodios de volatilidad\u201d.<\/p>\n<p>\u201cCreo que las empresas y sus empleados deber\u00e1n prepararse. Sea m\u00e1s conservador, prep\u00e1rese para una mayor volatilidad como la que vemos hoy, como los precios del petr\u00f3leo o los precios de la vivienda o el empleo al alza y a la baja. Ese es el tipo de cosas, la volatilidad diaria, que afectar\u00e1 a la gente\u201d.<\/p>\n<p>Poloz tiene un nuevo libro sobre el tema, llamado La pr\u00f3xima era de incertidumbre: c\u00f3mo el mundo puede adaptarse a un futuro m\u00e1s riesgoso.<\/p>\n<p>A menudo, los gobiernos asumen el papel de proteger a los ciudadanos de los impactos de la alta volatilidad, dijo Poloz, se\u00f1alando acciones como las que ha tomado el gobierno federal durante la pandemia de COVID-19.<\/p>\n<p>Pero si los gobiernos podr\u00e1n mitigar los efectos de la volatilidad que se avecina en el futuro es otra cuesti\u00f3n completamente diferente, sugiri\u00f3 Poloz.<\/p>\n<p>\u201cCreo que va a ser muy dif\u00edcil para las herramientas pol\u00edticas tradicionales hacer eso\u201d, dijo.<\/p>\n<p>La invasi\u00f3n rusa de Ucrania el 24 de febrero agit\u00f3 los mercados mundiales, y la incertidumbre sobre el impacto de las severas sanciones occidentales sobre las exportaciones rusas como el petr\u00f3leo y el gas ha hecho que los precios se disparen en los \u00faltimos d\u00edas.<\/p>\n<p>Los precios de la gasolina, en particular, han aumentado considerablemente, superando los $ 2 por litro en el Bajo Continente de B.C.<\/p>\n<p>Poloz dijo que cree que los precios bajar\u00e1n pronto, pero la incertidumbre permanecer\u00e1.<\/p>\n<p>\u201cLos altos precios del petr\u00f3leo suelen ser su propia cura, \u00bfverdad? Porque destruyen la demanda y eso hace que la gente maneje menos, y tambi\u00e9n normalmente provoca una respuesta de la oferta\u201d, dijo.<\/p>\n<p>&#8220;Me sorprender\u00eda mucho si no vi\u00e9ramos que los precios del petr\u00f3leo vuelven a bajar al rango de $ 100 o por debajo de $ 100 en poco tiempo&#8221;.<\/p>\n<p>Los precios de las viviendas son otra fuente de incertidumbre para muchos canadienses.<\/p>\n<p>La pandemia llev\u00f3 la demanda a niveles r\u00e9cord y ha hecho que la vivienda est\u00e9 fuera del alcance de muchos. Otros saltaron al mercado, impulsados \u200b\u200bpor ahorros de cuarentena forzosos y tasas de inter\u00e9s hist\u00f3ricamente bajas.<\/p>\n<p>Sin embargo, tambi\u00e9n ha habido preocupaciones sobre la especulaci\u00f3n inmobiliaria y el papel que est\u00e1 jugando en el mercado actual.<\/p>\n<p>Poloz dijo que sigue siendo dif\u00edcil saber qu\u00e9 cantidad del incendio en los mercados se debe a la especulaci\u00f3n y cu\u00e1nto es simplemente el resultado del aumento de la inmigraci\u00f3n y una poblaci\u00f3n en aumento, junto con la falta de viviendas disponibles para comprar.<\/p>\n<p>\u201cEs dif\u00edcil de predecir en esta etapa porque esos otros fundamentos siguen siendo s\u00f3lidos\u201d.<\/p>\n<p>&nbsp;<\/p>\n<h4><em><strong>Patrick Brown lanza candidatura al liderazgo del Partido Conservador<\/strong><\/em><\/h4>\n<p><img loading=\"lazy\" decoding=\"async\" class=\"alignnone size-custom-full-size wp-image-502074\" src=\"https:\/\/diarioelpopular.com\/wp-content\/uploads\/2022\/03\/1.brown_-636x424.jpg\" alt=\"\" width=\"636\" height=\"424\" srcset=\"https:\/\/diarioelpopular.com\/wp-content\/uploads\/2022\/03\/1.brown_-636x424.jpg 636w, https:\/\/diarioelpopular.com\/wp-content\/uploads\/2022\/03\/1.brown_-300x200.jpg 300w, https:\/\/diarioelpopular.com\/wp-content\/uploads\/2022\/03\/1.brown_-768x512.jpg 768w, https:\/\/diarioelpopular.com\/wp-content\/uploads\/2022\/03\/1.brown_-110x73.jpg 110w, https:\/\/diarioelpopular.com\/wp-content\/uploads\/2022\/03\/1.brown_.jpg 800w\" sizes=\"auto, (max-width: 636px) 100vw, 636px\" \/><\/p>\n<p>El alcalde de Brampton y exl\u00edder del PC de Ontario, Patrick Brown, se uni\u00f3 oficialmente a la carrera por el liderazgo del Partido Conservador de Canad\u00e1.<\/p>\n<p>En un evento en Brampton este domingo, Brown se convirti\u00f3 en el quinto candidato en unirse p\u00fablicamente a la carrera para reemplazar a Erin O&#8217;Toole.<\/p>\n<p>Brown tiene la reputaci\u00f3n de ser un fuerte organizador en Ontario en una carrera en la que se espera que la inscripci\u00f3n de nuevos miembros tenga un impacto significativo en el resultado.<\/p>\n<p>Brown, ex diputado conservador federal de Barrie, mont\u00f3 una oferta externa para hacerse cargo del liderazgo del PC de Ontario en 2015. Es muy probable que se hubiera convertido en el premier de Ontario, pero las err\u00f3neas acusaciones de conducta sexual inapropiada que involucraban a dos mujeres j\u00f3venes, informadas por CTV en 2018, llevaron a su renuncia.<\/p>\n<p>Brown present\u00f3 una demanda por difamaci\u00f3n de $ 8 millones contra CTV, que se resolvi\u00f3 la semana pasada. Ning\u00fan dinero cambi\u00f3 de manos como parte del acuerdo, pero CTV reconoci\u00f3 que detalles proporcionados a la red requer\u00edan correcci\u00f3n aceptando la equivocaci\u00f3n en lo publicado. Las noticias originales permanecen en el sitio web de CTV y Brown ha negado las acusaciones.<\/p>\n<p>Como l\u00edder de PC de Ontario, Brown adopt\u00f3 la fijaci\u00f3n de precios del carbono y trat\u00f3 de modernizar la marca del partido, dos temas que se espera que tengan una gran importancia en la actual carrera por el liderazgo.<\/p>\n<p>El presunto favorito, Pierre Poilievre, ya prometi\u00f3 &#8220;eliminar&#8221; el impuesto federal al carbono y ha utilizado el tema como un ataque contra el ex premier de Quebec, Jean Charest, quien tambi\u00e9n busca el liderazgo federal.<\/p>\n<p>El abanderado social conservador y diputado Leslyn Lewis y el diputado independiente de Ontario Roman Baber tambi\u00e9n han declarado sus intenciones de postularse. El diputado de Ontario, Scott Aitchinson, confirm\u00f3 a principios de este mes que estaba explorando una oferta.<\/p>\n","protected":false},"excerpt":{"rendered":"<p>&#8211; Los empleados y las empresas canadienses deber\u00e1n adaptarse a un mundo m\u00e1s incierto donde la &#8220;volatilidad cotidiana&#8221; parece ser cada vez m\u00e1s la nueva&hellip;<\/p>\n","protected":false},"author":99,"featured_media":502075,"comment_status":"open","ping_status":"open","sticky":false,"template":"","format":"standard","meta":{"footnotes":""},"categories":[21,11191],"tags":[],"class_list":["post-502073","post","type-post","status-publish","format-standard","has-post-thumbnail","hentry","category-canada","category-top-news"],"_links":{"self":[{"href":"https:\/\/diarioelpopular.com\/index.php\/wp-json\/wp\/v2\/posts\/502073","targetHints":{"allow":["GET"]}}],"collection":[{"href":"https:\/\/diarioelpopular.com\/index.php\/wp-json\/wp\/v2\/posts"}],"about":[{"href":"https:\/\/diarioelpopular.com\/index.php\/wp-json\/wp\/v2\/types\/post"}],"author":[{"embeddable":true,"href":"https:\/\/diarioelpopular.com\/index.php\/wp-json\/wp\/v2\/users\/99"}],"replies":[{"embeddable":true,"href":"https:\/\/diarioelpopular.com\/index.php\/wp-json\/wp\/v2\/comments?post=502073"}],"version-history":[{"count":1,"href":"https:\/\/diarioelpopular.com\/index.php\/wp-json\/wp\/v2\/posts\/502073\/revisions"}],"predecessor-version":[{"id":502076,"href":"https:\/\/diarioelpopular.com\/index.php\/wp-json\/wp\/v2\/posts\/502073\/revisions\/502076"}],"wp:featuredmedia":[{"embeddable":true,"href":"https:\/\/diarioelpopular.com\/index.php\/wp-json\/wp\/v2\/media\/502075"}],"wp:attachment":[{"href":"https:\/\/diarioelpopular.com\/index.php\/wp-json\/wp\/v2\/media?parent=502073"}],"wp:term":[{"taxonomy":"category","embeddable":true,"href":"https:\/\/diarioelpopular.com\/index.php\/wp-json\/wp\/v2\/categories?post=502073"},{"taxonomy":"post_tag","embeddable":true,"href":"https:\/\/diarioelpopular.com\/index.php\/wp-json\/wp\/v2\/tags?post=502073"}],"curies":[{"name":"wp","href":"https:\/\/api.w.org\/{rel}","templated":true}]}}