{"id":502116,"date":"2022-03-15T10:11:56","date_gmt":"2022-03-15T14:11:56","guid":{"rendered":"https:\/\/diarioelpopular.com\/?p=502116"},"modified":"2022-03-15T10:11:56","modified_gmt":"2022-03-15T14:11:56","slug":"peru-congreso-abre-discusion-de-juicio-politico-a-castillo","status":"publish","type":"post","link":"https:\/\/diarioelpopular.com\/index.php\/2022\/03\/15\/peru-congreso-abre-discusion-de-juicio-politico-a-castillo\/","title":{"rendered":"Per\u00fa: Congreso abre discusi\u00f3n de juicio pol\u00edtico a Castillo"},"content":{"rendered":"<div id=\"attachment_502117\" style=\"width: 646px\" class=\"wp-caption alignnone\"><img loading=\"lazy\" decoding=\"async\" aria-describedby=\"caption-attachment-502117\" class=\"size-custom-full-size wp-image-502117\" src=\"https:\/\/diarioelpopular.com\/wp-content\/uploads\/2022\/03\/9c1.72e-636x424.jpg\" alt=\"\" width=\"636\" height=\"424\" srcset=\"https:\/\/diarioelpopular.com\/wp-content\/uploads\/2022\/03\/9c1.72e-636x424.jpg 636w, https:\/\/diarioelpopular.com\/wp-content\/uploads\/2022\/03\/9c1.72e-300x200.jpg 300w, https:\/\/diarioelpopular.com\/wp-content\/uploads\/2022\/03\/9c1.72e-768x512.jpg 768w, https:\/\/diarioelpopular.com\/wp-content\/uploads\/2022\/03\/9c1.72e-110x73.jpg 110w, https:\/\/diarioelpopular.com\/wp-content\/uploads\/2022\/03\/9c1.72e.jpg 800w\" sizes=\"auto, (max-width: 636px) 100vw, 636px\" \/><p id=\"caption-attachment-502117\" class=\"wp-caption-text\"><em>Se trata del segundo intento de este tipo en cuatro meses (foto: ANSA)<\/em><\/p><\/div>\n<h4><em><strong>Segundo intento de destituir al presidente de izquierda<\/strong><\/em><\/h4>\n<p><em><strong>LIMA 15 MAR &#8211;<\/strong><\/em> El Congreso de Per\u00fa (parlamento) abre un proceso de destituci\u00f3n al presidente Pedro Castillo (izquierda), quien deber\u00e1 presentarse ante ese cuerpo, dominado por la derecha, el 28 de este mes en el segundo intento de esa naturaleza en 4 meses.<br \/>\nCon 76 votos a favor, 41 en contra y una abstenci\u00f3n, el Congreso admiti\u00f3 abrir el proceso y convoc\u00f3 al presidente para que responda las acusaciones de supuestas faltas constitucionales, incluyendo la de una empresaria que lo vincula en presuntos actos de corrupci\u00f3n.<br \/>\nUn primer intento para iniciar un juicio pol\u00edtico a Castillo en diciembre no pas\u00f3 la primera valla de 52 votos.<br \/>\nEl nuevo pedido fue impulsado por 49 congresistas de los partidos derechistas Renovaci\u00f3n Popular, Avanza Pa\u00eds y Fuerza Popular, con apoyo de legisladores de otras bancadas, seg\u00fan reportes de la prensa local, entro otros la cadena radial RPP.<br \/>\nAlgunos analistas locales coinciden en que las fuerzas de derecha dif\u00edcilmente consigan los 87 votos que exige la Constituci\u00f3n de Per\u00fa para remover a un presidente.<br \/>\nSeg\u00fan la oposici\u00f3n, el presidente est\u00e1 salpicado por la presunta corrupci\u00f3n de su entorno e incurri\u00f3 en &#8220;traici\u00f3n a la patria&#8221;, una acusaci\u00f3n por la que hoy el mandatario present\u00f3 un &#8220;habeas corpus&#8221;.<br \/>\nEl recurso fue admitido a tr\u00e1mite, inform\u00f3 el equipo legal de Castillo, y en \u00e9l se detalla que los congresistas de la Subcomisi\u00f3n de Acusaciones Constitucionales (SAC) del Congreso habr\u00edan cometido una &#8220;presunta vulneraci\u00f3n del derecho a la libertad individual&#8221;, al debido proceso y al principio de legalidad.<br \/>\nel oficialismo sostiene que la acusaci\u00f3n constituye un ataque a la presunci\u00f3n de inocencia y a la libertad de conciencia.<br \/>\nEl pasado 28 de febrero, la SAC declar\u00f3 procedente una denuncia constitucional contra Castillo por la presunta violaci\u00f3n de los art\u00edculos 32, 54, 110 y 118 de la Constituci\u00f3n de Per\u00fa por sus declaraciones sobre la posibilidad de facilitar la salida al mar de Bolivia durante una entrevista concedida a la cadena de noticias CNN.<br \/>\nEn marzo mes la desaprobaci\u00f3n del mandatario cay\u00f3 a 66%, tres puntos porcentuales menos que en febrero cuando sum\u00f3 su nivel m\u00e1s alto (69%), pero a\u00fan m\u00e1s desprestigiado est\u00e1 el Congreso, al cual lo desaprueba un 70%, seg\u00fan sondeo de Ipsos.<br \/>\nEl choque de poderes entre el Ejecutivo y el Legislativo en Per\u00fa volvi\u00f3 a trascender fronteras y la CELAC (Comisi\u00f3n Econ\u00f3mica de Latinoam\u00e9rica y el Caribe) hizo un llamado a respetar la &#8220;voluntad popular&#8221;.<br \/>\nLa Comisi\u00f3n Interamericana de Derechos Humanos, ente aut\u00f3nomo de la OEA, ya hab\u00eda advertido el 10 de diciembre su preocupaci\u00f3n por c\u00f3mo se ha desvirtuado &#8220;por falta de definici\u00f3n objetiva la figura de vacancia presidencial por incapacidad moral permanente y el impacto que tiene en la institucionalidad democr\u00e1tica del Per\u00fa&#8221;.<\/p>\n","protected":false},"excerpt":{"rendered":"<p>Segundo intento de destituir al presidente de izquierda LIMA 15 MAR &#8211; El Congreso de Per\u00fa (parlamento) abre un proceso de destituci\u00f3n al presidente Pedro&hellip;<\/p>\n","protected":false},"author":99,"featured_media":502117,"comment_status":"open","ping_status":"open","sticky":false,"template":"","format":"standard","meta":{"footnotes":""},"categories":[23],"tags":[],"class_list":["post-502116","post","type-post","status-publish","format-standard","has-post-thumbnail","hentry","category-latinoamerica"],"_links":{"self":[{"href":"https:\/\/diarioelpopular.com\/index.php\/wp-json\/wp\/v2\/posts\/502116","targetHints":{"allow":["GET"]}}],"collection":[{"href":"https:\/\/diarioelpopular.com\/index.php\/wp-json\/wp\/v2\/posts"}],"about":[{"href":"https:\/\/diarioelpopular.com\/index.php\/wp-json\/wp\/v2\/types\/post"}],"author":[{"embeddable":true,"href":"https:\/\/diarioelpopular.com\/index.php\/wp-json\/wp\/v2\/users\/99"}],"replies":[{"embeddable":true,"href":"https:\/\/diarioelpopular.com\/index.php\/wp-json\/wp\/v2\/comments?post=502116"}],"version-history":[{"count":1,"href":"https:\/\/diarioelpopular.com\/index.php\/wp-json\/wp\/v2\/posts\/502116\/revisions"}],"predecessor-version":[{"id":502118,"href":"https:\/\/diarioelpopular.com\/index.php\/wp-json\/wp\/v2\/posts\/502116\/revisions\/502118"}],"wp:featuredmedia":[{"embeddable":true,"href":"https:\/\/diarioelpopular.com\/index.php\/wp-json\/wp\/v2\/media\/502117"}],"wp:attachment":[{"href":"https:\/\/diarioelpopular.com\/index.php\/wp-json\/wp\/v2\/media?parent=502116"}],"wp:term":[{"taxonomy":"category","embeddable":true,"href":"https:\/\/diarioelpopular.com\/index.php\/wp-json\/wp\/v2\/categories?post=502116"},{"taxonomy":"post_tag","embeddable":true,"href":"https:\/\/diarioelpopular.com\/index.php\/wp-json\/wp\/v2\/tags?post=502116"}],"curies":[{"name":"wp","href":"https:\/\/api.w.org\/{rel}","templated":true}]}}