{"id":502128,"date":"2022-03-16T09:31:08","date_gmt":"2022-03-16T13:31:08","guid":{"rendered":"https:\/\/diarioelpopular.com\/?p=502128"},"modified":"2022-03-16T09:31:08","modified_gmt":"2022-03-16T13:31:08","slug":"cra-hacienda-se-centrara-en-los-esfuerzos-de-recaudacion-antes-de-la-temporada-de-impuestos-segun-documentos","status":"publish","type":"post","link":"https:\/\/diarioelpopular.com\/index.php\/2022\/03\/16\/cra-hacienda-se-centrara-en-los-esfuerzos-de-recaudacion-antes-de-la-temporada-de-impuestos-segun-documentos\/","title":{"rendered":"CRA (Hacienda) se centrar\u00e1 en los esfuerzos de recaudaci\u00f3n antes de la temporada de impuestos, seg\u00fan documentos"},"content":{"rendered":"<p><img loading=\"lazy\" decoding=\"async\" class=\"alignnone size-custom-full-size wp-image-502129\" src=\"https:\/\/diarioelpopular.com\/wp-content\/uploads\/2022\/03\/cra-636x433.jpg\" alt=\"\" width=\"636\" height=\"433\" srcset=\"https:\/\/diarioelpopular.com\/wp-content\/uploads\/2022\/03\/cra-636x433.jpg 636w, https:\/\/diarioelpopular.com\/wp-content\/uploads\/2022\/03\/cra-300x204.jpg 300w, https:\/\/diarioelpopular.com\/wp-content\/uploads\/2022\/03\/cra-768x523.jpg 768w, https:\/\/diarioelpopular.com\/wp-content\/uploads\/2022\/03\/cra-80x55.jpg 80w, https:\/\/diarioelpopular.com\/wp-content\/uploads\/2022\/03\/cra-107x73.jpg 107w, https:\/\/diarioelpopular.com\/wp-content\/uploads\/2022\/03\/cra.jpg 800w\" sizes=\"auto, (max-width: 636px) 100vw, 636px\" \/><\/p>\n<h4><em><strong>&#8211; Despu\u00e9s de las elecciones, se le dijo al ministro federal a cargo de la Agencia de Ingresos de Canad\u00e1 que la agencia planeaba acelerar el cobro de deudas justo a tiempo para la temporada de impuestos.<\/strong><\/em><\/h4>\n<h4><em><strong>&#8211; La tasa de inflaci\u00f3n anual subi\u00f3 al 5,7% en febrero, el nivel m\u00e1s alto desde 1991<\/strong><\/em><\/h4>\n<p><em><strong>OTTAWA.-<\/strong> <\/em>Los documentos informativos para la ministra de Hacienda, Diane Lebouthillier, dijeron que la agencia plane\u00f3 la reanudaci\u00f3n total de las actividades de recaudaci\u00f3n a principios de este a\u00f1o.<\/p>\n<p>La medida fue la \u00faltima de las cuatro medidas que la CRA plane\u00f3 tomar despu\u00e9s de que tuvo que ajustar sus esfuerzos dadas las preocupaciones econ\u00f3micas y de salud relacionadas con la pandemia de COVID-19.<\/p>\n<p>A medida que esas preocupaciones han disminuido, la agencia y los departamentos a los que asiste se est\u00e1n preparando para un aumento en las deudas pendientes que requerir\u00e1n un esfuerzo adicional para cobrar, particularmente cuando comience la temporada de impuestos.<\/p>\n<p>La fecha l\u00edmite de presentaci\u00f3n de impuestos de este a\u00f1o est\u00e1 fijada para el 2 de mayo porque el 30 de abril cae en s\u00e1bado.<\/p>\n<p>La agencia de ingresos dice que una declaraci\u00f3n se considera presentada si se recibe, o si una presentaci\u00f3n en papel tiene matasellos del 2 de mayo o antes.<\/p>\n<p>Sin embargo, la fecha l\u00edmite de pago sigue siendo el 30 de abril para cualquier persona que deba impuestos. Esa fecha de este a\u00f1o tambi\u00e9n es la fecha l\u00edmite para pagar cualquier deuda de impuestos sobre la renta pendiente del a\u00f1o fiscal 2020 para cualquier persona que califique para la desgravaci\u00f3n de intereses.<\/p>\n<p>Peter Fragiskatos, secretario parlamentario de Lebouthillier, dice que la agencia planea mantener su enfoque &#8220;centrado en las personas&#8221; y trabajar con aquellos que enfrentan dificultades para resolver sus deudas.<\/p>\n<p>\u201cAl reconocer lo dif\u00edcil que ha sido la pandemia, hemos trabajado y continuaremos trabajando con personas que han tenido problemas financieros\u201d, dijo Fragiskatos. \u201cVamos a adoptar un enfoque emp\u00e1tico en todo momento\u201d.<\/p>\n<p>La primera ola de la pandemia de COVID-19 se extendi\u00f3 por todo el pa\u00eds en marzo de 2020 y en medio de la temporada de presentaci\u00f3n de impuestos.<\/p>\n<p>A medida que la econom\u00eda entr\u00f3 en una espiral descendente, con la p\u00e9rdida de tres millones de empleos y la reducci\u00f3n de horas de m\u00e1s, el gobierno retras\u00f3 la fecha l\u00edmite de presentaci\u00f3n y los esfuerzos de cobro. Ese movimiento liber\u00f3 a los funcionarios de la CRA para que se concentraran en repartir ayuda pand\u00e9mica y ten\u00eda como objetivo mantener m\u00e1s efectivo en los bolsillos de los canadienses para ayudarlos a pagar las facturas.<\/p>\n<p>Ese oto\u00f1o se reiniciaron las actividades de recolecci\u00f3n, aunque no con plena vigencia.<\/p>\n<p>Y para entonces, la cantidad de impuestos adeudados hab\u00eda aumentado, aunque no tanto como podr\u00eda haber sido sin la &#8220;gran reducci\u00f3n de las revaluaciones&#8221;, escribieron los funcionarios a Lebouthillier.<\/p>\n<p>\u201cSe espera que la entrada de cobros aumente a medida que se reanuden las actividades de cumplimiento y auditor\u00eda, lo que resultar\u00e1 en un fuerte aumento de la deuda tributaria con la pr\u00f3xima temporada de presentaci\u00f3n de impuestos\u201d, escribieron los funcionarios en el documento informativo que se hizo p\u00fablico recientemente.<\/p>\n<p>El gobierno recomienda que cualquier persona que presente sus impuestos intente hacerlo en l\u00ednea para acelerar los tiempos de procesamiento. Pueden pasar semanas antes de que se procese una declaraci\u00f3n en papel y se emita una declaraci\u00f3n de impuestos.<\/p>\n<p>Fragiskatos dijo que la CRA ha publicado tutoriales de presentaci\u00f3n de impuestos en YouTube y en sitios web del gobierno para ayudar a los contribuyentes en l\u00ednea.<\/p>\n<p>\u201cSolo animo a las personas a que se aseguren de presentar antes de la fecha l\u00edmite\u201d, dijo Fragiskatos. \u201cEs muy importante hacerlo para tener acceso a los beneficios y cr\u00e9ditos que est\u00e1n disponibles\u201d.<\/p>\n<p>&nbsp;<\/p>\n<h4><em><strong>La tasa de inflaci\u00f3n anual subi\u00f3 al 5,7% en febrero, el nivel m\u00e1s alto desde 1991<\/strong><\/em><\/h4>\n<p>Statistics Canada dice que la tasa de inflaci\u00f3n anual subi\u00f3 al 5,7 por ciento en febrero, su nivel m\u00e1s alto desde agosto de 1991 y el segundo mes consecutivo por encima del cinco por ciento.<\/p>\n<p>Lo que ayud\u00f3 a impulsar el aumento en febrero fueron los precios m\u00e1s altos de la gasolina, que aumentaron un 32,3 % en comparaci\u00f3n con febrero de 2021 y un 6,9 % con respecto al mes anterior.<\/p>\n<p>Statistics Canada dice que excluyendo los precios de la gasolina, la tasa de inflaci\u00f3n general habr\u00eda sido del 4,7 por ciento en febrero.<\/p>\n<p>Los precios de las tiendas de comestibles subieron un 7,4 por ciento, el mayor aumento anual desde mayo de 2009, impulsados por el aumento de los costos del combustible que se est\u00e1n trasladando a los consumidores.<\/p>\n<p>Statistics Canada dice que los costos de alojamiento, que incluyen los precios de las viviendas y las unidades de alquiler, aumentaron a su ritmo m\u00e1s r\u00e1pido desde agosto de 1983.<\/p>\n<p>El aumento en el \u00edndice de precios al consumidor en comparaci\u00f3n con una ganancia interanual del 5,1 por ciento en enero.<\/p>\n","protected":false},"excerpt":{"rendered":"<p>&#8211; Despu\u00e9s de las elecciones, se le dijo al ministro federal a cargo de la Agencia de Ingresos de Canad\u00e1 que la agencia planeaba acelerar&hellip;<\/p>\n","protected":false},"author":99,"featured_media":502129,"comment_status":"open","ping_status":"open","sticky":false,"template":"","format":"standard","meta":{"footnotes":""},"categories":[21,11191],"tags":[],"class_list":["post-502128","post","type-post","status-publish","format-standard","has-post-thumbnail","hentry","category-canada","category-top-news"],"_links":{"self":[{"href":"https:\/\/diarioelpopular.com\/index.php\/wp-json\/wp\/v2\/posts\/502128","targetHints":{"allow":["GET"]}}],"collection":[{"href":"https:\/\/diarioelpopular.com\/index.php\/wp-json\/wp\/v2\/posts"}],"about":[{"href":"https:\/\/diarioelpopular.com\/index.php\/wp-json\/wp\/v2\/types\/post"}],"author":[{"embeddable":true,"href":"https:\/\/diarioelpopular.com\/index.php\/wp-json\/wp\/v2\/users\/99"}],"replies":[{"embeddable":true,"href":"https:\/\/diarioelpopular.com\/index.php\/wp-json\/wp\/v2\/comments?post=502128"}],"version-history":[{"count":1,"href":"https:\/\/diarioelpopular.com\/index.php\/wp-json\/wp\/v2\/posts\/502128\/revisions"}],"predecessor-version":[{"id":502130,"href":"https:\/\/diarioelpopular.com\/index.php\/wp-json\/wp\/v2\/posts\/502128\/revisions\/502130"}],"wp:featuredmedia":[{"embeddable":true,"href":"https:\/\/diarioelpopular.com\/index.php\/wp-json\/wp\/v2\/media\/502129"}],"wp:attachment":[{"href":"https:\/\/diarioelpopular.com\/index.php\/wp-json\/wp\/v2\/media?parent=502128"}],"wp:term":[{"taxonomy":"category","embeddable":true,"href":"https:\/\/diarioelpopular.com\/index.php\/wp-json\/wp\/v2\/categories?post=502128"},{"taxonomy":"post_tag","embeddable":true,"href":"https:\/\/diarioelpopular.com\/index.php\/wp-json\/wp\/v2\/tags?post=502128"}],"curies":[{"name":"wp","href":"https:\/\/api.w.org\/{rel}","templated":true}]}}