{"id":502131,"date":"2022-03-16T09:39:15","date_gmt":"2022-03-16T13:39:15","guid":{"rendered":"https:\/\/diarioelpopular.com\/?p=502131"},"modified":"2022-03-16T09:39:15","modified_gmt":"2022-03-16T13:39:15","slug":"chile-en-araucania-hay-ausencia-del-estado","status":"publish","type":"post","link":"https:\/\/diarioelpopular.com\/index.php\/2022\/03\/16\/chile-en-araucania-hay-ausencia-del-estado\/","title":{"rendered":"Chile: En Araucan\u00eda hay &#8220;ausencia del estado&#8221;"},"content":{"rendered":"<div id=\"attachment_502132\" style=\"width: 646px\" class=\"wp-caption alignnone\"><img loading=\"lazy\" decoding=\"async\" aria-describedby=\"caption-attachment-502132\" class=\"size-custom-full-size wp-image-502132\" src=\"https:\/\/diarioelpopular.com\/wp-content\/uploads\/2022\/03\/1.6cf54-636x424.jpg\" alt=\"\" width=\"636\" height=\"424\" srcset=\"https:\/\/diarioelpopular.com\/wp-content\/uploads\/2022\/03\/1.6cf54-636x424.jpg 636w, https:\/\/diarioelpopular.com\/wp-content\/uploads\/2022\/03\/1.6cf54-300x200.jpg 300w, https:\/\/diarioelpopular.com\/wp-content\/uploads\/2022\/03\/1.6cf54-768x512.jpg 768w, https:\/\/diarioelpopular.com\/wp-content\/uploads\/2022\/03\/1.6cf54-110x73.jpg 110w, https:\/\/diarioelpopular.com\/wp-content\/uploads\/2022\/03\/1.6cf54.jpg 800w\" sizes=\"auto, (max-width: 636px) 100vw, 636px\" \/><p id=\"caption-attachment-502132\" class=\"wp-caption-text\"><em>La zona de el conflicto mapuche con el estado chileno. (foto: EPA)<\/em><\/p><\/div>\n<h4><em><strong>&#8211; Ministra no arrancar\u00e1 a Santiago tras disparos a comitiva, dijo<\/strong><\/em><\/h4>\n<p><em><strong>SANTIAGO DE CHILE, 16 MAR &#8211;<\/strong><\/em> La ministra del Interior, Izkia Siches, asegur\u00f3 que no &#8220;arrancar\u00e1&#8221; a Santiago tras el incidente sufrido en la Araucan\u00eda donde el paso de la comitiva ministerial fue bloqueado con disparos al aire en Temucuicui, regi\u00f3n de la Araucan\u00eda, 670 kil\u00f3metros al sur de Santiago, donde se concentra el conflicto mapuche con el estado chileno.<br \/>\nLa expresidenta del Colegio M\u00e9dico asever\u00f3 que lo que se aprecia en la zona es una &#8220;ausencia de Estado&#8221; y que tal vez muchos creyeron que ven que se ven\u00eda a hacer &#8220;m\u00e1s de lo mismo&#8221;.<br \/>\n&#8220;Nuestra respuesta ser\u00e1 integral y el Gobierno no va a retroceder en el plan. Seguiremos con todo nuestro itinerario, buscando el di\u00e1logo y el reencuentro de nuestro territorio&#8221;, defendi\u00f3.<br \/>\nConsultada por los hechos de la ma\u00f1ana de hoy, respondi\u00f3 que &#8220;siempre hemos sabido que este trabajo no iba a ser f\u00e1cil&#8221;, pero insisti\u00f3 en que no se pueden resolver los problemas de la zona desde la capital.<br \/>\n&#8220;Se equivocan quienes cre\u00edan que lo \u00edbamos a resolver desde la regi\u00f3n Metropolitana. Ten\u00edamos que estar ac\u00e1 en el territorio, y eso es lo que nos ha sido solicitado por el Presidente de la Rep\u00fablica desde el primer d\u00eda&#8221;, afirm\u00f3.<br \/>\nSiches lleg\u00f3 la noche del lunes a la regi\u00f3n acompa\u00f1ada por los ministros de Educaci\u00f3n, Salud, Desarrollo Social, Obras P\u00fablicas y Defensa.<br \/>\nAl conocerse el ataque a la comitiva ministerial, la actual oposici\u00f3n de derecha increp\u00f3 a la autoridad y llam\u00f3 a convencerse de que se requiere la renovaci\u00f3n del estado de excepci\u00f3n. El gobierno de Sebasti\u00e1n Pi\u00f1era militariz\u00f3 la zona y aun as\u00ed continu\u00f3 habiendo violencia con muertes de civiles y uniformados, quema de camiones y robo de madera.<br \/>\n&#8220;Entendemos que lo que ocurre ac\u00e1 es violencia, pero tambi\u00e9n falta de Estado. Ausencia de un Estado decidido, que cuando ocurren eventos como los que ocurrieron hoy no arrancan a la regi\u00f3n Metropolitana, sino que se mantienen en la zona&#8221;, asever\u00f3 Siches.<br \/>\nAnunci\u00f3 que la pr\u00f3xima semana viajar\u00e1 a la regi\u00f3n el subsecretario de Interior, Manuel Monsalve, pues insisti\u00f3 que &#8220;lo que necesita La Araucan\u00eda es la presencia de un Estado robusto&#8221;.<br \/>\nApunt\u00f3 que esta jornada pudo reunirse con v\u00edctimas que &#8220;han visto la ausencia del Estado y esperan con ansias reconciliaci\u00f3n y verdad&#8221;.<br \/>\nRecalc\u00f3 que lo que se requiere es &#8220;m\u00e1s Estado, m\u00e1s salud, m\u00e1s educaci\u00f3n, m\u00e1s obras viales, m\u00e1s APR (programas de Agua Potable Rural) y, obviamente tambi\u00e9n, m\u00e1s seguridad&#8221;.<br \/>\nAsimismo, adelant\u00f3 que el Gobierno, junto a las Fuerzas de Orden y Seguridad, comenzar\u00e1n la &#8220;desescalada&#8221; del Estado de Excepci\u00f3n Constitucional en la Macrozona Sur.<br \/>\n&#8220;Hemos conversado de la importancia de tener una comisi\u00f3n de verdad, justicia y reparaci\u00f3n para todas las v\u00edctimas. La ausencia del Estado ha dejado a muchos en el camino&#8221;, agreg\u00f3 la titular de Interior.<br \/>\nLas pr\u00f3ximas semanas, buscar\u00e1n coordinar &#8220;encuentros y di\u00e1logos territoriales&#8221; para avanzar en las necesidades de la zona.<br \/>\n&#8220;Aquellos grupos que esperan que la violencia impere, que est\u00e1n en el narcotr\u00e1fico, en el robo de la madera, los vamos a enfrentar. Pero sin ese encuentro previo es muy dif\u00edcil y esperamos que esta repuesta se siga manteniendo en el tiempo&#8221;, complet\u00f3.<br \/>\nLa comitiva ministerial iba hoy por el paso rural Quechereguas, camino a la comunidad mapuche de Temucuicui, cuando mediante disparos al aire fue impedida de avanzar. La caravana era encabezada por Marcelo Carillanca, padre de Camilo Catrillanca, joven comunero asesinado en noviembre de 2018 durante un confuso operativo de Carabineros.<br \/>\n&#8220;Quiero saludar a la ministra porque creo que hay buena intenci\u00f3n del gobierno y eso nosotros lo valoramos. Lo que haya pasado en el camino, eso debemos resolverlo dentro de la comunidad, entre nosotros vamos a conversar. Pero no puedo decir lo que pas\u00f3, porque no tengo idea de lo que pas\u00f3&#8221;, dijo Catrillanca a la prensa.<br \/>\nA su juicio la visita &#8220;fue muy improvisada. No podemos decir nosotros que esto se hizo con tiempo. No puedo decir qui\u00e9nes son. La reuni\u00f3n, pens\u00e9, que era familiar, una reuni\u00f3n protocolar&#8221;.<br \/>\nAunque valor\u00f3 la apertura para dialogar de la administraci\u00f3n de Gabriel Boric, dej\u00f3 claro que &#8220;nosotros no tenemos confianza con los gobiernos&#8221;.<br \/>\nSiches, que result\u00f3 ilesa, debi\u00f3 ser evacuada a una zona de seguridad por personal de orden p\u00fablico de Carabineros, que acudi\u00f3 al lugar con carros blindados.<\/p>\n","protected":false},"excerpt":{"rendered":"<p>&#8211; Ministra no arrancar\u00e1 a Santiago tras disparos a comitiva, dijo SANTIAGO DE CHILE, 16 MAR &#8211; La ministra del Interior, Izkia Siches, asegur\u00f3 que&hellip;<\/p>\n","protected":false},"author":99,"featured_media":502132,"comment_status":"open","ping_status":"open","sticky":false,"template":"","format":"standard","meta":{"footnotes":""},"categories":[11358,23],"tags":[],"class_list":["post-502131","post","type-post","status-publish","format-standard","has-post-thumbnail","hentry","category-especiales","category-latinoamerica"],"_links":{"self":[{"href":"https:\/\/diarioelpopular.com\/index.php\/wp-json\/wp\/v2\/posts\/502131","targetHints":{"allow":["GET"]}}],"collection":[{"href":"https:\/\/diarioelpopular.com\/index.php\/wp-json\/wp\/v2\/posts"}],"about":[{"href":"https:\/\/diarioelpopular.com\/index.php\/wp-json\/wp\/v2\/types\/post"}],"author":[{"embeddable":true,"href":"https:\/\/diarioelpopular.com\/index.php\/wp-json\/wp\/v2\/users\/99"}],"replies":[{"embeddable":true,"href":"https:\/\/diarioelpopular.com\/index.php\/wp-json\/wp\/v2\/comments?post=502131"}],"version-history":[{"count":1,"href":"https:\/\/diarioelpopular.com\/index.php\/wp-json\/wp\/v2\/posts\/502131\/revisions"}],"predecessor-version":[{"id":502133,"href":"https:\/\/diarioelpopular.com\/index.php\/wp-json\/wp\/v2\/posts\/502131\/revisions\/502133"}],"wp:featuredmedia":[{"embeddable":true,"href":"https:\/\/diarioelpopular.com\/index.php\/wp-json\/wp\/v2\/media\/502132"}],"wp:attachment":[{"href":"https:\/\/diarioelpopular.com\/index.php\/wp-json\/wp\/v2\/media?parent=502131"}],"wp:term":[{"taxonomy":"category","embeddable":true,"href":"https:\/\/diarioelpopular.com\/index.php\/wp-json\/wp\/v2\/categories?post=502131"},{"taxonomy":"post_tag","embeddable":true,"href":"https:\/\/diarioelpopular.com\/index.php\/wp-json\/wp\/v2\/tags?post=502131"}],"curies":[{"name":"wp","href":"https:\/\/api.w.org\/{rel}","templated":true}]}}