{"id":502138,"date":"2022-03-17T10:01:02","date_gmt":"2022-03-17T14:01:02","guid":{"rendered":"https:\/\/diarioelpopular.com\/?p=502138"},"modified":"2022-03-17T10:03:11","modified_gmt":"2022-03-17T14:03:11","slug":"canada-esta-bajando-su-guardia-covid-19-demasiado-rapido-los-expertos-opinan","status":"publish","type":"post","link":"https:\/\/diarioelpopular.com\/index.php\/2022\/03\/17\/canada-esta-bajando-su-guardia-covid-19-demasiado-rapido-los-expertos-opinan\/","title":{"rendered":"\u00bfCanad\u00e1 est\u00e1 bajando su guardia COVID-19 demasiado r\u00e1pido? Los expertos opinan"},"content":{"rendered":"<p><img loading=\"lazy\" decoding=\"async\" class=\"alignnone size-custom-full-size wp-image-502139\" src=\"https:\/\/diarioelpopular.com\/wp-content\/uploads\/2022\/03\/1.885-636x441.jpg\" alt=\"\" width=\"636\" height=\"441\" srcset=\"https:\/\/diarioelpopular.com\/wp-content\/uploads\/2022\/03\/1.885-636x441.jpg 636w, https:\/\/diarioelpopular.com\/wp-content\/uploads\/2022\/03\/1.885-300x208.jpg 300w, https:\/\/diarioelpopular.com\/wp-content\/uploads\/2022\/03\/1.885-768x533.jpg 768w, https:\/\/diarioelpopular.com\/wp-content\/uploads\/2022\/03\/1.885-80x55.jpg 80w, https:\/\/diarioelpopular.com\/wp-content\/uploads\/2022\/03\/1.885-105x73.jpg 105w, https:\/\/diarioelpopular.com\/wp-content\/uploads\/2022\/03\/1.885.jpg 800w\" sizes=\"auto, (max-width: 636px) 100vw, 636px\" \/><\/p>\n<h4><em><strong>&#8211; A medida que las restricciones de salud p\u00fablica relacionadas con COVID-19 contin\u00faan disminuyendo en Canad\u00e1, los expertos est\u00e1n divididos sobre si los funcionarios est\u00e1n bajando la guardia demasiado r\u00e1pido.<\/strong><\/em><\/h4>\n<h4><em><strong>&#8211; Ford y Trudeau dicen que el acuerdo de cuidado infantil de Ontario llegar\u00e1 pronto a medida que se acerca la fecha l\u00edmite del a\u00f1o fiscal<\/strong><\/em><\/h4>\n<p><em><strong>OTTAWA.-<\/strong> <\/em>Se espera que el gobierno federal anuncie este jueves que pondr\u00e1 fin a los requisitos de pruebas previas a la llegada para los viajeros vacunados que ingresan a Canad\u00e1 antes del 1 de abril.<\/p>\n<p>La decisi\u00f3n se produce cuando casi todos los mandatos de mascarillas provinciales restantes se levantar\u00e1n en todo el pa\u00eds el lunes, con planes para eliminar todas las restricciones restantes para fines de abril.<\/p>\n<p>Si bien los expertos dicen que dan la bienvenida al final de las pruebas previas a la llegada, desconf\u00edan de lo que podr\u00eda significar el levantamiento de otras medidas de salud p\u00fablica para la pandemia en Canad\u00e1, y si los gobiernos las traer\u00e1n de vuelta si es necesario.<\/p>\n<p>\u201cPor lo que sabemos, este es un alto el fuego temporal en la pandemia\u201d, dijo Kerry Bowman, bio\u00e9tico y profesor asistente en la Universidad de Toronto.<\/p>\n<p>\u201cSi es as\u00ed, entonces todos necesitamos un descanso y deber\u00edamos tener ese descanso. Pero si hay necesidad de restricciones en el futuro, deben tener sentido para ese momento futuro, no para lo que funcion\u00f3 hace seis meses\u201d.<\/p>\n<p>Bowman se\u00f1al\u00f3 la disminuci\u00f3n en los casos, muertes y hospitalizaciones de COVID-19 a nivel nacional, que de hecho han ca\u00eddo desde los totales r\u00e9cord observados en el pico de la ola de variantes de Omicron a fines de diciembre y principios de enero.<\/p>\n<p>Pero esas cifras han seguido estabiliz\u00e1ndose durante las \u00faltimas dos semanas despu\u00e9s de estancarse en niveles m\u00e1s altos que los &#8220;altos el fuego&#8221; anteriores entre oleadas.<\/p>\n<p>Todav\u00eda hay m\u00e1s de 3.700 personas en el hospital debido a COVID-19, incluidos m\u00e1s de 400 pacientes en cuidados intensivos, mientras que el n\u00famero promedio diario de muertes en el pa\u00eds se mantiene por encima de 50.<\/p>\n<p>A pesar de eso, las provincias se est\u00e1n moviendo r\u00e1pidamente para levantar las restricciones. Ontario y Nueva Escocia finalizar\u00e1n sus mandatos de uso de m\u00e1scaras en interiores para la mayor\u00eda de los lugares p\u00fablicos el lunes, uni\u00e9ndose a casi todas las dem\u00e1s jurisdicciones, excepto Quebec y la Isla del Pr\u00edncipe Eduardo, que apuntan a finalizar sus mandatos en abril.<\/p>\n<p>Los l\u00edmites de capacidad y las moratorias en grandes eventos tambi\u00e9n se suavizaron o eliminaron por completo en la mayor parte del pa\u00eds, mientras que los sistemas de pasaporte de vacunas tambi\u00e9n est\u00e1n finalizando.<\/p>\n<p>Mientras tanto, los epidemi\u00f3logos predicen un aumento potencial en los casos, o &#8220;ola peque\u00f1a&#8221;, que podr\u00eda ocurrir en la primavera a medida que las personas comienzan a reunirse m\u00e1s.<\/p>\n<p>Sin embargo, tambi\u00e9n reconocen que la combinaci\u00f3n de la alta tasa de vacunaci\u00f3n de Canad\u00e1 (m\u00e1s del 80 por ciento de la poblaci\u00f3n total ha recibido dos dosis, mientras que casi la mitad ha recibido un refuerzo) y la infecci\u00f3n previa debido a Omicron limitar\u00e1 otro aumento del sistema de atenci\u00f3n m\u00e9dica.<\/p>\n<p>El Dr. Sumon Chakrabarti, m\u00e9dico de enfermedades infecciosas de Trillium Health Partners, dice que tener esa &#8220;onda peque\u00f1a&#8221; en los pr\u00f3ximos meses podr\u00eda ser el mejor de los casos.<\/p>\n<p>\u201cDebemos recordar que en climas templados, ocasionalmente se observa un peque\u00f1o aumento en las infecciones respiratorias cerca del final del invierno\u201d, dijo a Global News en una entrevista anterior.<\/p>\n<p>\u201cSi vas a tener un peque\u00f1o bache, quieres que eso suceda lo m\u00e1s lejos posible del comienzo del invierno. En primavera\u2026 el impacto en el sistema de salud va a ser mucho menor\u201d.<\/p>\n<p><em><strong>\u00bfQu\u00e9 podr\u00eda desencadenar un regreso a las restricciones?<\/strong><\/em><br \/>\nLos funcionarios federales de salud han dicho que solo la aparici\u00f3n de una variante m\u00e1s mortal de COVID-19 podr\u00eda desencadenar un regreso a las restricciones.<\/p>\n<p>El Dr. Sumon Chakrabarti, m\u00e9dico de enfermedades infecciosas de Trillium Health Partners, dice que tener esa &#8220;onda peque\u00f1a&#8221; en los pr\u00f3ximos meses podr\u00eda ser el mejor de los casos.<\/p>\n<p>\u201cDebemos recordar que en climas templados, ocasionalmente se observa un peque\u00f1o aumento en las infecciones respiratorias cerca del final del invierno\u201d, dijo a Global News en una entrevista anterior.<\/p>\n<p>\u201cSi vas a tener un peque\u00f1o bache, quieres que eso suceda lo m\u00e1s lejos posible del comienzo del invierno. En primavera\u2026 el impacto en el sistema de salud va a ser mucho menor\u201d.<\/p>\n<p><em><strong>\u00bfQu\u00e9 podr\u00eda desencadenar un regreso a las restricciones?<\/strong><\/em><br \/>\nLos funcionarios federales de salud han dicho que solo la aparici\u00f3n de una variante m\u00e1s mortal de COVID-19 podr\u00eda desencadenar un regreso a las restricciones.<\/p>\n<p>Sin embargo, otros expertos advierten que tal variante ya podr\u00eda estar aqu\u00ed. La subvariante Omicron BA.2, que es m\u00e1s transmisible incluso que la variante Omicron original altamente infecciosa, ha ido en aumento en el oeste de Canad\u00e1 y se cree que est\u00e1 detr\u00e1s de un aumento reciente de casos en los Estados Unidos.<\/p>\n<p>El Dr. Gerald Evans, profesor de la Universidad de Queen que se especializa en enfermedades infecciosas, dice que el enmascaramiento y los l\u00edmites de capacidad deben permanecer vigentes hasta que se conozca el impacto total de BA.2.<\/p>\n<p>\u201cCreo que se ha apresurado un poco demasiado r\u00e1pido\u201d, dijo a Global News. \u201cSi no nos apresuramos a reducir las restricciones&#8230; probablemente podr\u00edamos mantener esa ola BA.2 un poco baja.<\/p>\n<p>Los l\u00edderes provinciales y los funcionarios de salud p\u00fablica advirtieron que la relajaci\u00f3n de las restricciones no significa que la pandemia haya terminado y dicen que los datos determinar\u00e1n su respuesta a futuros brotes.<\/p>\n<p>\u201cSalud P\u00fablica continuar\u00e1 monitoreando de cerca los datos que informan nuestra respuesta de salud p\u00fablica, incluidos los casos de COVID-19, las hospitalizaciones y la aparici\u00f3n de nuevas variantes de preocupaci\u00f3n\u201d, dijo un comunicado del Ministerio de Salud de la Columbia Brit\u00e1nica.<\/p>\n<p>Los ministerios de salud de Ontario y Alberta proporcionaron respuestas similares a Global News. Otras solicitudes de comentarios no fueron devueltas antes de la publicaci\u00f3n.<\/p>\n<p>Bowman dice que el fin del programa de pruebas previas a la llegada tiene menos que ver con una disminuci\u00f3n de casos y hospitalizaciones que con la eliminaci\u00f3n de una medida que hizo poco para detener la propagaci\u00f3n de COVID-19 en el pa\u00eds.<\/p>\n<p>\u201cEl noventa por ciento de la propagaci\u00f3n ya estaba ocurriendo dentro del pa\u00eds, por lo que la idea de detener la propagaci\u00f3n mediante pruebas antes de la llegada nunca tuvo mucho sentido\u201d, dijo.<\/p>\n<p>La continuaci\u00f3n planificada de las pruebas r\u00e1pidas para detectar nuevas variantes, por otro lado, demostrar\u00e1 ser mucho m\u00e1s efectiva, agreg\u00f3.<\/p>\n<p>En el futuro, Bowman dijo que es posible que m\u00e1s provincias permitan que las personas tomen sus propias decisiones sobre las medidas a seguir para protegerse, en lugar de exigir medidas para proteger a toda la sociedad.<\/p>\n<p>Eso, agreg\u00f3, tendr\u00eda m\u00e1s sentido para la nueva realidad de la pandemia y restaurar\u00eda la confianza p\u00fablica.<\/p>\n<p>\u201cEs solo una forma diferente de pensar\u201d, dijo. \u201cEstamos muy divididos en este momento. Mientras las personas se traten con respeto, independientemente de su elecci\u00f3n de usar una m\u00e1scara o quedarse en casa, creo que podr\u00eda funcionar\u201d.<\/p>\n<p>&nbsp;<\/p>\n<h4><em><strong>Ford y Trudeau dicen que el acuerdo de cuidado infantil de Ontario llegar\u00e1 pronto a medida que se acerca la fecha l\u00edmite del a\u00f1o fiscal<\/strong><\/em><\/h4>\n<div id=\"attachment_502140\" style=\"width: 646px\" class=\"wp-caption alignnone\"><img loading=\"lazy\" decoding=\"async\" aria-describedby=\"caption-attachment-502140\" class=\"size-custom-full-size wp-image-502140\" src=\"https:\/\/diarioelpopular.com\/wp-content\/uploads\/2022\/03\/1.-passport-636x425.jpg\" alt=\"\" width=\"636\" height=\"425\" srcset=\"https:\/\/diarioelpopular.com\/wp-content\/uploads\/2022\/03\/1.-passport-636x425.jpg 636w, https:\/\/diarioelpopular.com\/wp-content\/uploads\/2022\/03\/1.-passport-300x200.jpg 300w, https:\/\/diarioelpopular.com\/wp-content\/uploads\/2022\/03\/1.-passport-768x513.jpg 768w, https:\/\/diarioelpopular.com\/wp-content\/uploads\/2022\/03\/1.-passport-109x73.jpg 109w, https:\/\/diarioelpopular.com\/wp-content\/uploads\/2022\/03\/1.-passport.jpg 800w\" sizes=\"auto, (max-width: 636px) 100vw, 636px\" \/><p id=\"caption-attachment-502140\" class=\"wp-caption-text\">Checking the green pass on a smartphone, required for entry to an exhibition event. Selective focus. Aosta, Italy &#8211; August 2021<\/p><\/div>\n<p>El primer ministro y el premier de Ontario prometieron este mi\u00e9rcoles que &#8220;muy pronto&#8221; se har\u00eda un anuncio sobre un plan de cuidado infantil propuesto de $10 por d\u00eda en medio de llamados a un acuerdo antes de que se acerque r\u00e1pidamente el final del a\u00f1o fiscal.<\/p>\n<p>A Justin Trudeau y Doug Ford se les pregunt\u00f3 sobre el estado de las negociaciones en un anuncio no relacionado en Alliston, Ontario, el mi\u00e9rcoles, donde dijeron que continuaban las conversaciones sobre el asunto.<\/p>\n<p>Los funcionarios de ambos niveles de gobierno han comentado p\u00fablicamente los puntos conflictivos: Ontario quiere m\u00e1s fondos prometidos y Ottawa solicita un plan de gastos m\u00e1s claro, pero Trudeau dijo el mi\u00e9rcoles que las dos partes est\u00e1n de acuerdo en que quieren hacer la vida m\u00e1s asequible para las familias.<\/p>\n<p>\u201cEl punto en com\u00fan que siempre hemos compartido es el deseo de ver costos m\u00e1s bajos para las familias trabajadoras en todo Ontario y, de hecho, en todo el pa\u00eds y hacer las cosas que los ayudar\u00e1n a salir adelante\u201d, dijo Trudeau.<\/p>\n<p>\u201cEl gobierno de Canad\u00e1 y el gobierno de Ontario est\u00e1n trabajando muy duro y muy bien juntos y esperamos tener anuncios para hacer pronto\u201d.<\/p>\n<p>Ford se hizo eco de los comentarios de Trudeau y repiti\u00f3, como lo ha hecho durante meses, que pronto llegar\u00eda un acuerdo.<\/p>\n<p>\u201cNuestros equipos trabajan juntos todos los d\u00edas y muy, muy pronto tendremos un anuncio\u201d, dijo el primer ministro.<\/p>\n<p>Ontario es la \u00fanica jurisdicci\u00f3n canadiense que no se ha adherido al plan de Ottawa, cuyo objetivo es reducir las tarifas de cuidado infantil en un promedio del 50 por ciento para fines de este a\u00f1o y a un promedio de $10 por d\u00eda para 2026.<\/p>\n<p>Est\u00e1n aumentando las llamadas para que Ontario finalice un acuerdo antes de que finalice el a\u00f1o fiscal el 31 de marzo para garantizar que se utilicen los fondos asignados para este a\u00f1o.<\/p>\n<p>Ford ha sostenido que la oferta de financiamiento actual de $10,200 millones es insuficiente para las necesidades de su provincia. Su gobierno tambi\u00e9n ha pedido garant\u00edas de que el programa durar\u00e1 m\u00e1s de cinco a\u00f1os.<\/p>\n<p>El gobierno federal dijo este mes que Ontario hab\u00eda presentado recientemente su propuesta detallada de gastos para la financiaci\u00f3n propuesta, lo que permiti\u00f3 que las negociaciones pasaran a la siguiente etapa.<\/p>\n<p>Los comentarios de Trudeau y Ford se produjeron despu\u00e9s de que un grupo de educadores de cuidado infantil enviara una carta a funcionarios de ambos gobiernos instando a un acuerdo r\u00e1pido que aborde los desaf\u00edos de la fuerza laboral como salarios, tiempo libre pagado y otros factores para garantizar que los trabajadores del sector no se vean obligados a irse. sus carreras<\/p>\n<p>La Coalici\u00f3n de Ontario para un Mejor Cuidado Infantil y la Asociaci\u00f3n de Educadores de la Primera Infancia de Ontario escribieron al Ministro de Educaci\u00f3n de Ontario, Stephen Lecce, y a la Ministra Federal de Familias, Karina Gould, solicitando que los fondos esperados respalden nuevos roles de profesionales, ayuden a las personas que buscan mejorar sus calificaciones y respondan espec\u00edficamente a necesidades en comunidades marginadas y rurales.<\/p>\n<p>\u201cSabemos que (los educadores de la primera infancia) y el personal de la primera infancia son esenciales, lo eran antes de COVID y lo ser\u00e1n despu\u00e9s\u201d, dec\u00eda la carta.<\/p>\n<p>\u201cSin un acuerdo federal-provincial que incluya inversiones significativas en estas \u00e1reas, la fuerza laboral de ECE no tendr\u00e1 m\u00e1s remedio que continuar saliendo del sector en masa\u201d.<\/p>\n","protected":false},"excerpt":{"rendered":"<p>&#8211; A medida que las restricciones de salud p\u00fablica relacionadas con COVID-19 contin\u00faan disminuyendo en Canad\u00e1, los expertos est\u00e1n divididos sobre si los funcionarios est\u00e1n&hellip;<\/p>\n","protected":false},"author":99,"featured_media":502139,"comment_status":"open","ping_status":"open","sticky":false,"template":"","format":"standard","meta":{"footnotes":""},"categories":[21,11191],"tags":[],"class_list":["post-502138","post","type-post","status-publish","format-standard","has-post-thumbnail","hentry","category-canada","category-top-news"],"_links":{"self":[{"href":"https:\/\/diarioelpopular.com\/index.php\/wp-json\/wp\/v2\/posts\/502138","targetHints":{"allow":["GET"]}}],"collection":[{"href":"https:\/\/diarioelpopular.com\/index.php\/wp-json\/wp\/v2\/posts"}],"about":[{"href":"https:\/\/diarioelpopular.com\/index.php\/wp-json\/wp\/v2\/types\/post"}],"author":[{"embeddable":true,"href":"https:\/\/diarioelpopular.com\/index.php\/wp-json\/wp\/v2\/users\/99"}],"replies":[{"embeddable":true,"href":"https:\/\/diarioelpopular.com\/index.php\/wp-json\/wp\/v2\/comments?post=502138"}],"version-history":[{"count":1,"href":"https:\/\/diarioelpopular.com\/index.php\/wp-json\/wp\/v2\/posts\/502138\/revisions"}],"predecessor-version":[{"id":502141,"href":"https:\/\/diarioelpopular.com\/index.php\/wp-json\/wp\/v2\/posts\/502138\/revisions\/502141"}],"wp:featuredmedia":[{"embeddable":true,"href":"https:\/\/diarioelpopular.com\/index.php\/wp-json\/wp\/v2\/media\/502139"}],"wp:attachment":[{"href":"https:\/\/diarioelpopular.com\/index.php\/wp-json\/wp\/v2\/media?parent=502138"}],"wp:term":[{"taxonomy":"category","embeddable":true,"href":"https:\/\/diarioelpopular.com\/index.php\/wp-json\/wp\/v2\/categories?post=502138"},{"taxonomy":"post_tag","embeddable":true,"href":"https:\/\/diarioelpopular.com\/index.php\/wp-json\/wp\/v2\/tags?post=502138"}],"curies":[{"name":"wp","href":"https:\/\/api.w.org\/{rel}","templated":true}]}}