{"id":502161,"date":"2022-03-18T12:00:36","date_gmt":"2022-03-18T16:00:36","guid":{"rendered":"https:\/\/diarioelpopular.com\/?p=502161"},"modified":"2022-03-18T12:00:36","modified_gmt":"2022-03-18T16:00:36","slug":"corte-constitucional-ordena-libertad-a-alberto-fujimori-expresidente-de-peru","status":"publish","type":"post","link":"https:\/\/diarioelpopular.com\/index.php\/2022\/03\/18\/corte-constitucional-ordena-libertad-a-alberto-fujimori-expresidente-de-peru\/","title":{"rendered":"Corte Constitucional ordena libertad a Alberto Fujimori, expresidente de Per\u00fa"},"content":{"rendered":"<h4><\/h4>\n<p><img loading=\"lazy\" decoding=\"async\" class=\"alignnone size-custom-full-size wp-image-502162\" src=\"https:\/\/diarioelpopular.com\/wp-content\/uploads\/2022\/03\/alberto-fujimori_39653353_20220317143433.jpg\" alt=\"\" width=\"580\" height=\"365\" srcset=\"https:\/\/diarioelpopular.com\/wp-content\/uploads\/2022\/03\/alberto-fujimori_39653353_20220317143433.jpg 580w, https:\/\/diarioelpopular.com\/wp-content\/uploads\/2022\/03\/alberto-fujimori_39653353_20220317143433-300x189.jpg 300w, https:\/\/diarioelpopular.com\/wp-content\/uploads\/2022\/03\/alberto-fujimori_39653353_20220317143433-116x73.jpg 116w\" sizes=\"auto, (max-width: 580px) 100vw, 580px\" \/><\/p>\n<ul class=\"bxDetailPrimary-16949864\">\n<li class=\"detalle-image-1\">\n<figure class=\"imagen-noticia\">\n<div><img loading=\"lazy\" decoding=\"async\" title=\"La Corte peruana le restituy\u00f3 el indulto a Fujimori. FOTO: AFP.\" src=\"https:\/\/www.elcolombiano.com\/binrepository\/650x365\/15c0\/580d365\/none\/11101\/DCAT\/alberto-fujimori_39653353_20220317143433.jpg\" sizes=\"auto, (min-width: 801px) 900px,(min-width: 701px) 800px,(min-width: 601px) 700px,(min-width: 501px) 600px,(min-width: 401px) 500px,(min-width: 301px) 400px,(min-width: 1px) 300px\" srcset=\"\/\/www.elcolombiano.com\/binrepository\/650x365\/15c0\/580d365\/none\/11101\/DCAT\/alberto-fujimori_39653353_20220317143433.jpg 580w,\/\/www.elcolombiano.com\/binrepository\/542x304\/13c0\/483d304\/none\/11101\/DCFS\/alberto-fujimori_39653353_20220317143433.jpg 483w,\/\/www.elcolombiano.com\/binrepository\/433x243\/10c0\/387d243\/none\/11101\/DCEU\/alberto-fujimori_39653353_20220317143433.jpg 387w,\/\/www.elcolombiano.com\/binrepository\/336x189\/8c0\/300d189\/none\/11101\/DCOY\/alberto-fujimori_39653353_20220317143433.jpg 300w\" alt=\"La Corte peruana le restituy\u00f3 el indulto a Fujimori. FOTO: AFP.\" width=\"580\" height=\"365\" \/><\/div>\n<\/figure>\n<p><em>La Corte peruana le restituy\u00f3 el indulto a Fujimori. FOTO: AFP.<\/em><\/li>\n<\/ul>\n<h4 class=\"lead cita\"><em><strong>&#8211; El expresidente hab\u00eda sido condenado a 25 a\u00f1os de prisi\u00f3n.<\/strong><\/em><\/h4>\n<p>El Tribunal Constitucional de Per\u00fa (TC) orden\u00f3 este jueves liberar al expresidente\u00a0Alberto Fujimori, condenado a 25 a\u00f1os de prisi\u00f3n por abusos de derechos humanos,\u00a0al restituirle un indulto otorgado en diciembre 2017 y anulado en octubre de 2018, inform\u00f3 una fuente judicial.<\/p>\n<p>\u201cTC declar\u00f3 fundada la demanda de h\u00e1beas corpus\u201d en favor de Fujimori, de 83 a\u00f1os y quien gobern\u00f3 entre 1990 y 2000, lo que permite su liberaci\u00f3n en los pr\u00f3ximos d\u00edas, dijo a la AFP la fuente, que pidi\u00f3 conservar el anonimato. Los fallos de este tribunal son inapelables.<\/p>\n<p>En concreto, el m\u00e1ximo organismo constitucional del pa\u00eds revis\u00f3 un h\u00e1beas corpus interpuesto por el abogado Gregorio Parco Alarc\u00f3n contra la resoluci\u00f3n de la\u00a0Corte Suprema que en 2018 dej\u00f3 sin efecto el indulto otorgado a Fujimori\u00a0el 24 de diciembre de 2017 por el entonces presidente Pedro Pablo Kuczynski (2016-2018).<\/p>\n<p>La votaci\u00f3n en el Tribunal, conformado por seis magistrados, arroj\u00f3 un empate de tres votos a favor y tres en contra de acoger el h\u00e1beas corpus. Pero el presidente del TC, Augusto Ferrero, inclin\u00f3 la balanza a favor de Fujimori debido a que su voto se cuenta como doble.<\/p>\n<p>El TC peruano, que debe estar conformado por siete miembros, se mantiene desde septiembre del a\u00f1o pasado con seis integrantes, tras la muerte del magistrado Carlos Ramos. En ese sentido, los medios locales se\u00f1alaron que Ferrero, por ser el actual presidente del TC, tiene la facultad de emitir un \u201cvoto de calidad o voto doble\u201d para romper el empate.<\/p>\n<p>La Justicia peruana orden\u00f3 la nulidad del indulto despu\u00e9s de considerar que no cumpl\u00eda con las exigencias legales y carec\u00eda de efectos jur\u00eddicos, por lo que\u00a0Fujimori debi\u00f3 regresar a la prisi\u00f3n del cuartel policial\u00a0del este de Lima en el que cumple su condena.<\/p>\n<p>Fujimori, de 83 a\u00f1os, hab\u00eda sido hospitalizado de emergencia el pasado 3 de marzo, tras sufrir una crisis card\u00edaca en la base policial donde cumpl\u00eda \u2013desde 2007 una\u00a0sentencia de 25 a\u00f1os de prisi\u00f3npor la muerte de 25 personas en dos matanzas y por su participaci\u00f3n en los secuestros de Gustavo Gorriti, periodista, y Samuel Dyer, empresario.<\/p>\n<p>Fujimori es el primer exmandatario de Latinoam\u00e9rica en ser juzgado y condenado en su pa\u00eds por cr\u00edmenes de lesa humanidad.<\/p>\n<p>Ambas masacres fueron perpetradas por el\u00a0Grupo Colina, un escuadr\u00f3n de la muerte del ej\u00e9rcito peruano, en supuestas operaciones antiterroristas durante su gobierno (1990-2000).<\/p>\n<p>Las matanzas sucedieron en la capital peruana,\u00a0Lima. Una en 1991 en el vecindario de Barrios Altos, cuando el Grupo Colina irrumpi\u00f3 en una fiesta organizada para recoger fondos para la reparaci\u00f3n del desag\u00fce de un edificio, de acuerdo con varias versiones, los asistentes fueron confundidos con integrantes de la organizaci\u00f3n armada Sendero Luminoso. Esa noche\u00a015 personas, incluido un ni\u00f1o de 4 a\u00f1os, fueron asesinadas, otras 4 resultaron heridas.<\/p>\n<p>Un a\u00f1o despu\u00e9s, en 1992, tuvo lugar la segunda masacre en la Universidad de la Cantuta, cuando un profesor y nueve estudiantes fueron secuestrados y posteriormente asesinados. Nuevamente, los civiles fueron\u00a0confundidos con militantes de Sendero Luminoso. La acci\u00f3n del grupo antiterrorista fue en retaliaci\u00f3n a un coche bomba detonado dos d\u00edas antes en la calle Tarata, en el que murieron 20 personas.<\/p>\n<p><b>Reacci\u00f3n de la izquierda<\/b><\/p>\n<p>Tras conocerse que este jueves se debatir\u00eda el recurso, la bancada de\u00a0la coalici\u00f3n izquierdista Juntos Por el Per\u00fa (JPP)\u00a0se\u00f1al\u00f3 que \u201cliberar a Fujimori ser\u00eda desconocer los cr\u00edmenes\u201d por los que fue condenado y los actos de corrupci\u00f3n cometidos durante su r\u00e9gimen.<\/p>\n<p>\u201cEl TC tiene el deber de garantizar el derecho a la justicia de todas las v\u00edctimas y no puede ser c\u00f3mplice de un atropello a la dignidad del pa\u00eds\u201d, remarc\u00f3 la agrupaci\u00f3n en Twitter.<\/p>\n<p>La tambi\u00e9n legisladora izquierdista Sigrid Baz\u00e1n agreg\u00f3 que Fujimori \u201cnunca pidi\u00f3 perd\u00f3n ni se arrepinti\u00f3 y hasta ahora no ha pagado ni un sol de su reparaci\u00f3n civil\u201d al Estado.<\/p>\n<p>Por su parte, el jurista Carlos Rivera, abogado de defensor de las v\u00edctimas de los cr\u00edmenes por los que fue condenado el exmandatario, se\u00f1al\u00f3 que los magistrados que apoyan la liberaci\u00f3n de Fujimori parece que \u201csolo cumplen (una) agenda pol\u00edtica y de paso har\u00e1n el rid\u00edculo internacional\u201d.<\/p>\n","protected":false},"excerpt":{"rendered":"<p>La Corte peruana le restituy\u00f3 el indulto a Fujimori. FOTO: AFP. &#8211; El expresidente hab\u00eda sido condenado a 25 a\u00f1os de prisi\u00f3n. El Tribunal Constitucional&hellip;<\/p>\n","protected":false},"author":99,"featured_media":502162,"comment_status":"open","ping_status":"open","sticky":false,"template":"","format":"standard","meta":{"footnotes":""},"categories":[23],"tags":[],"class_list":["post-502161","post","type-post","status-publish","format-standard","has-post-thumbnail","hentry","category-latinoamerica"],"_links":{"self":[{"href":"https:\/\/diarioelpopular.com\/index.php\/wp-json\/wp\/v2\/posts\/502161","targetHints":{"allow":["GET"]}}],"collection":[{"href":"https:\/\/diarioelpopular.com\/index.php\/wp-json\/wp\/v2\/posts"}],"about":[{"href":"https:\/\/diarioelpopular.com\/index.php\/wp-json\/wp\/v2\/types\/post"}],"author":[{"embeddable":true,"href":"https:\/\/diarioelpopular.com\/index.php\/wp-json\/wp\/v2\/users\/99"}],"replies":[{"embeddable":true,"href":"https:\/\/diarioelpopular.com\/index.php\/wp-json\/wp\/v2\/comments?post=502161"}],"version-history":[{"count":1,"href":"https:\/\/diarioelpopular.com\/index.php\/wp-json\/wp\/v2\/posts\/502161\/revisions"}],"predecessor-version":[{"id":502163,"href":"https:\/\/diarioelpopular.com\/index.php\/wp-json\/wp\/v2\/posts\/502161\/revisions\/502163"}],"wp:featuredmedia":[{"embeddable":true,"href":"https:\/\/diarioelpopular.com\/index.php\/wp-json\/wp\/v2\/media\/502162"}],"wp:attachment":[{"href":"https:\/\/diarioelpopular.com\/index.php\/wp-json\/wp\/v2\/media?parent=502161"}],"wp:term":[{"taxonomy":"category","embeddable":true,"href":"https:\/\/diarioelpopular.com\/index.php\/wp-json\/wp\/v2\/categories?post=502161"},{"taxonomy":"post_tag","embeddable":true,"href":"https:\/\/diarioelpopular.com\/index.php\/wp-json\/wp\/v2\/tags?post=502161"}],"curies":[{"name":"wp","href":"https:\/\/api.w.org\/{rel}","templated":true}]}}