{"id":502174,"date":"2022-03-20T13:02:14","date_gmt":"2022-03-20T17:02:14","guid":{"rendered":"https:\/\/diarioelpopular.com\/?p=502174"},"modified":"2022-03-20T13:02:14","modified_gmt":"2022-03-20T17:02:14","slug":"el-levantamiento-de-los-mandatos-de-mascara-de-ontario-este-lunes-deja-a-algunos-con-una-eleccion-dificil","status":"publish","type":"post","link":"https:\/\/diarioelpopular.com\/index.php\/2022\/03\/20\/el-levantamiento-de-los-mandatos-de-mascara-de-ontario-este-lunes-deja-a-algunos-con-una-eleccion-dificil\/","title":{"rendered":"El levantamiento de los mandatos de m\u00e1scara de Ontario este lunes deja a algunos con una elecci\u00f3n dif\u00edcil"},"content":{"rendered":"<p><img loading=\"lazy\" decoding=\"async\" class=\"alignnone size-custom-full-size wp-image-502175\" src=\"https:\/\/diarioelpopular.com\/wp-content\/uploads\/2022\/03\/1.ccinated-636x424.jpg\" alt=\"\" width=\"636\" height=\"424\" srcset=\"https:\/\/diarioelpopular.com\/wp-content\/uploads\/2022\/03\/1.ccinated-636x424.jpg 636w, https:\/\/diarioelpopular.com\/wp-content\/uploads\/2022\/03\/1.ccinated-300x200.jpg 300w, https:\/\/diarioelpopular.com\/wp-content\/uploads\/2022\/03\/1.ccinated-768x512.jpg 768w, https:\/\/diarioelpopular.com\/wp-content\/uploads\/2022\/03\/1.ccinated-110x73.jpg 110w, https:\/\/diarioelpopular.com\/wp-content\/uploads\/2022\/03\/1.ccinated.jpg 800w\" sizes=\"auto, (max-width: 636px) 100vw, 636px\" \/><\/p>\n<h4><em><strong>&#8211; Han pasado casi dos a\u00f1os desde que usamos m\u00e1scaras, pero el lunes ya no ser\u00e1n obligatorias.<\/strong><\/em><\/h4>\n<p>La provincia ahora est\u00e1 dejando que los residentes tomen la decisi\u00f3n de usar uno o no.<\/p>\n<p>Pero la idea de deshacerse de otra capa de protecci\u00f3n es algo de lo que no todos est\u00e1n tan seguros.<\/p>\n<p>\u201cVeo por qu\u00e9 la gente lo est\u00e1 haciendo\u201d, dice Bill Fisher. \u201cNo estoy seguro de cu\u00e1ndo es el momento adecuado, pero prefiero seguir el consejo m\u00e9dico\u201d.<\/p>\n<p>A partir de este 21 de marzo, las m\u00e1scaras ser\u00e1n completamente opcionales en la mayor\u00eda de los lugares, incluidos restaurantes, escuelas, gimnasios, centros comerciales, supermercados y otros edificios p\u00fablicos. Para algunos residentes, eso est\u00e1 bien.<\/p>\n<p>\u201cCreo que ha lastimado a demasiadas personas en muchos niveles\u201d, dice Mark Potter. \u201cCreo que es hora de relajar las restricciones\u201d.<\/p>\n<p>\u201cNecesitamos encontrar una manera de avanzar\u201d, dice Jill Morgan, que caminaba con su hijo peque\u00f1o. \u201cPlaneo seguir usando uno y mi hijo tambi\u00e9n\u201d.<\/p>\n<p>Es una posici\u00f3n precaria para los due\u00f1os de negocios, ya que es posible que algunos no est\u00e9n listos para quitarse las m\u00e1scaras. Jennifer Jones, copropietaria de Seagull Classics, dice que puede ser demasiado pronto para algunos clientes.<\/p>\n<p>\u201cEstoy un poco preocupada por eso\u201d, dice, ya que sus padres estaban trabajando en la tienda. El negocio ha sido un elemento b\u00e1sico en las playas de Toronto durante los \u00faltimos 34 a\u00f1os. Ella dice que por ahora seguir\u00e1n usando m\u00e1scaras para proteger a su familia.<\/p>\n<p>\u201cTengo a mi madre anciana que trabaja aqu\u00ed, por lo que podr\u00eda tener peores efectos\u201d, dice. \u201cCreo que me dejar\u00e9 la m\u00e1scara puesta por un tiempo\u201d.<\/p>\n<p>M\u00e1s abajo en Queen Street, algunos miembros del personal de un popular local de desayunos esperan un nuevo comienzo.<\/p>\n<p>\u201cMe siento bien\u201d, dice Jenny-Lynn Clarke, mesera en Sunset Grill. &#8220;Estoy totalmente listo, hag\u00e1moslo&#8221;.<\/p>\n<p>Los pasaportes de vacunas y los l\u00edmites de capacidad se han levantado en casi todas las instalaciones ahora, dejando a algunas familias con la decisi\u00f3n de si quieren asumir el riesgo que puede representar salir a comer.<\/p>\n<p>El escenario es un poco preocupante para algunos padres. Shannon Kao y su familia est\u00e1n tratando de volver a la normalidad, sacando a su hijo una vez m\u00e1s. Pero ella dice que con las cosas cambiando lentamente y los n\u00fameros de casos a\u00fan altos, no est\u00e1n seguros de d\u00f3nde se sientan con la idea ya que su hijo de tres a\u00f1os a\u00fan no est\u00e1 vacunado.<\/p>\n<p>\u201cSin embargo, tenemos que seguir adelante\u201d, dice Kao. \u201cQuiero decir, me siento muy en conflicto, s\u00ed en conflicto\u201d.<\/p>\n<p>\u201cCreo que todo el mundo tiene sentimientos complicados al respecto\u201d, a\u00f1ade. \u201cEn cierto modo, tenemos que seguir adelante\u201d.<\/p>\n<p>La especialista en enfermedades infecciosas Anna Banerji dice que abandonar el mandato en toda la provincia olvida a las poblaciones vulnerables, incluidos los ni\u00f1os y las comunidades de las Primeras Naciones.<\/p>\n<p>\u201cCuando haces estas generalizaciones para Ontario y dejas de lado a ciertos grupos vulnerables, pones a las poblaciones en mayor riesgo\u201d, dice Banerji.<\/p>\n<p>\u201cLas comunidades de las Primeras Naciones tambi\u00e9n est\u00e1n teniendo brotes, y algunas de estas \u00e1reas no est\u00e1n muy vacunadas\u201d.<\/p>\n<p>Banerji dice que aunque reconoce que los ni\u00f1os no son necesariamente de alto riesgo, pueden transmitir el virus a un miembro de la familia m\u00e1s vulnerable.<\/p>\n<p>\u201c(Algunas) familias no van a elegir sus m\u00e1scaras con sus hijos. Si est\u00e1n expuestos en la escuela, entonces los abuelos ancianos o la madre en quimioterapia, est\u00e1n en riesgo\u201d, dice.<\/p>\n<p>Mientras tanto, la principal m\u00e9dica de Canad\u00e1, Theresa Tam, dice que aunque se est\u00e1n eliminando los mandatos en varias provincias, alienta a los canadienses a continuar usando m\u00e1scaras.<\/p>\n<p>\u201cEstamos en un per\u00edodo de incertidumbre en el que el virus a\u00fan est\u00e1 evolucionando\u201d, dijo Tam.<\/p>\n<p>\u201cAs\u00ed que vacunarse adem\u00e1s de usar una m\u00e1scara sigue siendo una muy buena idea\u201d.<\/p>\n<p>Pero no todo el mundo se muestra esc\u00e9ptico a la hora de dejarlos caer. El Dr. Sumon Chakrabarti, m\u00e9dico de enfermedades infecciosas, dice que dadas las opciones que tenemos ahora, incluidas las vacunas y otras opciones farmac\u00e9uticas para las personas afectadas, debemos evaluar c\u00f3mo avanzamos.<\/p>\n<p>\u201cCreo que tenemos que analizar muy bien la evidencia de los \u00faltimos dos a\u00f1os\u201d, dice.<\/p>\n<p>\u201cNecesitamos ser honestos con nosotros mismos sobre cosas como otras intervenciones no farmac\u00e9uticas como las m\u00e1scaras y lo que pueden hacer. Y si vale la pena correr el riesgo de hacerlo obligatorio para toda la poblaci\u00f3n\u201d.<\/p>\n<p>Los mandatos seguir\u00e1n vigentes para entornos de atenci\u00f3n m\u00e9dica, como hospitales, as\u00ed como hogares de atenci\u00f3n a largo plazo, transporte p\u00fablico, refugios y otras \u00e1reas. Se levantar\u00e1n a fines de abril, a medida que la provincia intenta avanzar.<\/p>\n","protected":false},"excerpt":{"rendered":"<p>&#8211; Han pasado casi dos a\u00f1os desde que usamos m\u00e1scaras, pero el lunes ya no ser\u00e1n obligatorias. La provincia ahora est\u00e1 dejando que los residentes&hellip;<\/p>\n","protected":false},"author":99,"featured_media":502175,"comment_status":"open","ping_status":"open","sticky":false,"template":"","format":"standard","meta":{"footnotes":""},"categories":[21,11191],"tags":[],"class_list":["post-502174","post","type-post","status-publish","format-standard","has-post-thumbnail","hentry","category-canada","category-top-news"],"_links":{"self":[{"href":"https:\/\/diarioelpopular.com\/index.php\/wp-json\/wp\/v2\/posts\/502174","targetHints":{"allow":["GET"]}}],"collection":[{"href":"https:\/\/diarioelpopular.com\/index.php\/wp-json\/wp\/v2\/posts"}],"about":[{"href":"https:\/\/diarioelpopular.com\/index.php\/wp-json\/wp\/v2\/types\/post"}],"author":[{"embeddable":true,"href":"https:\/\/diarioelpopular.com\/index.php\/wp-json\/wp\/v2\/users\/99"}],"replies":[{"embeddable":true,"href":"https:\/\/diarioelpopular.com\/index.php\/wp-json\/wp\/v2\/comments?post=502174"}],"version-history":[{"count":1,"href":"https:\/\/diarioelpopular.com\/index.php\/wp-json\/wp\/v2\/posts\/502174\/revisions"}],"predecessor-version":[{"id":502176,"href":"https:\/\/diarioelpopular.com\/index.php\/wp-json\/wp\/v2\/posts\/502174\/revisions\/502176"}],"wp:featuredmedia":[{"embeddable":true,"href":"https:\/\/diarioelpopular.com\/index.php\/wp-json\/wp\/v2\/media\/502175"}],"wp:attachment":[{"href":"https:\/\/diarioelpopular.com\/index.php\/wp-json\/wp\/v2\/media?parent=502174"}],"wp:term":[{"taxonomy":"category","embeddable":true,"href":"https:\/\/diarioelpopular.com\/index.php\/wp-json\/wp\/v2\/categories?post=502174"},{"taxonomy":"post_tag","embeddable":true,"href":"https:\/\/diarioelpopular.com\/index.php\/wp-json\/wp\/v2\/tags?post=502174"}],"curies":[{"name":"wp","href":"https:\/\/api.w.org\/{rel}","templated":true}]}}