{"id":502177,"date":"2022-03-20T13:09:53","date_gmt":"2022-03-20T17:09:53","guid":{"rendered":"https:\/\/diarioelpopular.com\/?p=502177"},"modified":"2022-03-20T13:09:53","modified_gmt":"2022-03-20T17:09:53","slug":"el-numero-dos-del-clan-del-golfo-se-escapa-de-una-prision-colombiana-por-la-puerta-y-vestido-de-militar","status":"publish","type":"post","link":"https:\/\/diarioelpopular.com\/index.php\/2022\/03\/20\/el-numero-dos-del-clan-del-golfo-se-escapa-de-una-prision-colombiana-por-la-puerta-y-vestido-de-militar\/","title":{"rendered":"El \u2018n\u00famero dos\u2019 del Clan del Golfo se escapa de una prisi\u00f3n colombiana por la puerta y vestido de militar"},"content":{"rendered":"<p><img loading=\"lazy\" decoding=\"async\" class=\"alignnone size-custom-full-size wp-image-502178\" src=\"https:\/\/diarioelpopular.com\/wp-content\/uploads\/2022\/03\/EuropaPress_2731037_agentes_instituto_nacional_penitenciario_carcelario_carcel_modelo_bogota-636x358.jpg\" alt=\"\" width=\"636\" height=\"358\" srcset=\"https:\/\/diarioelpopular.com\/wp-content\/uploads\/2022\/03\/EuropaPress_2731037_agentes_instituto_nacional_penitenciario_carcelario_carcel_modelo_bogota-636x358.jpg 636w, https:\/\/diarioelpopular.com\/wp-content\/uploads\/2022\/03\/EuropaPress_2731037_agentes_instituto_nacional_penitenciario_carcelario_carcel_modelo_bogota-300x169.jpg 300w, https:\/\/diarioelpopular.com\/wp-content\/uploads\/2022\/03\/EuropaPress_2731037_agentes_instituto_nacional_penitenciario_carcelario_carcel_modelo_bogota-768x432.jpg 768w, https:\/\/diarioelpopular.com\/wp-content\/uploads\/2022\/03\/EuropaPress_2731037_agentes_instituto_nacional_penitenciario_carcelario_carcel_modelo_bogota-130x73.jpg 130w, https:\/\/diarioelpopular.com\/wp-content\/uploads\/2022\/03\/EuropaPress_2731037_agentes_instituto_nacional_penitenciario_carcelario_carcel_modelo_bogota.jpg 1024w\" sizes=\"auto, (max-width: 636px) 100vw, 636px\" \/><\/p>\n<p><em>Agentes del Instituto Nacional Penitenciario y Carcelario en la c\u00e1rcel La Modelo de Bogot\u00e1, Colombia. Foto de ARCHIVO.<\/em><\/p>\n<p>&nbsp;<\/p>\n<p><em><strong>&#8211; Un dirigente del grupo narcotraficante Clan del Golfo Juan Castro Estupi\u00f1\u00e1n, \u2018Matamba\u2019, \u2018n\u00famero dos\u2019 de la organizaci\u00f3n, se ha fugado de la prisi\u00f3n colombiana de La Picota tras atravesar hasta siete puertas, incluida la principal, y vestido de militar, por lo que ya se ha ordenado la \u201csuspensi\u00f3n provisional inmediata\u201d del director de prisi\u00f3n Juan Gabriel Gordillo y 56 funcionarios de la misma y se ha pedido la dimisi\u00f3n del ministro de Justicia, Wilson Ruiz. <\/strong><\/em><\/p>\n<p>Tras varias horas sin saber d\u00f3nde estaba \u2018Matamba\u2019, el Instituto Nacional Penitenciario y Carcelario (INPEC) ha confirmado que se fug\u00f3 de la prisi\u00f3n en la madrugada del viernes. Seg\u00fan la informaci\u00f3n inicial, \u2018Matamba\u2019 sali\u00f3 caminando por la puerta de de la c\u00e1rcel, al parecer, vestido de militar con rango de dragoneante &#8211;equivalente a cabo&#8211; alrededor de la 1.00 horas. Tras esta fuga, la procuradora general de la Naci\u00f3n, Margarita Cabello, anunci\u00f3 la apertura de una investigaci\u00f3n y la suspensi\u00f3n del \u201cdirector de la c\u00e1rcel La Picota, el subdirector y 55 integrantes del cuerpo de custodia\u201d. \u201cEs inaceptable. En menos de 20 d\u00edas estamos al frente de otro hecho vergonzoso que merece el rechazo de todos los colombianos\u201d, ha indicado Cabello en referencia a las salidas del empresario Carlos Mattos de la c\u00e1rcel de La Picota.<\/p>\n<p>\u201cSe orden\u00f3 la apertura de investigaci\u00f3n disciplinaria y suspensi\u00f3n provisional inmediata contra el director de La Picota, (el) mayor Juan Gabriel Gordillo, el subdirector y 55 integrantes del cuerpo de vigilancia del turno de la madrugada de hoy\u201d por considerar que podr\u00edan estar implicados en la fuga, ha apuntado en declaraciones recogidas por W Radio.<\/p>\n<p>Adem\u00e1s, el Senado colombiano ha pedido la dimisi\u00f3n del ministro de Justicia, Wilson Ruiz, por su responsabilidad pol\u00edtica en este incidente. \u201cMas all\u00e1 de solicitar el conteo de presos en la Picota para confirmar la fuga de \u2018Matamba\u2019, exjefe del Clan del Golfo y mano derecha de \u2018Otoniel\u2019, qu\u00e9 est\u00e1 haciendo el Ministerio de Justicia, aqu\u00ed el ministro Wilson Ruiz tiene que asumir la responsabilidad pol\u00edtica del desastre del INPEC\u201d, ha declarado el senador de Cambio Radical Carlos Fernando Motoa. Ruiz ha explicado que \u201cante esta fuga pusimos en marcha un plan candado con el apoyo de la Polic\u00eda, la Dij\u00edn y el Ej\u00e9rcito para dar con la recaptura del pr\u00f3fugo\u201d. \u201cIgualmente solicit\u00e9 a la Fiscal\u00eda y la Procuradur\u00eda que adelante las investigaciones respectivas para encontrar los responsables en el INPEC\u201d, ha asegurado. Tanto el director del INPEC, el general Tito Yesid Castellano, y el director de La Picota, Joaqu\u00edn Dar\u00edo Medrano Mu\u00f1oz, han tomado recientemente posesi\u00f3n de sus cargos tras el esc\u00e1ndalo que supuso que trascendiera que Mattos asistiera a su oficina privada durante un permiso m\u00e9dico. Mientras, la abogada de \u2018Matamba\u2019, Ang\u00e9lica Mart\u00ednez Cuj\u00e1n, ha afirmado en declaraciones a Caracol Radio que la fuga podr\u00eda tratarse de una posible desaparici\u00f3n dado que el pasado mi\u00e9rcoles iba a sentarse con la Fiscal\u00eda para negociar un preacuerdo.<\/p>\n<p>&nbsp;<\/p>\n","protected":false},"excerpt":{"rendered":"<p>Agentes del Instituto Nacional Penitenciario y Carcelario en la c\u00e1rcel La Modelo de Bogot\u00e1, Colombia. Foto de ARCHIVO. &nbsp; &#8211; Un dirigente del grupo narcotraficante&hellip;<\/p>\n","protected":false},"author":99,"featured_media":502178,"comment_status":"open","ping_status":"open","sticky":false,"template":"","format":"standard","meta":{"footnotes":""},"categories":[23],"tags":[],"class_list":["post-502177","post","type-post","status-publish","format-standard","has-post-thumbnail","hentry","category-latinoamerica"],"_links":{"self":[{"href":"https:\/\/diarioelpopular.com\/index.php\/wp-json\/wp\/v2\/posts\/502177","targetHints":{"allow":["GET"]}}],"collection":[{"href":"https:\/\/diarioelpopular.com\/index.php\/wp-json\/wp\/v2\/posts"}],"about":[{"href":"https:\/\/diarioelpopular.com\/index.php\/wp-json\/wp\/v2\/types\/post"}],"author":[{"embeddable":true,"href":"https:\/\/diarioelpopular.com\/index.php\/wp-json\/wp\/v2\/users\/99"}],"replies":[{"embeddable":true,"href":"https:\/\/diarioelpopular.com\/index.php\/wp-json\/wp\/v2\/comments?post=502177"}],"version-history":[{"count":1,"href":"https:\/\/diarioelpopular.com\/index.php\/wp-json\/wp\/v2\/posts\/502177\/revisions"}],"predecessor-version":[{"id":502179,"href":"https:\/\/diarioelpopular.com\/index.php\/wp-json\/wp\/v2\/posts\/502177\/revisions\/502179"}],"wp:featuredmedia":[{"embeddable":true,"href":"https:\/\/diarioelpopular.com\/index.php\/wp-json\/wp\/v2\/media\/502178"}],"wp:attachment":[{"href":"https:\/\/diarioelpopular.com\/index.php\/wp-json\/wp\/v2\/media?parent=502177"}],"wp:term":[{"taxonomy":"category","embeddable":true,"href":"https:\/\/diarioelpopular.com\/index.php\/wp-json\/wp\/v2\/categories?post=502177"},{"taxonomy":"post_tag","embeddable":true,"href":"https:\/\/diarioelpopular.com\/index.php\/wp-json\/wp\/v2\/tags?post=502177"}],"curies":[{"name":"wp","href":"https:\/\/api.w.org\/{rel}","templated":true}]}}