{"id":502190,"date":"2022-03-22T09:19:20","date_gmt":"2022-03-22T13:19:20","guid":{"rendered":"https:\/\/diarioelpopular.com\/?p=502190"},"modified":"2022-03-22T09:19:20","modified_gmt":"2022-03-22T13:19:20","slug":"diosdado-cabello-sugiere-operacion-militar-en-colombia-similar-a-la-de-rusia-contra-ucrania","status":"publish","type":"post","link":"https:\/\/diarioelpopular.com\/index.php\/2022\/03\/22\/diosdado-cabello-sugiere-operacion-militar-en-colombia-similar-a-la-de-rusia-contra-ucrania\/","title":{"rendered":"Diosdado Cabello sugiere operaci\u00f3n militar en Colombia similar a la de Rusia contra Ucrania"},"content":{"rendered":"<p>&nbsp;<\/p>\n<p><img loading=\"lazy\" decoding=\"async\" class=\"alignnone size-custom-full-size wp-image-502191\" src=\"https:\/\/diarioelpopular.com\/wp-content\/uploads\/2022\/03\/a20210716t043701-m-10-9622885_39674531_20220322063241.jpg\" alt=\"\" width=\"580\" height=\"365\" srcset=\"https:\/\/diarioelpopular.com\/wp-content\/uploads\/2022\/03\/a20210716t043701-m-10-9622885_39674531_20220322063241.jpg 580w, https:\/\/diarioelpopular.com\/wp-content\/uploads\/2022\/03\/a20210716t043701-m-10-9622885_39674531_20220322063241-300x189.jpg 300w, https:\/\/diarioelpopular.com\/wp-content\/uploads\/2022\/03\/a20210716t043701-m-10-9622885_39674531_20220322063241-116x73.jpg 116w\" sizes=\"auto, (max-width: 580px) 100vw, 580px\" \/><\/p>\n<p><em>Cabello es un exmilitar venezolano. Actualmente es el vicepresidente del partido del r\u00e9gimen. FOTO: CAROLINA CABRAL\/ GETTY.<\/em><\/p>\n<h4 class=\"lead cita\"><em><strong>El n\u00famero dos del chavismo hizo la declaraci\u00f3n en un encuentro del Partido Socialista Unido de Venezuela (PSUV).<\/strong><\/em><\/h4>\n<p>Diosdado Cabello, vicepresidente del Partido Socialista Unido de Venezuela (PSUV) y figura clave en el r\u00e9gimen de Nicol\u00e1s Maduro\u00a0sugiri\u00f3 una operaci\u00f3n militar similar a la que dirige Rusia en Ucrania en Colombia.<\/p>\n<p>La pol\u00e9mica declaraci\u00f3n la hizo en una rueda de prensa de su partido en la que aunque afirm\u00f3 que \u201cno es un experto en el tema\u201d y asever\u00f3 que \u201cde lo que ocurra en Ucrania va a salir un nuevo orden mundial\u201d.<\/p>\n<p>\u201cMientras m\u00e1s tiempo pase peor para los nazis de Ucrania porque la desnazificaci\u00f3n ser\u00e1 de ra\u00edz\u201d, opin\u00f3 Cabello. Posteriormente, el n\u00famero dos del chavismo inquiri\u00f3: \u201c\u00bfPor qu\u00e9 no aprovechan para descocainizar a Colombia?\u00a0A ver qu\u00e9 queda\u201d, concluy\u00f3.<\/p>\n<p>La invasi\u00f3n de Rusia a Ucrania, que este martes ajusta 27 d\u00edas, ha sido fuertemente criticada por la diplomacia internacional. Estados Unidos, Reino Unido, la Uni\u00f3n Europea, entre otros, han\u00a0impuestos sanciones econ\u00f3micas\u00a0a la agresi\u00f3n y han\u00a0respaldado de manera militar al gobierno del presidente ucraniano\u00a0Volod\u00edmir Zelenski en la defensa del pa\u00eds. Asimismo, a la preocupante situaci\u00f3n humanitaria que en menos de un mes ha causado que casi 3,5 millones de ucranianos lo abandonen.<\/p>\n<p>En Colombia, el presidente Iv\u00e1n Duque\u00a0rechaz\u00f3 la invasi\u00f3n y se aline\u00f3\u00a0con otros pa\u00edses de la regi\u00f3n y del mundo que lo han hecho.<\/p>\n<p>&nbsp;<\/p>\n","protected":false},"excerpt":{"rendered":"<p>&nbsp; Cabello es un exmilitar venezolano. Actualmente es el vicepresidente del partido del r\u00e9gimen. FOTO: CAROLINA CABRAL\/ GETTY. El n\u00famero dos del chavismo hizo la&hellip;<\/p>\n","protected":false},"author":99,"featured_media":502191,"comment_status":"open","ping_status":"open","sticky":false,"template":"","format":"standard","meta":{"footnotes":""},"categories":[23],"tags":[],"class_list":["post-502190","post","type-post","status-publish","format-standard","has-post-thumbnail","hentry","category-latinoamerica"],"_links":{"self":[{"href":"https:\/\/diarioelpopular.com\/index.php\/wp-json\/wp\/v2\/posts\/502190","targetHints":{"allow":["GET"]}}],"collection":[{"href":"https:\/\/diarioelpopular.com\/index.php\/wp-json\/wp\/v2\/posts"}],"about":[{"href":"https:\/\/diarioelpopular.com\/index.php\/wp-json\/wp\/v2\/types\/post"}],"author":[{"embeddable":true,"href":"https:\/\/diarioelpopular.com\/index.php\/wp-json\/wp\/v2\/users\/99"}],"replies":[{"embeddable":true,"href":"https:\/\/diarioelpopular.com\/index.php\/wp-json\/wp\/v2\/comments?post=502190"}],"version-history":[{"count":1,"href":"https:\/\/diarioelpopular.com\/index.php\/wp-json\/wp\/v2\/posts\/502190\/revisions"}],"predecessor-version":[{"id":502192,"href":"https:\/\/diarioelpopular.com\/index.php\/wp-json\/wp\/v2\/posts\/502190\/revisions\/502192"}],"wp:featuredmedia":[{"embeddable":true,"href":"https:\/\/diarioelpopular.com\/index.php\/wp-json\/wp\/v2\/media\/502191"}],"wp:attachment":[{"href":"https:\/\/diarioelpopular.com\/index.php\/wp-json\/wp\/v2\/media?parent=502190"}],"wp:term":[{"taxonomy":"category","embeddable":true,"href":"https:\/\/diarioelpopular.com\/index.php\/wp-json\/wp\/v2\/categories?post=502190"},{"taxonomy":"post_tag","embeddable":true,"href":"https:\/\/diarioelpopular.com\/index.php\/wp-json\/wp\/v2\/tags?post=502190"}],"curies":[{"name":"wp","href":"https:\/\/api.w.org\/{rel}","templated":true}]}}