{"id":502198,"date":"2022-03-23T09:14:52","date_gmt":"2022-03-23T13:14:52","guid":{"rendered":"https:\/\/diarioelpopular.com\/?p=502198"},"modified":"2022-03-23T09:14:52","modified_gmt":"2022-03-23T13:14:52","slug":"el-60-de-los-canadienses-se-preocupan-por-alimentar-a-sus-familias-en-medio-de-la-inflacion-encuesta-de-ipsos","status":"publish","type":"post","link":"https:\/\/diarioelpopular.com\/index.php\/2022\/03\/23\/el-60-de-los-canadienses-se-preocupan-por-alimentar-a-sus-familias-en-medio-de-la-inflacion-encuesta-de-ipsos\/","title":{"rendered":"El 60% de los canadienses se preocupan por alimentar a sus familias en medio de la inflaci\u00f3n: encuesta de Ipsos"},"content":{"rendered":"<p>&nbsp;<\/p>\n<p><img loading=\"lazy\" decoding=\"async\" class=\"alignnone size-custom-big-size wp-image-502199\" src=\"https:\/\/diarioelpopular.com\/wp-content\/uploads\/2022\/03\/Screen-Shot-2022-03-23-at-9.13.37-AM-1200x546.png\" alt=\"\" width=\"1200\" height=\"546\" srcset=\"https:\/\/diarioelpopular.com\/wp-content\/uploads\/2022\/03\/Screen-Shot-2022-03-23-at-9.13.37-AM-1200x546.png 1200w, https:\/\/diarioelpopular.com\/wp-content\/uploads\/2022\/03\/Screen-Shot-2022-03-23-at-9.13.37-AM-300x137.png 300w, https:\/\/diarioelpopular.com\/wp-content\/uploads\/2022\/03\/Screen-Shot-2022-03-23-at-9.13.37-AM-768x350.png 768w, https:\/\/diarioelpopular.com\/wp-content\/uploads\/2022\/03\/Screen-Shot-2022-03-23-at-9.13.37-AM-636x289.png 636w, https:\/\/diarioelpopular.com\/wp-content\/uploads\/2022\/03\/Screen-Shot-2022-03-23-at-9.13.37-AM-146x66.png 146w, https:\/\/diarioelpopular.com\/wp-content\/uploads\/2022\/03\/Screen-Shot-2022-03-23-at-9.13.37-AM.png 1024w\" sizes=\"auto, (max-width: 1200px) 100vw, 1200px\" \/><\/p>\n<h4><em><strong>&#8211; El aumento de la inflaci\u00f3n tiene a un n\u00famero creciente de canadienses preocupados de que no podr\u00e1n estirar sus d\u00f3lares lo suficiente como para mantener la comida en la mesa, seg\u00fan la \u00faltima encuesta de Ipsos.<\/strong><\/em><\/h4>\n<p><em><strong>OTTAWA.-<\/strong> <\/em>En una encuesta realizada exclusivamente para Global News del 11 al 16 de marzo, Ipsos descubri\u00f3 que seis de cada 10 canadienses dicen que les preocupa no tener suficiente dinero para alimentar a sus familias.<\/p>\n<p>Esa cifra es 16 puntos porcentuales superior a la de una encuesta similar realizada en noviembre, cuando la tasa anual de inflaci\u00f3n se situ\u00f3 en el 4,7 por ciento.<\/p>\n<p>Desde entonces, esa cifra ha aumentado un punto porcentual completo al 5,7 por ciento, seg\u00fan los \u00faltimos datos de Statistics Canada. Y los economistas dicen que con la guerra en curso en Ucrania ejerciendo presi\u00f3n sobre los precios en las gasolineras y en los pasillos de los supermercados, es probable que la inflaci\u00f3n tampoco haya alcanzado su punto m\u00e1ximo.<\/p>\n<p>Darrell Bricker, CEO de Ipsos Public Affairs, dijo que la \u00faltima encuesta representa una &#8220;transformaci\u00f3n dram\u00e1tica&#8221; de las principales preocupaciones de los canadienses. A medida que la pandemia termina, las preocupaciones m\u00e1s amplias, como el cambio clim\u00e1tico y la atenci\u00f3n m\u00e9dica, est\u00e1n cayendo en las clasificaciones a medida que la erosi\u00f3n de la asequibilidad sube a la cima.<\/p>\n<p>\u201cLo que estamos viendo ahora es una agenda que est\u00e1 muy dominada por cuestiones econ\u00f3micas realmente urgentes, principalmente, el costo de vida\u201d, dice Bricker.<\/p>\n<p>Las preocupaciones sobre poner comida en la mesa son m\u00e1s altas entre las familias con ni\u00f1os, con el 68 por ciento de los padres indicando que estaban preocupados.<\/p>\n<p>M\u00e1s del 60 por ciento de los encuestados entre las edades de 18 y 54 dijeron que estaban preocupados por alimentar a sus familias, mientras que el n\u00famero disminuye para los encuestados mayores.<\/p>\n<p>Bricker anota que la brecha generacional revela qui\u00e9n est\u00e1 luchando m\u00e1s con el aumento del costo de vida.<\/p>\n<p>\u201cSon las personas que est\u00e1n realmente estiradas: personas m\u00e1s j\u00f3venes, personas con menos recursos, personas con ni\u00f1os en casa. Esos son los que realmente est\u00e1n luchando aqu\u00ed\u201d, dice.<\/p>\n<p>Los canadienses m\u00e1s j\u00f3venes que esperan formar una familia y potencialmente ingresar al mercado inmobiliario cada vez m\u00e1s fuera de alcance de Canad\u00e1 son los que probablemente se sientan frustrados por el aumento del costo de vida, dice Bricker, se\u00f1alando que los formuladores de pol\u00edticas tendr\u00e1n que lidiar con estos sentimientos en las urnas. .<\/p>\n<p>\u201cEsa frustraci\u00f3n va a encontrar una manera de hervir para crear un ambiente pol\u00edtico dif\u00edcil para cualquier gobierno que se presente a las elecciones\u201d.<\/p>\n<p>M\u00e1s all\u00e1 de la comida, al 85 por ciento de los canadienses les preocupa que la inflaci\u00f3n haga que las \u201ccosas cotidianas\u201d sean menos asequibles. Eso es un siete por ciento m\u00e1s que en la encuesta de noviembre. M\u00e1s de dos tercios de los canadienses encuestados dijeron que les preocupa no poder pagar la gasolina.<\/p>\n<p><em><strong>Impactos en el costo de vida de la guerra entre Rusia y Ucrania<\/strong><\/em><br \/>\nAunque una encuesta reciente de Ipsos para Global News tambi\u00e9n mostr\u00f3 un amplio apoyo a las sanciones contra Rusia durante la guerra en Ucrania, los canadienses insinuaron en esa encuesta que los impactos econ\u00f3micos internos del conflicto eran una preocupaci\u00f3n.<\/p>\n<p>Bricker dice que si bien la respuesta inicial a la dif\u00edcil situaci\u00f3n de Ucrania es proporcionar un alivio inmediato, el apoyo para la acci\u00f3n en curso puede disminuir cuanto m\u00e1s se prolongue la guerra y, como resultado, aumenten los precios.<\/p>\n<p>\u201cLo que vamos a ver es que el enfoque de la gente se acercar\u00e1 m\u00e1s a casa y menos a lo que sucede en lugares como Ucrania. Ese tiende a ser el patr\u00f3n\u201d, dice.<\/p>\n<p>La ansiedad por la inflaci\u00f3n tampoco se distribuye uniformemente en todo el pa\u00eds.<\/p>\n<p>Alrededor del 71 por ciento de los encuestados de Saskatchewan y Manitoba, as\u00ed como el 69 por ciento de los del Atl\u00e1ntico canadiense, dijeron que estaban preocupados por la alimentaci\u00f3n de su familia. Mientras tanto, las preocupaciones eran m\u00e1s bajas en la costa oeste: el 51 por ciento de los habitantes de Columbia Brit\u00e1nica dijeron que no estaban muy o nada preocupados por el impacto de la inflaci\u00f3n en sus facturas de comestibles.<\/p>\n<p>En un esfuerzo por controlar la inflaci\u00f3n desenfrenada, el Banco de Canad\u00e1 se movi\u00f3 a principios de mes para aumentar las tasas de inter\u00e9s por primera vez desde 2018.<\/p>\n<p>Pero con m\u00e1s economistas que esperan aumentos de tasas adicionales a lo largo del a\u00f1o, el 73 por ciento de los canadienses dicen que les preocupa que las tasas de inter\u00e9s aumenten demasiado r\u00e1pido para que puedan mantenerse al d\u00eda.<\/p>\n<p>A pesar de las preocupaciones, algunos canadienses sienten que pueden absorber el golpe de la inflaci\u00f3n, mientras que otros permanecen en un punto de ruptura.<\/p>\n<p>Casi uno de cada cuatro (24 por ciento) de los encuestados dice que est\u00e1 completamente sin dinero y no puede pagar m\u00e1s por sus necesidades. Estas cifras se mantienen a la par con los datos de noviembre.<\/p>\n<p>El once por ciento de los canadienses dice que puede absorber &#8220;f\u00e1cilmente&#8221; el aumento de los costos, un dos por ciento menos que hace cuatro meses.<\/p>\n<p>Alrededor del 37 por ciento dice que puede manejar la presi\u00f3n de la inflaci\u00f3n con &#8220;algunos ajustes&#8221; en sus gastos; estas cifras son un dos por ciento superiores a las de noviembre. Otro 28 por ciento dice que se necesitar\u00e1n &#8220;cambios importantes&#8221; para adaptarse a precios m\u00e1s altos.<\/p>\n<p>Ipsos dice que, en total, el 52 por ciento de los encuestados est\u00e1n luchando y dicen que no pueden permitirse una inflaci\u00f3n r\u00e1pida, mientras que el resto de los hogares canadienses pueden adaptarse para absorber los costos. Esas cifras se mantienen estables desde noviembre.<\/p>\n<p><em>Estos son algunos de los hallazgos de una encuesta de Ipsos realizada entre el 11 y el 16 de marzo de 2022, en nombre de Global News. Ipsos entrevist\u00f3 a una muestra de 1500 canadienses mayores de 18 a\u00f1os, ponderados para garantizar que los resultados reflejen la poblaci\u00f3n general seg\u00fan las estimaciones del censo. La encuesta tiene una precisi\u00f3n de \u00b1 2,9 puntos porcentuales, 19 veces de 20.<\/em><\/p>\n","protected":false},"excerpt":{"rendered":"<p>&nbsp; &#8211; El aumento de la inflaci\u00f3n tiene a un n\u00famero creciente de canadienses preocupados de que no podr\u00e1n estirar sus d\u00f3lares lo suficiente como&hellip;<\/p>\n","protected":false},"author":99,"featured_media":502199,"comment_status":"open","ping_status":"open","sticky":false,"template":"","format":"standard","meta":{"footnotes":""},"categories":[21,11191],"tags":[],"class_list":["post-502198","post","type-post","status-publish","format-standard","has-post-thumbnail","hentry","category-canada","category-top-news"],"_links":{"self":[{"href":"https:\/\/diarioelpopular.com\/index.php\/wp-json\/wp\/v2\/posts\/502198","targetHints":{"allow":["GET"]}}],"collection":[{"href":"https:\/\/diarioelpopular.com\/index.php\/wp-json\/wp\/v2\/posts"}],"about":[{"href":"https:\/\/diarioelpopular.com\/index.php\/wp-json\/wp\/v2\/types\/post"}],"author":[{"embeddable":true,"href":"https:\/\/diarioelpopular.com\/index.php\/wp-json\/wp\/v2\/users\/99"}],"replies":[{"embeddable":true,"href":"https:\/\/diarioelpopular.com\/index.php\/wp-json\/wp\/v2\/comments?post=502198"}],"version-history":[{"count":1,"href":"https:\/\/diarioelpopular.com\/index.php\/wp-json\/wp\/v2\/posts\/502198\/revisions"}],"predecessor-version":[{"id":502200,"href":"https:\/\/diarioelpopular.com\/index.php\/wp-json\/wp\/v2\/posts\/502198\/revisions\/502200"}],"wp:featuredmedia":[{"embeddable":true,"href":"https:\/\/diarioelpopular.com\/index.php\/wp-json\/wp\/v2\/media\/502199"}],"wp:attachment":[{"href":"https:\/\/diarioelpopular.com\/index.php\/wp-json\/wp\/v2\/media?parent=502198"}],"wp:term":[{"taxonomy":"category","embeddable":true,"href":"https:\/\/diarioelpopular.com\/index.php\/wp-json\/wp\/v2\/categories?post=502198"},{"taxonomy":"post_tag","embeddable":true,"href":"https:\/\/diarioelpopular.com\/index.php\/wp-json\/wp\/v2\/tags?post=502198"}],"curies":[{"name":"wp","href":"https:\/\/api.w.org\/{rel}","templated":true}]}}