{"id":502221,"date":"2022-03-24T09:43:52","date_gmt":"2022-03-24T13:43:52","guid":{"rendered":"https:\/\/diarioelpopular.com\/?p=502221"},"modified":"2022-03-24T09:43:52","modified_gmt":"2022-03-24T13:43:52","slug":"me-siento-libre-dice-embajador-nicaraguense-que-se-rebelo-contra-daniel-ortega","status":"publish","type":"post","link":"https:\/\/diarioelpopular.com\/index.php\/2022\/03\/24\/me-siento-libre-dice-embajador-nicaraguense-que-se-rebelo-contra-daniel-ortega\/","title":{"rendered":"\u201cMe siento libre\u201d, dice embajador nicarag\u00fcense que se rebel\u00f3 contra Daniel Ortega"},"content":{"rendered":"<p><img loading=\"lazy\" decoding=\"async\" class=\"alignnone size-custom-full-size wp-image-502222\" src=\"https:\/\/diarioelpopular.com\/wp-content\/uploads\/2022\/03\/0c124d7f-0df7-4b36-bbe4-69047c01dbfa-636x358.png\" alt=\"\" width=\"636\" height=\"358\" srcset=\"https:\/\/diarioelpopular.com\/wp-content\/uploads\/2022\/03\/0c124d7f-0df7-4b36-bbe4-69047c01dbfa-636x358.png 636w, https:\/\/diarioelpopular.com\/wp-content\/uploads\/2022\/03\/0c124d7f-0df7-4b36-bbe4-69047c01dbfa-300x169.png 300w, https:\/\/diarioelpopular.com\/wp-content\/uploads\/2022\/03\/0c124d7f-0df7-4b36-bbe4-69047c01dbfa-768x432.png 768w, https:\/\/diarioelpopular.com\/wp-content\/uploads\/2022\/03\/0c124d7f-0df7-4b36-bbe4-69047c01dbfa-130x73.png 130w, https:\/\/diarioelpopular.com\/wp-content\/uploads\/2022\/03\/0c124d7f-0df7-4b36-bbe4-69047c01dbfa.png 1024w\" sizes=\"auto, (max-width: 636px) 100vw, 636px\" \/><\/p>\n<p><em>\u201c\u00a1Me siento libre! \u00a1Me siento libre, en el nombre de Jes\u00fas! \u00a1Libre!\u201d, exclam\u00f3 el hasta hoy embajador de Nicaragua ante la Organizaci\u00f3n de los Estados Americanos (OEA), Arturo McFields, que se rebel\u00f3 contra el Gobierno de Daniel Ortega con un duro e inesperado alegato en el que denunci\u00f3 la \u201cdictadura\u201d en su pa\u00eds y exigi\u00f3 la liberaci\u00f3n de los opositores presos. CAPTURA DE IMAGEN.<\/em><\/p>\n<p>&nbsp;<\/p>\n<p>\u201c\u00a1Me siento libre! \u00a1Me siento libre, en el nombre de Jes\u00fas! \u00a1Libre!\u201d, exclam\u00f3 el hasta hoy embajador de Nicaragua ante la Organizaci\u00f3n de los Estados Americanos (OEA), Arturo McFields, que se rebel\u00f3 contra el Gobierno de Daniel Ortega con un duro e inesperado alegato en el que denunci\u00f3 la \u201cdictadura\u201d en su pa\u00eds y exigi\u00f3 la liberaci\u00f3n de los opositores presos. En una entrevista virtual con el portal 100 % Noticias, el nicarag\u00fcense explic\u00f3 que tom\u00f3 la decisi\u00f3n de rebelarse contra el Ejecutivo de Ortega este mi\u00e9rcoles durante una sesi\u00f3n telem\u00e1tica ordinaria del Consejo Permanente de la OEA, por razones humanitarias al conocer el sufrimiento de los \u201cpresos pol\u00edticos\u201d. \u201cNo fue f\u00e1cil. Tengo miedo porque s\u00e9 de lo que son capaces. Tengo miedo, pero no pod\u00eda seguir defendiendo lo indefendible, y creo que los que est\u00e1n presos, los que est\u00e1n enfermos, con hongos en sus pies, con enfermedades cr\u00f3nicas, pudri\u00e9ndose en una c\u00e1rcel, no se lo merecen\u201d, se\u00f1al\u00f3. McFields, un periodista de profesi\u00f3n, se declar\u00f3 especialmente impactado con el testimonio de la dirigente opositora encarcelada T\u00e1mara D\u00e1vila, quien tiene una hija de cinco a\u00f1os y en los nueves meses que lleva encerrada no le han permitido verla.<\/p>\n<p>\u201cEse testimonio me hizo llorar en la madrugada en mi casa y dije: (tiene) la misma edad de mi ni\u00f1a, con la diferencia de que a mi ni\u00f1a voy, la abrazo, la beso, hago mis oraciones con ella, pero T\u00e1mara D\u00e1vila no puede ver a su hija, no la puede abrazar\u201d, relat\u00f3. \u201c\u00bfQue ideolog\u00eda puede justificar eso?. Eso ya no es pol\u00edtica, ya es otra cosa. Y los que somos cristianos sabemos de que hay cosas que no tienen justificaci\u00f3n (\u2026) Impedirle a una madre que vea a su hija de cinco a\u00f1os, no es pol\u00edtica, no es justicia, eso es otra cosa\u201d, reproch\u00f3. \u201cLUCHA ESPIRITUAL\u201d Asegur\u00f3 que antes de hoy llevaba 15 d\u00edas sin dormir bien, que solo hablaba con su esposa y que se encontraba en una \u201clucha espiritual\u201d. Ahora, tras su hist\u00f3rico discurso en la sesi\u00f3n de la OEA, McFields dijo sentirse feliz, en paz, que podr\u00e1 dormir tranquilo, y que su hija tiene \u201cun padre al que pueda admirar\u201d.<\/p>\n<p>Asimismo, sostuvo que dentro del Gobierno de Ortega \u201chay muchos que anhelan esa libertad, pero no todo mundo quiere hablar\u201d, y que miles han optado por renunciar en silencio. En su caso, dijo que si iba a cometer \u201cun error, lo voy a cometer en grande\u201d y no se ir\u00eda callado del Gobierno, y que ahora se siente en paz consigo mismo, aunque \u201coficialmente desempleado\u201d. LE OFRECEN ASILO McFields cont\u00f3 que el embajador de un pa\u00eds, que no identific\u00f3, le ofreci\u00f3 asilo pol\u00edtico, el cual, dijo, a\u00fan no ha valorado. Tambi\u00e9n matiz\u00f3 que puede regresar a Nicaragua, \u201cpero no puedo salir\u201d, porque el funcionario que llega al pa\u00eds \u201cle quitan el pasaporte y en el caso m\u00edo me tienen reservado una celda especial en El Chipote\u201d, una prisi\u00f3n de la Direcci\u00f3n de Auxilio Judicial de la Polic\u00eda Nacional.<\/p>\n<p>Adem\u00e1s rechaz\u00f3 que la Agencia Central de Inteligencia (CIA) de Estados Unidos \u201cle est\u00e1 dando miles de d\u00f3lares\u201d, como comentan los partidarios de Ortega. \u201cNo existe, sino se que voy a comer ma\u00f1ana. No tengo el cuadro rayado\u201d, sostuvo. Asegur\u00f3 que un funcionario del Gobierno le advirti\u00f3 que se preparara \u201cporque van a desplegar una campa\u00f1a de matar al mensajero, que como no pueden matar mis ideas, van a tratar de matarme moralmente, de desacreditarme, que soy \u201dcontra\u201c, un mercenario\u201d, lo cual minimiz\u00f3, porque \u201cla gente que me quiere, me conoce\u201d. ANHELA VIVIR EN DEMOCRACIA Por otro lado, dijo no sentir odio por el Gobierno sandinista, pero que anhela que Nicaragua \u201cvuelva a ser Rep\u00fablica\u201d, donde se celebren elecciones libres y circulen peri\u00f3dicos, porque, argument\u00f3, \u201cel que conoci\u00f3 la democracia, le gusta vivir en democracia\u201d.<\/p>\n<p>Hizo un llamado a los trabajados del Estado a \u201cque la esperanza sea m\u00e1s fuerte que el temor\u201d y a \u201cque logremos derrotar el miedo y podamos triunfar con la esperanza\u201d. Ortega nombr\u00f3 a McFields como embajador ante la OEA en octubre del a\u00f1o pasado, despu\u00e9s de que el organismo exigiera a Nicaragua la liberaci\u00f3n \u201cinmediata\u201d de los opositores presos de cara a los comicios presidenciales del 7 de noviembre. Sin embargo, la relaci\u00f3n entre la OEA y Nicaragua no mejor\u00f3, hasta el punto que Managua anunci\u00f3 en noviembre su salida del organismo, que no reconoci\u00f3 el resultado de los comicios en los que Ortega se impuso por un quinto mandato. Tras sus palabras, el Gobierno de Nicaragua se deslind\u00f3 de la figura de McFields y asegur\u00f3 que su representante ante la OEA es Francisco Campbell Hooker, embajador en Estados Unidos.<\/p>\n","protected":false},"excerpt":{"rendered":"<p>\u201c\u00a1Me siento libre! \u00a1Me siento libre, en el nombre de Jes\u00fas! \u00a1Libre!\u201d, exclam\u00f3 el hasta hoy embajador de Nicaragua ante la Organizaci\u00f3n de los Estados&hellip;<\/p>\n","protected":false},"author":99,"featured_media":502222,"comment_status":"open","ping_status":"open","sticky":false,"template":"","format":"standard","meta":{"footnotes":""},"categories":[23],"tags":[],"class_list":["post-502221","post","type-post","status-publish","format-standard","has-post-thumbnail","hentry","category-latinoamerica"],"_links":{"self":[{"href":"https:\/\/diarioelpopular.com\/index.php\/wp-json\/wp\/v2\/posts\/502221","targetHints":{"allow":["GET"]}}],"collection":[{"href":"https:\/\/diarioelpopular.com\/index.php\/wp-json\/wp\/v2\/posts"}],"about":[{"href":"https:\/\/diarioelpopular.com\/index.php\/wp-json\/wp\/v2\/types\/post"}],"author":[{"embeddable":true,"href":"https:\/\/diarioelpopular.com\/index.php\/wp-json\/wp\/v2\/users\/99"}],"replies":[{"embeddable":true,"href":"https:\/\/diarioelpopular.com\/index.php\/wp-json\/wp\/v2\/comments?post=502221"}],"version-history":[{"count":1,"href":"https:\/\/diarioelpopular.com\/index.php\/wp-json\/wp\/v2\/posts\/502221\/revisions"}],"predecessor-version":[{"id":502223,"href":"https:\/\/diarioelpopular.com\/index.php\/wp-json\/wp\/v2\/posts\/502221\/revisions\/502223"}],"wp:featuredmedia":[{"embeddable":true,"href":"https:\/\/diarioelpopular.com\/index.php\/wp-json\/wp\/v2\/media\/502222"}],"wp:attachment":[{"href":"https:\/\/diarioelpopular.com\/index.php\/wp-json\/wp\/v2\/media?parent=502221"}],"wp:term":[{"taxonomy":"category","embeddable":true,"href":"https:\/\/diarioelpopular.com\/index.php\/wp-json\/wp\/v2\/categories?post=502221"},{"taxonomy":"post_tag","embeddable":true,"href":"https:\/\/diarioelpopular.com\/index.php\/wp-json\/wp\/v2\/tags?post=502221"}],"curies":[{"name":"wp","href":"https:\/\/api.w.org\/{rel}","templated":true}]}}