{"id":502235,"date":"2022-03-24T13:48:46","date_gmt":"2022-03-24T17:48:46","guid":{"rendered":"https:\/\/diarioelpopular.com\/?p=502235"},"modified":"2022-03-24T13:48:46","modified_gmt":"2022-03-24T17:48:46","slug":"verdad-y-justicia","status":"publish","type":"post","link":"https:\/\/diarioelpopular.com\/index.php\/2022\/03\/24\/verdad-y-justicia\/","title":{"rendered":"\u00a0 VERDAD Y JUSTICIA\u00a0"},"content":{"rendered":"<p class=\"p4\"><b><i>\u201cEl planeta necesita esclarecerse para que puedan amarse sus moradores. Tampoco podemos continuar ciegos ni sordos ante el aluvi\u00f3n de victimas, deseosas de que se limpien horizontes en virtud del derecho internacional\u201d.<span class=\"Apple-converted-space\">\u00a0<\/span><\/i><\/b><\/p>\n<p class=\"p6\"><b><i>=============================<\/i><\/b><\/p>\n<p class=\"p6\"><b><i>V\u00edctor CORCOBA HERRERO\/ Escritor<\/i><\/b><\/p>\n<p class=\"p6\"><b><i>corcoba@telefonica.net <\/i><\/b><\/p>\n<p class=\"p6\"><b>=============================<\/b><span class=\"Apple-converted-space\">\u00a0<\/span><\/p>\n<p class=\"p8\">Hay que volver al fundamento y al ser de las cosas. El h\u00e1bito de la apariencia en un contexto de violaciones a los derechos humanos, o la misma actitud de pasividad ante las infracciones graves al l\u00edcito humanitario, nos exige reivindicar m\u00e1s que nunca el ajustado obrar y decir, en coherencia con la verdad para hacer justicia y proporcionar a los da\u00f1ados, t\u00e1cticas efectivas, a fin de restituir la dignidad que nos merecemos, por el simple hecho de caminar. Es cuesti\u00f3n de ahondar en uno mismo, de distanciarse de toda falsedad y de tener el valor o la valent\u00eda de reconocerse, bajo las alas de un esp\u00edritu corrupto, para poder cambiar de abecedarios y de sinton\u00eda. Si el coraz\u00f3n no muda de aires, aunque la realidad sea incomoda, dif\u00edcilmente vamos a poder avanzar hacia ese esp\u00edritu arm\u00f3nico, que es el que verdaderamente nos sacia de quietud.<\/p>\n<p class=\"p8\">Observando las diversas situaciones injustas, que a diario se producen de ra\u00edz por los rincones del mundo, vemos que andamos hambrientos tanto de verdad como de justicia. Cualquier hecho que se produzca, por complicado que nos resulte, entra\u00f1a tener un conocimiento pleno de los actos que se produjeron, de los individuos que participaron y de las circunstancias acontecidas. El planeta necesita esclarecerse para que puedan amarse sus moradores. Tampoco podemos continuar ciegos ni sordos ante el aluvi\u00f3n de victimas, deseosas de que se limpien horizontes en virtud del derecho internacional. Cuando lo aut\u00e9ntico se extingue por lo fingido, nada permanece y todo se desmorona en un camuflaje de desprop\u00f3sitos permanentes, dif\u00edciles de entender. De ah\u00ed, lo importante que es repensar sobre nuestras acciones, tanto individual como comunitariamente, para poder salir de esta hip\u00f3crita serie completamente enigm\u00e1tica.<\/p>\n<p class=\"p8\">En la oscuridad de las tinieblas, de principio a fin, vestimos el traje de perdedores. Nadie se salva. Por eso, tenemos que ser capaces de dar vida al sol de la evidencia, ponernos en faena para reconstruir un orbe m\u00e1s equitativo, menos ahogado por los lamentos, m\u00e1s solidario entre unos y otros. Esto nos requiere a todos los niveles, el ejercicio de una responsabilidad certera, la de cultivar en la raz\u00f3n el fundamento de lo equitativo, bajo un esp\u00edritu afectivo libre, que conforme la naturaleza con nuestros pasos. Cuando falta ese respeto de adhesi\u00f3n con lo integral, se intranquiliza el orden y el tormento de la congoja nos impide levantar la mirada, conciliar y reconciliarnos con el entorno, desunirnos y desprotegernos hasta de los v\u00ednculos familiares. Despu\u00e9s de las experiencias nefastas que nos surgen por cualquier espacio, tenemos la obligaci\u00f3n de enmendar nuestros andares hacia ese esp\u00edritu de concordia, cuesti\u00f3n decisiva para recomponernos.<\/p>\n<p class=\"p8\">La obra de restauraci\u00f3n humanista nos incumbe de lleno, cada cual desde su misi\u00f3n, pero ha de sentirse comprometido con el veraz testimonio, aunque nos lastime, procurando que ning\u00fan tipo de doblez contamine las relaciones de coraz\u00f3n. Somos familia los humanos y hemos de sentirnos como familia. \u00danicamente as\u00ed, podremos ampararnos unos a otros, levantar la vista para denunciar esas violaciones graves y ayudar a las sociedades a cerrar heridas. Desfallecer jam\u00e1s. Hemos de ser fieles a la palabra dada, transparentes a la hora de restablecer relaciones fecundas y sinceras, que es lo que en verdad nos hace ganar confianza y aproximarnos entre s\u00ed.<span class=\"Apple-converted-space\">\u00a0<\/span><\/p>\n<p class=\"p10\">Desde luego, para legar un futuro m\u00e1s sosegado y seguro a las generaciones venideras tenemos que desarmarnos, desintoxicarnos del racismo que inundan las instituciones y nuestras corporaciones, para poder amarnos de verdad, pues las contiendas acaban por hundirnos. S\u00f3lo hay que ver las consecuencias de la guerra en Ucrania, como nos impacienta el ambiente o el mercado mundial de alimentos y energ\u00eda, mortificando y atormentando en bienes y servicios, pues sus implicaciones son adversas para cualquier diario viviente, tambi\u00e9n para la agenda clim\u00e1tica mundial. Nos vendr\u00e1 bien prestar atenci\u00f3n a nuestra voz interior, despu\u00e9s de haber o\u00eddo la voz colectiva de la comunidad internacional, en continua condena de posturas inciviles. Singularmente fusionados, est\u00e1ticos ante la est\u00e9tica natural, podremos sensibilizar los \u00e1nimos hacia la ecuanimidad, cultivar la cultura del abrazo y alentarnos a trabajar en la conformidad, por una humanidad realmente franca y fraterna. \u00a1Ojal\u00e1 acertemos en la orientaci\u00f3n a golpe de di\u00e1logo sincero!<span class=\"Apple-converted-space\">\u00a0<\/span><\/p>\n<p class=\"p11\"><span class=\"s2\"><span class=\"Apple-converted-space\">\u00a0<\/span><\/span><b>V\u00edctor CORCOBA HERRERO \/ Escritor<\/b><\/p>\n<p class=\"p11\"><b><span class=\"Apple-converted-space\">\u00a0<\/span>HYPERLINK &#8220;mailto:corcoba@telefonica.net&#8221; <\/b><span class=\"s3\"><b>corcoba@telefonica.net<\/b><\/span><\/p>\n<p class=\"p11\"><b>24 de Marzo de 2022.-<\/b><\/p>\n","protected":false},"excerpt":{"rendered":"<p>\u201cEl planeta necesita esclarecerse para que puedan amarse sus moradores. Tampoco podemos continuar ciegos ni sordos ante el aluvi\u00f3n de victimas, deseosas de que se&hellip;<\/p>\n","protected":false},"author":99,"featured_media":0,"comment_status":"open","ping_status":"open","sticky":false,"template":"","format":"standard","meta":{"footnotes":""},"categories":[11353,81],"tags":[],"class_list":["post-502235","post","type-post","status-publish","format-standard","hentry","category-algo-mas-que-palabras","category-columnistas"],"_links":{"self":[{"href":"https:\/\/diarioelpopular.com\/index.php\/wp-json\/wp\/v2\/posts\/502235","targetHints":{"allow":["GET"]}}],"collection":[{"href":"https:\/\/diarioelpopular.com\/index.php\/wp-json\/wp\/v2\/posts"}],"about":[{"href":"https:\/\/diarioelpopular.com\/index.php\/wp-json\/wp\/v2\/types\/post"}],"author":[{"embeddable":true,"href":"https:\/\/diarioelpopular.com\/index.php\/wp-json\/wp\/v2\/users\/99"}],"replies":[{"embeddable":true,"href":"https:\/\/diarioelpopular.com\/index.php\/wp-json\/wp\/v2\/comments?post=502235"}],"version-history":[{"count":1,"href":"https:\/\/diarioelpopular.com\/index.php\/wp-json\/wp\/v2\/posts\/502235\/revisions"}],"predecessor-version":[{"id":502236,"href":"https:\/\/diarioelpopular.com\/index.php\/wp-json\/wp\/v2\/posts\/502235\/revisions\/502236"}],"wp:attachment":[{"href":"https:\/\/diarioelpopular.com\/index.php\/wp-json\/wp\/v2\/media?parent=502235"}],"wp:term":[{"taxonomy":"category","embeddable":true,"href":"https:\/\/diarioelpopular.com\/index.php\/wp-json\/wp\/v2\/categories?post=502235"},{"taxonomy":"post_tag","embeddable":true,"href":"https:\/\/diarioelpopular.com\/index.php\/wp-json\/wp\/v2\/tags?post=502235"}],"curies":[{"name":"wp","href":"https:\/\/api.w.org\/{rel}","templated":true}]}}