{"id":502244,"date":"2022-03-25T09:16:20","date_gmt":"2022-03-25T13:16:20","guid":{"rendered":"https:\/\/diarioelpopular.com\/?p=502244"},"modified":"2022-03-25T09:16:20","modified_gmt":"2022-03-25T13:16:20","slug":"mexico-mas-cremaciones-disparan-el-smog","status":"publish","type":"post","link":"https:\/\/diarioelpopular.com\/index.php\/2022\/03\/25\/mexico-mas-cremaciones-disparan-el-smog\/","title":{"rendered":"M\u00e9xico: M\u00e1s cremaciones disparan el smog"},"content":{"rendered":"<div id=\"attachment_502245\" style=\"width: 646px\" class=\"wp-caption alignnone\"><img loading=\"lazy\" decoding=\"async\" aria-describedby=\"caption-attachment-502245\" class=\"size-custom-full-size wp-image-502245\" src=\"https:\/\/diarioelpopular.com\/wp-content\/uploads\/2022\/03\/1.1e21769-636x424.jpg\" alt=\"\" width=\"636\" height=\"424\" srcset=\"https:\/\/diarioelpopular.com\/wp-content\/uploads\/2022\/03\/1.1e21769-636x424.jpg 636w, https:\/\/diarioelpopular.com\/wp-content\/uploads\/2022\/03\/1.1e21769-300x200.jpg 300w, https:\/\/diarioelpopular.com\/wp-content\/uploads\/2022\/03\/1.1e21769-768x512.jpg 768w, https:\/\/diarioelpopular.com\/wp-content\/uploads\/2022\/03\/1.1e21769-110x73.jpg 110w, https:\/\/diarioelpopular.com\/wp-content\/uploads\/2022\/03\/1.1e21769.jpg 800w\" sizes=\"auto, (max-width: 636px) 100vw, 636px\" \/><p id=\"caption-attachment-502245\" class=\"wp-caption-text\"><em>El smog se potenci\u00f3 en M\u00e9xico con el aumento de las cremaciones por la pandemia (foto: ANSA)<\/em><\/p><\/div>\n<h4><em><strong>&#8211; Durante pandemia, se dispararon t\u00f3xicos en ambiente<\/strong><\/em><\/h4>\n<p>Los crematorios de cad\u00e1veres trabajaron a destajo durante la pandemia de Covid-19 en M\u00e9xico para atender la demanda y ante la baja capacidad de espacios en los cementerios, pero esto provoc\u00f3 que, en el epicentro de la crisis sanitaria, se disparara hasta un 76% la contaminaci\u00f3n en el ambiente.<br \/>\nUn estudio elaborado por especialistas del Instituto Polit\u00e9cnico Nacional (IPN) lleg\u00f3 a esta conclusi\u00f3n al indicar que en total se tuvieron que incinerar 47.217 cuerpos adicionales entre 2019 y junio de 2021, pero adem\u00e1s ello ocurri\u00f3 en forma inadecuada.<br \/>\nLos investigadores de la Unidad Profesional Interdisciplinaria de Biotecnolog\u00eda del IPN, uno de los dos m\u00e1s grandes ateneos p\u00fablicos de M\u00e9xico, se\u00f1alaron que &#8220;el deficiente proceso de cremaci\u00f3n que se lleva a cabo en la ciudad est\u00e1 relacionado directamente a la mala calidad del aire&#8221;.<br \/>\nEl informe titulado &#8220;Estimaci\u00f3n del incremento de las emisiones de contaminantes a la atm\u00f3sfera producto del proceso de cremaci\u00f3n&#8221;, arroj\u00f3 que las cremaciones produjeron 1.542 millones de kilos de \u00e1cido clorh\u00eddrico, 70 millones de mercurio, 1,4 millones de kilos de plomo y 0,793 microgramos de dioxinas y furanos.<br \/>\nEl problema es que los contaminantes no fueron medidos en su totalidad por las autoridades porque las normas s\u00f3lo permiten monitorear tres t\u00f3xicos (part\u00edculas suspendidas, mon\u00f3xido de carbono y \u00f3xidos de nitr\u00f3geno), a diferencia de otros pa\u00edses como Estados Unidos, Colombia o la Uni\u00f3n Europea, algo que s\u00ed se hizo durante el estudio.<br \/>\nLos expertos se\u00f1alaron que durante la cremaci\u00f3n se emiten no s\u00f3lo tres contaminantes, sino algunos otros, derivados de la combusti\u00f3n del f\u00e9retro o del cad\u00e1ver, como el mercurio, el plomo, las dioxinas y los furanos.<br \/>\n&#8220;Adem\u00e1s de regular las emisiones, es necesario supervisar las tecnolog\u00edas utilizadas, que deben incluir sistemas para tratar los gases&#8221;, se\u00f1al\u00f3 el reporte.<br \/>\nEl estudio indic\u00f3 que la falta de monitoreo de emisiones despu\u00e9s de la emergencia sanitaria es preocupante y puede seguir impactando en la salud de los 21 millones de habitantes de la capital y sus alrededores.<br \/>\n&#8220;Todos estos contaminantes seguir\u00e1n emiti\u00e9ndose a la atm\u00f3sfera, suelo y agua de la capital&#8221; luego de la pandemia, dijeron los investigadores, al calificar esta circunstancia como &#8220;grave&#8221;.<br \/>\nLa agencia meteorol\u00f3gica de Organizaci\u00f3n de las Naciones Unidas revel\u00f3 en septiembre del 2021 que &#8220;las restricciones a la circulaci\u00f3n y los cierres provocados por el Covid-19 provocaron un dr\u00e1stico pero ef\u00edmero descenso de las principales emisiones contaminantes atmosf\u00e9ricas en 2020, especialmente en las zonas urbanas&#8221;.<br \/>\nSin embargo, indic\u00f3 que esta disminuci\u00f3n &#8220;no fue homog\u00e9nea en todas las regiones ni en todos los tipos de sustancias contaminantes&#8221;.<br \/>\nEn la capital mexicana, la dr\u00e1stica reducci\u00f3n del tr\u00e1nsito de veh\u00edculos durante los largos meses de confinamiento redujo los niveles de contaminaci\u00f3n pero ahora se observa que este problema no fue generalizado, por el aporte de los gases t\u00f3xicos de los crematorios.<br \/>\nA diferencia de 2019, en 2020 las autoridades de la Ciudad de M\u00e9xico no registraron contingencias atmosf\u00e9ricas.<br \/>\nLa Direcci\u00f3n de Monitoreo Atmosf\u00e9rico registr\u00f3 una mejor calidad del aire en general y una concentraci\u00f3n menor de part\u00edculas menores a 2,5 micras en la temporada seca-caliente, en la que en a\u00f1os anteriores se han registrado altos niveles de contaminaci\u00f3n por las actividades en la urbe y las condiciones clim\u00e1ticas.<br \/>\nLas concentraciones de part\u00edculas en 2020 fueron de 22,5 miligramos por metro c\u00fabico en marzo, de 24,4 en abril y de 24,8 en mayo, cuando en los a\u00f1os anteriores se hab\u00edan registrado concentraciones de 25 a 30.<br \/>\nLa baja circulaci\u00f3n de autos y el cierre de la mayor\u00eda de comercios o industrias provoc\u00f3 una reducci\u00f3n en la contaminaci\u00f3n (del aire) de todos los contaminantes primarios, seg\u00fan las autoridades metropolitanas.<\/p>\n","protected":false},"excerpt":{"rendered":"<p>&#8211; Durante pandemia, se dispararon t\u00f3xicos en ambiente Los crematorios de cad\u00e1veres trabajaron a destajo durante la pandemia de Covid-19 en M\u00e9xico para atender la&hellip;<\/p>\n","protected":false},"author":99,"featured_media":502245,"comment_status":"open","ping_status":"open","sticky":false,"template":"","format":"standard","meta":{"footnotes":""},"categories":[23],"tags":[],"class_list":["post-502244","post","type-post","status-publish","format-standard","has-post-thumbnail","hentry","category-latinoamerica"],"_links":{"self":[{"href":"https:\/\/diarioelpopular.com\/index.php\/wp-json\/wp\/v2\/posts\/502244","targetHints":{"allow":["GET"]}}],"collection":[{"href":"https:\/\/diarioelpopular.com\/index.php\/wp-json\/wp\/v2\/posts"}],"about":[{"href":"https:\/\/diarioelpopular.com\/index.php\/wp-json\/wp\/v2\/types\/post"}],"author":[{"embeddable":true,"href":"https:\/\/diarioelpopular.com\/index.php\/wp-json\/wp\/v2\/users\/99"}],"replies":[{"embeddable":true,"href":"https:\/\/diarioelpopular.com\/index.php\/wp-json\/wp\/v2\/comments?post=502244"}],"version-history":[{"count":1,"href":"https:\/\/diarioelpopular.com\/index.php\/wp-json\/wp\/v2\/posts\/502244\/revisions"}],"predecessor-version":[{"id":502246,"href":"https:\/\/diarioelpopular.com\/index.php\/wp-json\/wp\/v2\/posts\/502244\/revisions\/502246"}],"wp:featuredmedia":[{"embeddable":true,"href":"https:\/\/diarioelpopular.com\/index.php\/wp-json\/wp\/v2\/media\/502245"}],"wp:attachment":[{"href":"https:\/\/diarioelpopular.com\/index.php\/wp-json\/wp\/v2\/media?parent=502244"}],"wp:term":[{"taxonomy":"category","embeddable":true,"href":"https:\/\/diarioelpopular.com\/index.php\/wp-json\/wp\/v2\/categories?post=502244"},{"taxonomy":"post_tag","embeddable":true,"href":"https:\/\/diarioelpopular.com\/index.php\/wp-json\/wp\/v2\/tags?post=502244"}],"curies":[{"name":"wp","href":"https:\/\/api.w.org\/{rel}","templated":true}]}}