{"id":502270,"date":"2022-03-27T12:20:33","date_gmt":"2022-03-27T16:20:33","guid":{"rendered":"https:\/\/diarioelpopular.com\/?p=502270"},"modified":"2022-03-27T12:20:33","modified_gmt":"2022-03-27T16:20:33","slug":"guatemala-deportaciones-desde-ee-uu-aumentan-600-por-ciento-en-2022","status":"publish","type":"post","link":"https:\/\/diarioelpopular.com\/index.php\/2022\/03\/27\/guatemala-deportaciones-desde-ee-uu-aumentan-600-por-ciento-en-2022\/","title":{"rendered":"Guatemala: Deportaciones desde EE. UU. aumentan 600 por ciento en 2022"},"content":{"rendered":"<div id=\"attachment_502271\" style=\"width: 646px\" class=\"wp-caption alignnone\"><img loading=\"lazy\" decoding=\"async\" aria-describedby=\"caption-attachment-502271\" class=\"size-custom-full-size wp-image-502271\" src=\"https:\/\/diarioelpopular.com\/wp-content\/uploads\/2022\/03\/1.4f8259-636x360.jpg\" alt=\"\" width=\"636\" height=\"360\" srcset=\"https:\/\/diarioelpopular.com\/wp-content\/uploads\/2022\/03\/1.4f8259-636x360.jpg 636w, https:\/\/diarioelpopular.com\/wp-content\/uploads\/2022\/03\/1.4f8259-300x170.jpg 300w, https:\/\/diarioelpopular.com\/wp-content\/uploads\/2022\/03\/1.4f8259-768x434.jpg 768w, https:\/\/diarioelpopular.com\/wp-content\/uploads\/2022\/03\/1.4f8259-129x73.jpg 129w, https:\/\/diarioelpopular.com\/wp-content\/uploads\/2022\/03\/1.4f8259.jpg 900w\" sizes=\"auto, (max-width: 636px) 100vw, 636px\" \/><p id=\"caption-attachment-502271\" class=\"wp-caption-text\"><em>Deportados desde EE. UU. ingresan a la Fuerza A\u00e9rea Guatemalteca. Las expulsiones desde EE. UU. han aumentado vertiginosamente en los primeros tres meses del a\u00f1o. (Foto Prensa Libre: EFE)<\/em><\/p><\/div>\n<h4><em><strong>&#8211; Desde M\u00e9xico tambi\u00e9n han aumentado los retornos, aunque en menor medida, seg\u00fan cifras del Instituto Guatemalteco de Migraci\u00f3n.<\/strong><\/em><\/h4>\n<div id=\"gradient-content\" class=\"sart-content\">\n<p>Con el retorno a la normalidad en la mayor\u00eda de los pa\u00edses del mundo, tambi\u00e9n han regresado conocidas pol\u00edticas en materia migratoria de EE. UU. que se ven reflejadas en los n\u00fameros de deportaciones que se han registrado este a\u00f1o, seg\u00fan cifras del Instituto Guatemalteco de Migraci\u00f3n (IGM).<\/p>\n<p>La instituci\u00f3n detalla en su sitio en internet que, del 1 de enero hasta el 23 de marzo pasado,9 mil 352 guatemaltecos fueron expulsados de EE. UU. e ingresaron por avi\u00f3n a las instalaciones de la Fuerza A\u00e9rea Guatemalteca,\u00a0en la zona 13 capitalina.<\/p>\n<\/div>\n<div id=\"tinypass_handler_single\" class=\"tinypass_handler_single sart-content\">\n<p>El n\u00famero supone un incremento de 609 por ciento en relaci\u00f3n con el mismo periodo del a\u00f1o pasado, ya que al finalizar el primer trimestre apenas se contabilizaban 1 mil 319 retornos. As\u00ed, las cifras empiezan a asemejarse a las del 2019,\u00a0luego de la baj\u00f3 ocurrido a consecuencia de las medidas restrictivas implementadas por la pandemia.<\/p>\n<p>Dentro de los deportados entre enero y marzo, a falta de ocho d\u00edas para termine el trimestre, se cuentan a 2 mil 497 mujeres y 1 mil 790 menores de edad,\u00a0muchos de estos que hab\u00edan viajado sin ninguna compa\u00f1\u00eda a EE. UU. m\u00e1s que los coyotes.<\/p>\n<h2><strong>Tambi\u00e9n desde M\u00e9xico<\/strong><\/h2>\n<p>Los retornos tambi\u00e9n se incrementaron desde M\u00e9xico, que este a\u00f1o fortaleci\u00f3 su estrategia de deportar a centroamericanos v\u00eda a\u00e9rea.\u00a0Prueba de ello es que por avi\u00f3n han retornado a Guatemala desde ese pa\u00eds 4 mil 123 connacionales, el 30% del total del primer trimestre\u00a0que en suma fueron 13 mil 539.<\/p>\n<p>De esa forma,\u00a0las expulsiones desde M\u00e9xico aumentaron 56%\u00a0en relaci\u00f3n con el mismo periodo del a\u00f1o pasado. Del total de 2022 ese pa\u00eds ha deportado a 2 mil 358 mujeres y 2 mil 9 ni\u00f1os, ni\u00f1as y adolescentes.<\/p>\n<p>Aunque es imposible determinar el n\u00famero de guatemaltecos que migran hacia EE. UU. el aumento de las deportaciones es un indicador de que la migraci\u00f3n irregular ha aumentado.<\/p>\n<p>Seg\u00fan estimaciones de expertos,\u00a0cada a\u00f1o m\u00e1s de 300 mil guatemaltecos intentan migrar de manera irregular a EE. UU.\u00a0en busca de mejores condiciones de vida para huir de la pobreza y la violencia.<\/p>\n<p>Sin embargo, el camino es peligroso y cuenta con varias amenazas para los migrantes. Cada a\u00f1o se cuentan por decenas la cantidad de muertos, en percances, a manos del crimen organizado o del temible desierto de Sonora-Arizona.<\/p>\n<p>De acuerdo con estimaciones de la Canciller\u00eda guatemalteca,\u00a0en EE. UU. viven alrededor de tres millones de guatemaltecos, la mayor\u00eda de manera irregular.<\/p>\n<h2>Condiciones no mejoran<\/h2>\n<p>Para el consultor en temas migratorios Fernando Castro la migraci\u00f3n hacia el norte continuar\u00e1 si los pa\u00edses \u201cno realizan cambios que propicien el desarrollo en el agro, la generaci\u00f3n de empleos y la inversi\u00f3n extranjera\u201d.<\/p>\n<p>Dijo que la mayor\u00eda de los migrantes que son retornados deben enfrentarse a una situaci\u00f3n econ\u00f3mica m\u00e1s precaria de la que ten\u00edan al salir, ya que incurren en deudas o venden sus activos para financiar el viaje irregular.<\/p>\n<\/div>\n","protected":false},"excerpt":{"rendered":"<p>&#8211; Desde M\u00e9xico tambi\u00e9n han aumentado los retornos, aunque en menor medida, seg\u00fan cifras del Instituto Guatemalteco de Migraci\u00f3n. Con el retorno a la normalidad&hellip;<\/p>\n","protected":false},"author":99,"featured_media":502271,"comment_status":"open","ping_status":"open","sticky":false,"template":"","format":"standard","meta":{"footnotes":""},"categories":[23],"tags":[],"class_list":["post-502270","post","type-post","status-publish","format-standard","has-post-thumbnail","hentry","category-latinoamerica"],"_links":{"self":[{"href":"https:\/\/diarioelpopular.com\/index.php\/wp-json\/wp\/v2\/posts\/502270","targetHints":{"allow":["GET"]}}],"collection":[{"href":"https:\/\/diarioelpopular.com\/index.php\/wp-json\/wp\/v2\/posts"}],"about":[{"href":"https:\/\/diarioelpopular.com\/index.php\/wp-json\/wp\/v2\/types\/post"}],"author":[{"embeddable":true,"href":"https:\/\/diarioelpopular.com\/index.php\/wp-json\/wp\/v2\/users\/99"}],"replies":[{"embeddable":true,"href":"https:\/\/diarioelpopular.com\/index.php\/wp-json\/wp\/v2\/comments?post=502270"}],"version-history":[{"count":1,"href":"https:\/\/diarioelpopular.com\/index.php\/wp-json\/wp\/v2\/posts\/502270\/revisions"}],"predecessor-version":[{"id":502272,"href":"https:\/\/diarioelpopular.com\/index.php\/wp-json\/wp\/v2\/posts\/502270\/revisions\/502272"}],"wp:featuredmedia":[{"embeddable":true,"href":"https:\/\/diarioelpopular.com\/index.php\/wp-json\/wp\/v2\/media\/502271"}],"wp:attachment":[{"href":"https:\/\/diarioelpopular.com\/index.php\/wp-json\/wp\/v2\/media?parent=502270"}],"wp:term":[{"taxonomy":"category","embeddable":true,"href":"https:\/\/diarioelpopular.com\/index.php\/wp-json\/wp\/v2\/categories?post=502270"},{"taxonomy":"post_tag","embeddable":true,"href":"https:\/\/diarioelpopular.com\/index.php\/wp-json\/wp\/v2\/tags?post=502270"}],"curies":[{"name":"wp","href":"https:\/\/api.w.org\/{rel}","templated":true}]}}