{"id":502275,"date":"2022-03-28T07:46:57","date_gmt":"2022-03-28T11:46:57","guid":{"rendered":"https:\/\/diarioelpopular.com\/?p=502275"},"modified":"2022-03-28T07:46:57","modified_gmt":"2022-03-28T11:46:57","slug":"el-aumento-de-la-variante-ba-2-es-preocupante-quebec-insta-a-la-precaucion-al-advertir-sobre-la-posible-sexta-ola-de-covid","status":"publish","type":"post","link":"https:\/\/diarioelpopular.com\/index.php\/2022\/03\/28\/el-aumento-de-la-variante-ba-2-es-preocupante-quebec-insta-a-la-precaucion-al-advertir-sobre-la-posible-sexta-ola-de-covid\/","title":{"rendered":"&#8220;El aumento de la variante BA.2 es preocupante&#8221;: Quebec insta a la precauci\u00f3n al advertir sobre la &#8220;posible&#8221; sexta ola de COVID"},"content":{"rendered":"<p><img loading=\"lazy\" decoding=\"async\" class=\"alignnone size-custom-full-size wp-image-502277\" src=\"https:\/\/diarioelpopular.com\/wp-content\/uploads\/2022\/03\/Screen-Shot-2022-03-28-at-7.39.45-AM-636x290.png\" alt=\"\" width=\"636\" height=\"290\" srcset=\"https:\/\/diarioelpopular.com\/wp-content\/uploads\/2022\/03\/Screen-Shot-2022-03-28-at-7.39.45-AM-636x290.png 636w, https:\/\/diarioelpopular.com\/wp-content\/uploads\/2022\/03\/Screen-Shot-2022-03-28-at-7.39.45-AM-300x137.png 300w, https:\/\/diarioelpopular.com\/wp-content\/uploads\/2022\/03\/Screen-Shot-2022-03-28-at-7.39.45-AM-768x350.png 768w, https:\/\/diarioelpopular.com\/wp-content\/uploads\/2022\/03\/Screen-Shot-2022-03-28-at-7.39.45-AM-1200x547.png 1200w, https:\/\/diarioelpopular.com\/wp-content\/uploads\/2022\/03\/Screen-Shot-2022-03-28-at-7.39.45-AM-146x67.png 146w, https:\/\/diarioelpopular.com\/wp-content\/uploads\/2022\/03\/Screen-Shot-2022-03-28-at-7.39.45-AM.png 1024w\" sizes=\"auto, (max-width: 636px) 100vw, 636px\" \/><\/p>\n<p><em><strong>&#8211; Quebec insta a las personas a ser prudentes en medio del aumento de casos de COVID-19, ya que la provincia dice que posiblemente se est\u00e9 preparando para una sexta ola de la pandemia impulsada por la subvariante BA.2 Omicron, a\u00fan m\u00e1s transmisible.<\/strong><\/em><\/p>\n<p><em><strong>&#8211; Ontario firma un acuerdo de $10.200 millones para el cuidado de ni\u00f1os con los federales<\/strong><\/em><\/p>\n<p><em><strong>MONTREAL.-<\/strong><\/em> El director interino de salud p\u00fablica, el Dr. Luc Boileau, realiz\u00f3 una rara conferencia de prensa el domingo en la que emiti\u00f3 una advertencia a los quebequenses y dijo que varios indicadores de otra ola est\u00e1n aumentando a medida que los expertos monitorean de cerca un aumento en la propagaci\u00f3n, pero que \u201ctodav\u00eda es demasiado pronto para decir que una sexta ola est\u00e1 oficialmente aqu\u00ed\u201d.<\/p>\n<p>Dijo que junto con un aumento en los casos y las tasas de positividad de las pruebas PCR limitadas a ciertos grupos de alta prioridad, las autoridades sanitarias tambi\u00e9n han notado un aumento en las hospitalizaciones en varias regiones fuera del \u00e1rea de Montreal.<\/p>\n<p>Boileau dijo que la provincia no tiene planes de anunciar restricciones o cierres, pero agreg\u00f3 que es importante que las personas act\u00faen de manera responsable al realizar pruebas y aislarse.<\/p>\n<p>Record\u00f3 a los quebequenses que, si bien la pauta de aislamiento para las personas vacunadas se mantiene cinco d\u00edas a partir del inicio de los s\u00edntomas y luego se enmascaran durante otros cinco d\u00edas, las personas a\u00fan pueden ser contagiosas hasta por diez d\u00edas.<\/p>\n<p>Adem\u00e1s del aumento de contagios, Boileau dijo que en menos de una semana unos 8.600 trabajadores de la red de salud est\u00e1n actualmente sin trabajo debido al virus. En comparaci\u00f3n, durante la ola de Omicron en diciembre y enero, estuvieron ausentes entre 16.000 y 20.000 trabajadores de la salud.<br \/>\nAquellos que son m\u00e1s vulnerables y corren el riesgo de desarrollar complicaciones relacionadas con infecciones debido a la edad o porque est\u00e1n inmunodeprimidos deben ser m\u00e1s cautelosos, dijo el director de salud p\u00fablica.<\/p>\n<p>Las autoridades de salud dicen que esperaban que los casos aumentaran a medida que se levantaron las restricciones de salud p\u00fablica en la provincia en las \u00faltimas semanas, pero la presencia de la subvariante BA.2, a\u00fan m\u00e1s contagiosa, est\u00e1 impulsando un aumento en los casos y actualmente representa dos tercios de los casos positivos en Quebec. .<\/p>\n<p>Los \u00faltimos datos diarios de pruebas provinciales publicados el viernes informaron que 2203 pruebas de PCR dieron positivo en las 24 horas anteriores, una representaci\u00f3n insuficiente de la situaci\u00f3n, ya que el acceso a las pruebas de PCR sigue limitado a grupos de alta prioridad.<\/p>\n<p>Los grupos no prioritarios deben probarse con pruebas de ant\u00edgenos en el hogar que est\u00e1n disponibles en las farmacias locales.<\/p>\n<p>En cuanto a las hospitalizaciones, Quebec report\u00f3 1.088 hospitalizaciones el domingo, con 56 personas en la lista de cuidados intensivos.<\/p>\n<p>Boileau dijo a los periodistas el domingo que se necesitar\u00e1n varios d\u00edas m\u00e1s de datos para estar seguros de que Quebec est\u00e1 oficialmente en su sexta ola.<\/p>\n<p>A principios de esta semana, las autoridades sanitarias de la provincia aprobaron una cuarta dosis de vacuna contra el COVID-19 para grupos de riesgo.<\/p>\n<p>Los primeros datos sobre la subvariante BA.2 de la variante original BA.1 Omicron muestran que no es m\u00e1s peligrosa, pero es m\u00e1s transmisible que la BA.1 Omicron, que ya se hab\u00eda convertido en la variante COVID m\u00e1s contagiosa desde el comienzo de la pandemia.<\/p>\n<p>El sublinaje BA.2 de Omicron se detect\u00f3 por primera vez en noviembre del a\u00f1o pasado. Los vir\u00f3logos dicen que BA.2 probablemente desplazar\u00e1 a BA.1 como la cepa dominante, al igual que Omicron super\u00f3 a Delta.<\/p>\n<p>La investigaci\u00f3n hasta el momento sugiere que la gravedad de la enfermedad BA.2 es similar a la de BA.1.<\/p>\n<p>Quebec ha prometido que los requisitos de m\u00e1scaras, la \u00fanica medida restante, se levantar\u00e1n el 15 de abril para los espacios p\u00fablicos y para mayo para el transporte p\u00fablico y Boileau dijo que ese sigue siendo el plan.<\/p>\n<p>Al menos tres altos miembros del gobierno de Quebec dieron positivo en la \u00faltima semana, incluido el primer ministro Francois Legault.<\/p>\n<p>&nbsp;<\/p>\n<p><em><strong>Ontario firma un acuerdo de $10.200 millones para el cuidado de ni\u00f1os con los federales<\/strong><\/em><\/p>\n<p><img loading=\"lazy\" decoding=\"async\" class=\"alignnone size-custom-full-size wp-image-502276\" src=\"https:\/\/diarioelpopular.com\/wp-content\/uploads\/2022\/03\/1.CHILDCARE-636x358.jpg\" alt=\"\" width=\"636\" height=\"358\" srcset=\"https:\/\/diarioelpopular.com\/wp-content\/uploads\/2022\/03\/1.CHILDCARE-636x358.jpg 636w, https:\/\/diarioelpopular.com\/wp-content\/uploads\/2022\/03\/1.CHILDCARE-300x169.jpg 300w, https:\/\/diarioelpopular.com\/wp-content\/uploads\/2022\/03\/1.CHILDCARE-768x433.jpg 768w, https:\/\/diarioelpopular.com\/wp-content\/uploads\/2022\/03\/1.CHILDCARE-130x73.jpg 130w, https:\/\/diarioelpopular.com\/wp-content\/uploads\/2022\/03\/1.CHILDCARE.jpg 900w\" sizes=\"auto, (max-width: 636px) 100vw, 636px\" \/><\/p>\n<p>Ontario firm\u00f3 el domingo un acuerdo de cuidado infantil de $10.200 millones con el gobierno federal que reducir\u00e1 a la mitad las tarifas de cuidado infantil en la provincia para fin de a\u00f1o.<\/p>\n<p>El primer ministro Justin Trudeau y el premier Doug Ford anunciar\u00e1n formalmente este acuerdo el lunes en el \u00e1rea metropolitana de Toronto, seg\u00fan fuentes de ambos gobiernos con conocimiento de las negociaciones.<\/p>\n<p>Todos hablaron con The Canadian Press con la condici\u00f3n de no ser identificados debido a la naturaleza delicada de las conversaciones.<\/p>\n<p>El acuerdo de Ontario es el \u00faltimo que se necesita para cumplir la promesa de Trudeau de reducir las tarifas de cuidado infantil a un promedio de $10 por d\u00eda en cada provincia y territorio para fines de 2026.<\/p>\n<p>El presupuesto federal de 2021 asign\u00f3 $ 30 mil millones durante cinco a\u00f1os para establecer un programa nacional de cuidado infantil prometido durante mucho tiempo, pero nunca entregado.<\/p>\n<p>Ontario esperaba m\u00e1s dinero y, aunque no lo consiguieron, fuentes provinciales dicen que obtuvieron m\u00e1s flexibilidad en cuanto a cu\u00e1ndo se gastan los fondos, lo que les permitir\u00e1 alcanzar el objetivo de reducir las tarifas a un promedio de $10 por d\u00eda.<\/p>\n<p>Adem\u00e1s, aseguraron un mecanismo de revisi\u00f3n en el tercer a\u00f1o que les permite proporcionar un modelo de costos actualizado y solicitar m\u00e1s dinero para cubrir cualquier d\u00e9ficit.<\/p>\n<p>El programa de cuidado infantil de cinco a\u00f1os deb\u00eda incluir $ 1 mil millones para Ontario en el primer a\u00f1o, que es 2021-22. Dado que ese a\u00f1o fiscal termina en cuatro d\u00edas, el gobierno federal les est\u00e1 permitiendo m\u00e1s flexibilidad para impulsar la mayor parte de ese gasto en a\u00f1os futuros.<\/p>\n<p>Como parte del acuerdo, Ontario reducir\u00e1 sus tarifas en un promedio del 50 por ciento para fines de diciembre, crear\u00e1 86,000 nuevos espacios en cuidado infantil para fines de los cinco a\u00f1os y establecer\u00e1 nuevos salarios m\u00ednimos m\u00ednimos para los trabajadores de cuidado infantil de $18 la hora para el personal y $20 la hora para los supervisores.<\/p>\n<p>Esos salarios aumentar\u00e1n $1 por hora cada a\u00f1o hasta que el piso llegue a $25 por hora.<\/p>\n<p>Los espacios deben estar en r\u00e9gimen de licencia y se dar\u00e1 prioridad a los espacios p\u00fablicos o sin \u00e1nimo de lucro, pero el acuerdo no deja fuera del todo a los centros privados con \u00e1nimo de lucro.<\/p>\n<p>Al menos una quinta parte de los espacios de cuidado infantil de Ontario est\u00e1n a cargo de corporaciones privadas con fines de lucro, y algunas de las tarifas m\u00e1s altas se cobran en la provincia.<\/p>\n<p>El Centro Canadiense de Pol\u00edticas Alternativas tambi\u00e9n inform\u00f3 que en 2019, Toronto tuvo las tarifas medianas m\u00e1s altas de cuidado de ni\u00f1os para beb\u00e9s y ni\u00f1os peque\u00f1os, con $ 1,774 y $ 1,457 por mes, respectivamente.<\/p>\n<p>Las tarifas preescolares fueron m\u00e1s altas en Iqaluit con $1213, seguido de Oakville, Ontario, con $1210 y Toronto con $1207.<\/p>\n<p>En Quebec, que cre\u00f3 un programa universal de cuidado infantil en 1997, los padres pagaban una media de 179 d\u00f3lares al mes en todos los grupos de edad.<\/p>\n<p>El gobierno federal estim\u00f3 el a\u00f1o pasado que reducir las tarifas a un promedio de $10 por d\u00eda en Ontario ahorrar\u00eda un promedio de $7,300 por ni\u00f1o.<\/p>\n<p>Ontario es la \u00faltima provincia o territorio en unirse al plan nacional. Siete provincias y Yuk\u00f3n se sumaron en julio y agosto, antes de que se convocaran las elecciones federales. Alberta se uni\u00f3 en noviembre, New Brunswick y los Territorios del Noroeste en diciembre y Nunavut a fines de enero.<\/p>\n<p>Cuando se finaliz\u00f3 el acuerdo de Nunavut, Ford dijo que un acuerdo con su gobierno estaba &#8220;muy, muy cerca&#8221;, pero tom\u00f3 dos meses m\u00e1s para hacerlo.<\/p>\n<p>Una de las mayores demandas de Ontario fue la garant\u00eda de que los fondos federales no desaparecer\u00edan despu\u00e9s del per\u00edodo inicial de cinco a\u00f1os, lo que dejar\u00eda a las provincias expuestas a una programaci\u00f3n muy costosa.<\/p>\n<p>Ya exist\u00eda tal promesa en el presupuesto de 2021, que dec\u00eda que la financiaci\u00f3n de este programa despu\u00e9s de los primeros cinco a\u00f1os ser\u00eda de $9 mil millones anuales.<\/p>\n<p>Fuentes provinciales dijeron que aseguraron un sexto a\u00f1o de financiamiento que le da a Ontario &#8220;tranquilidad&#8221; de que el programa no terminar\u00e1 despu\u00e9s de la vigencia del acuerdo.<\/p>\n<p>Ontario tambi\u00e9n quer\u00eda cr\u00e9dito o financiamiento adicional para dar cuenta de su programa de jard\u00edn de infantes de d\u00eda completo de $ 3.6 mil millones para ni\u00f1os de cuatro y cinco a\u00f1os. Es una de las pocas provincias que tiene eso, pero la ministra de Familias, Karina Gould, quien negoci\u00f3 el trato para el gobierno federal, insisti\u00f3 en que el jard\u00edn de infancia estaba fuera del alcance de las negociaciones.<\/p>\n<p>Ottawa asign\u00f3 a cada provincia una parte per c\u00e1pita de los fondos presupuestados para los acuerdos de atenci\u00f3n infantil en funci\u00f3n de la poblaci\u00f3n infantil de cada provincia. Eso equivale a $ 10.2 mil millones para Ontario.<\/p>\n<p>Los acuerdos comparten el objetivo de que las tarifas sean un promedio de $ 10 por d\u00eda para fines del a\u00f1o fiscal 2025-26, con un recorte inicial de las tarifas del 50 por ciento este a\u00f1o. Pero tambi\u00e9n reflejan la realidad de los programas de cuidado infantil existentes en provincias individuales, incluso en Quebec.<\/p>\n<p>Esa provincia ya tiene cupos de $8.50 por d\u00eda en guarder\u00edas reguladas, por lo que su acuerdo fue en gran parte expandir y ayudar a financiar ese programa, incluyendo 22,000 cupos m\u00e1s.<\/p>\n<p>En general, los acuerdos deber\u00edan agregar m\u00e1s de 250,000 espacios de cuidado infantil con licencia y subsidiados en todo Canad\u00e1 dentro de los pr\u00f3ximos cuatro a\u00f1os.<\/p>\n<p>El funcionario federal tambi\u00e9n dijo que Gould ha escuchado de m\u00e1s de una provincia que est\u00e1n luchando para pagar las expansiones necesarias para que los centros de cuidado infantil puedan acomodar a m\u00e1s ni\u00f1os. Las discusiones sobre la financiaci\u00f3n de la infraestructura de cuidado infantil pueden ser lo pr\u00f3ximo, pero no son parte de este acuerdo, dijeron.<\/p>\n<p>Susan Prentice, profesora de sociolog\u00eda en la Universidad de Manitoba y miembro del panel federal de expertos en aprendizaje temprano y cuidado infantil, dijo que hacer que el cuidado infantil sea m\u00e1s asequible es un gran problema para los padres.<\/p>\n<p>Ella dijo que para algunos padres, abrir\u00e1 la posibilidad de poder pagar el cuidado de los ni\u00f1os.<\/p>\n<p>Pero el costo es solo una parte del rompecabezas para garantizar un cuidado infantil accesible, seguro y de calidad, dijo Prentice, y la implementaci\u00f3n ser\u00e1 clave.<\/p>\n","protected":false},"excerpt":{"rendered":"<p>&#8211; Quebec insta a las personas a ser prudentes en medio del aumento de casos de COVID-19, ya que la provincia dice que posiblemente se&hellip;<\/p>\n","protected":false},"author":99,"featured_media":502277,"comment_status":"open","ping_status":"open","sticky":false,"template":"","format":"standard","meta":{"footnotes":""},"categories":[21,11191],"tags":[],"class_list":["post-502275","post","type-post","status-publish","format-standard","has-post-thumbnail","hentry","category-canada","category-top-news"],"_links":{"self":[{"href":"https:\/\/diarioelpopular.com\/index.php\/wp-json\/wp\/v2\/posts\/502275","targetHints":{"allow":["GET"]}}],"collection":[{"href":"https:\/\/diarioelpopular.com\/index.php\/wp-json\/wp\/v2\/posts"}],"about":[{"href":"https:\/\/diarioelpopular.com\/index.php\/wp-json\/wp\/v2\/types\/post"}],"author":[{"embeddable":true,"href":"https:\/\/diarioelpopular.com\/index.php\/wp-json\/wp\/v2\/users\/99"}],"replies":[{"embeddable":true,"href":"https:\/\/diarioelpopular.com\/index.php\/wp-json\/wp\/v2\/comments?post=502275"}],"version-history":[{"count":1,"href":"https:\/\/diarioelpopular.com\/index.php\/wp-json\/wp\/v2\/posts\/502275\/revisions"}],"predecessor-version":[{"id":502278,"href":"https:\/\/diarioelpopular.com\/index.php\/wp-json\/wp\/v2\/posts\/502275\/revisions\/502278"}],"wp:featuredmedia":[{"embeddable":true,"href":"https:\/\/diarioelpopular.com\/index.php\/wp-json\/wp\/v2\/media\/502277"}],"wp:attachment":[{"href":"https:\/\/diarioelpopular.com\/index.php\/wp-json\/wp\/v2\/media?parent=502275"}],"wp:term":[{"taxonomy":"category","embeddable":true,"href":"https:\/\/diarioelpopular.com\/index.php\/wp-json\/wp\/v2\/categories?post=502275"},{"taxonomy":"post_tag","embeddable":true,"href":"https:\/\/diarioelpopular.com\/index.php\/wp-json\/wp\/v2\/tags?post=502275"}],"curies":[{"name":"wp","href":"https:\/\/api.w.org\/{rel}","templated":true}]}}