{"id":502284,"date":"2022-03-28T08:04:17","date_gmt":"2022-03-28T12:04:17","guid":{"rendered":"https:\/\/diarioelpopular.com\/?p=502284"},"modified":"2022-03-28T08:04:17","modified_gmt":"2022-03-28T12:04:17","slug":"el-pais-bajo-estado-de-excepcion","status":"publish","type":"post","link":"https:\/\/diarioelpopular.com\/index.php\/2022\/03\/28\/el-pais-bajo-estado-de-excepcion\/","title":{"rendered":"El pa\u00eds bajo estado de excepci\u00f3n"},"content":{"rendered":"<div id=\"attachment_502285\" style=\"width: 646px\" class=\"wp-caption alignnone\"><img loading=\"lazy\" decoding=\"async\" aria-describedby=\"caption-attachment-502285\" class=\"size-custom-full-size wp-image-502285\" src=\"https:\/\/diarioelpopular.com\/wp-content\/uploads\/2022\/03\/1.ced98-636x424.jpg\" alt=\"\" width=\"636\" height=\"424\" srcset=\"https:\/\/diarioelpopular.com\/wp-content\/uploads\/2022\/03\/1.ced98-636x424.jpg 636w, https:\/\/diarioelpopular.com\/wp-content\/uploads\/2022\/03\/1.ced98-300x200.jpg 300w, https:\/\/diarioelpopular.com\/wp-content\/uploads\/2022\/03\/1.ced98-768x512.jpg 768w, https:\/\/diarioelpopular.com\/wp-content\/uploads\/2022\/03\/1.ced98-110x73.jpg 110w, https:\/\/diarioelpopular.com\/wp-content\/uploads\/2022\/03\/1.ced98.jpg 800w\" sizes=\"auto, (max-width: 636px) 100vw, 636px\" \/><p id=\"caption-attachment-502285\" class=\"wp-caption-text\"><em><strong>La medida responde a la escalada de homicidios (foto: ANSA)<\/strong><\/em><\/p><\/div>\n<h4><em><strong>Parlamento avala medida por accionar sangriento de pandillas<\/strong><\/em><\/h4>\n<p>El Parlamento de El Salvador aprob\u00f3 el estado de excepci\u00f3n en el pa\u00eds a ra\u00edz del virulento accionar de delincuentes, que ayer provoc\u00f3 la muerte de 62 personas en enfrentamientos entre bandas, anunci\u00f3 el presidente de la Asamblea Legislativa.<br \/>\nEl decreto, aprobado por amplia mayor\u00eda, proclama &#8220;un r\u00e9gimen de emergencia en todo el territorio nacional por perturbaciones graves del orden p\u00fablico por parte de grupos delictivos&#8221;.<br \/>\nLa propuesta fue aprobada con los votos a favor de 67 de los 84 diputados del hemiciclo. Cuatro diputados se abstuvieron y 13 estuvieron ausentes, seg\u00fan datos de la prensa local.<br \/>\nLa decisi\u00f3n sigue a los 62 asesinatos registrados ayer en el pa\u00eds vinculados a ajustes de cuentas entre bandas rivales, que hab\u00edan llevado al presidente Nayib Bukele a pedir a los parlamentarios que proclamaran el estado de emergencia.<br \/>\nEn las \u00faltimas horas, la Polic\u00eda y el Ej\u00e9rcito han detenido a numerosos cabecillas de la pandilla de la Mara Salvatrucha (MS-13), presuntamente ligados con esa matanza.<br \/>\nEntre otras medidas, el estado de excepci\u00f3n limita las reuniones y permite las detenciones sin orden judicial. Asimismo, restringe derechos y garant\u00edas individuales, como la libre reuni\u00f3n, la inviolabilidad de la correspondencia y comunicaciones.<br \/>\nDurante 30 d\u00edas, el Gobierno de Bukele queda capacitado no solo para suspender ciertas libertades y garant\u00edas sino para desplegar a militares y polic\u00edas en las calles.<br \/>\nLa declaraci\u00f3n fue criticada por la oposici\u00f3n, que tacha el r\u00e9gimen de excepci\u00f3n como &#8220;antidemocr\u00e1tico&#8221; y como &#8220;una violaci\u00f3n de los derechos humanos&#8221;.<br \/>\n&#8220;No retrocederemos en esta guerra contra pandillas, no vamos a descansar hasta capturar y llevar ante la justicia a los criminales responsables de estos hechos&#8221;, expres\u00f3 el presidente.<br \/>\nLa Constituci\u00f3n salvadore\u00f1a establece el r\u00e9gimen de excepci\u00f3n, por el que se suspenden algunas garant\u00edas establecidas, se puede aplicar &#8220;en casos de guerra, invasi\u00f3n del territorio, rebeli\u00f3n, sedici\u00f3n, cat\u00e1strofe, epidemia u otra calamidad general, o de graves perturbaciones del orden p\u00fablico&#8221;.<br \/>\nEn noviembre pasado, El Salvador sufri\u00f3 otro repunte de homicidios, que en tres d\u00edas cobr\u00f3 la vida de unas 45 personas.<br \/>\nLas pandillas Mara Salvatrucha y Barrio 18, entre otras, tienen unos 70.000 miembros en El Salvador, m\u00e1s de 17.000 de ellos encarcelados, seg\u00fan las autoridades, y operan a trav\u00e9s de homicidios, extorsiones, narcotr\u00e1fico y otras actividades ilegales.<br \/>\nEl Salvador cerr\u00f3 2021 con 1.140 homicidios, un promedio de 18 muertes por cada 100.000 habitantes, menos de los 1.341 registrados en 2020 y la cifra m\u00e1s baja desde el fin de la guerra civil en 1992, seg\u00fan datos oficiales.<\/p>\n","protected":false},"excerpt":{"rendered":"<p>Parlamento avala medida por accionar sangriento de pandillas El Parlamento de El Salvador aprob\u00f3 el estado de excepci\u00f3n en el pa\u00eds a ra\u00edz del virulento&hellip;<\/p>\n","protected":false},"author":99,"featured_media":502285,"comment_status":"open","ping_status":"open","sticky":false,"template":"","format":"standard","meta":{"footnotes":""},"categories":[23],"tags":[],"class_list":["post-502284","post","type-post","status-publish","format-standard","has-post-thumbnail","hentry","category-latinoamerica"],"_links":{"self":[{"href":"https:\/\/diarioelpopular.com\/index.php\/wp-json\/wp\/v2\/posts\/502284","targetHints":{"allow":["GET"]}}],"collection":[{"href":"https:\/\/diarioelpopular.com\/index.php\/wp-json\/wp\/v2\/posts"}],"about":[{"href":"https:\/\/diarioelpopular.com\/index.php\/wp-json\/wp\/v2\/types\/post"}],"author":[{"embeddable":true,"href":"https:\/\/diarioelpopular.com\/index.php\/wp-json\/wp\/v2\/users\/99"}],"replies":[{"embeddable":true,"href":"https:\/\/diarioelpopular.com\/index.php\/wp-json\/wp\/v2\/comments?post=502284"}],"version-history":[{"count":1,"href":"https:\/\/diarioelpopular.com\/index.php\/wp-json\/wp\/v2\/posts\/502284\/revisions"}],"predecessor-version":[{"id":502286,"href":"https:\/\/diarioelpopular.com\/index.php\/wp-json\/wp\/v2\/posts\/502284\/revisions\/502286"}],"wp:featuredmedia":[{"embeddable":true,"href":"https:\/\/diarioelpopular.com\/index.php\/wp-json\/wp\/v2\/media\/502285"}],"wp:attachment":[{"href":"https:\/\/diarioelpopular.com\/index.php\/wp-json\/wp\/v2\/media?parent=502284"}],"wp:term":[{"taxonomy":"category","embeddable":true,"href":"https:\/\/diarioelpopular.com\/index.php\/wp-json\/wp\/v2\/categories?post=502284"},{"taxonomy":"post_tag","embeddable":true,"href":"https:\/\/diarioelpopular.com\/index.php\/wp-json\/wp\/v2\/tags?post=502284"}],"curies":[{"name":"wp","href":"https:\/\/api.w.org\/{rel}","templated":true}]}}