{"id":502305,"date":"2022-03-29T09:16:08","date_gmt":"2022-03-29T13:16:08","guid":{"rendered":"https:\/\/diarioelpopular.com\/?p=502305"},"modified":"2022-03-29T09:16:08","modified_gmt":"2022-03-29T13:16:08","slug":"bolivia-anez-se-descompensa-postergan-proceso","status":"publish","type":"post","link":"https:\/\/diarioelpopular.com\/index.php\/2022\/03\/29\/bolivia-anez-se-descompensa-postergan-proceso\/","title":{"rendered":"Bolivia: A\u00f1ez se descompensa, postergan proceso"},"content":{"rendered":"<p>&nbsp;<\/p>\n<p><img loading=\"lazy\" decoding=\"async\" class=\"alignnone size-custom-full-size wp-image-502306\" src=\"https:\/\/diarioelpopular.com\/wp-content\/uploads\/2022\/03\/720287c876ac738176394f8865ced33c.jpg\" alt=\"\" width=\"476\" height=\"314\" srcset=\"https:\/\/diarioelpopular.com\/wp-content\/uploads\/2022\/03\/720287c876ac738176394f8865ced33c.jpg 476w, https:\/\/diarioelpopular.com\/wp-content\/uploads\/2022\/03\/720287c876ac738176394f8865ced33c-300x198.jpg 300w, https:\/\/diarioelpopular.com\/wp-content\/uploads\/2022\/03\/720287c876ac738176394f8865ced33c-85x55.jpg 85w, https:\/\/diarioelpopular.com\/wp-content\/uploads\/2022\/03\/720287c876ac738176394f8865ced33c-111x73.jpg 111w\" sizes=\"auto, (max-width: 476px) 100vw, 476px\" \/><\/p>\n<p><em>Jeanine A\u00f1ez se descompensa, postergan proceso en Bolivia (foto: ANSA)<\/em><\/p>\n<h4><em><strong>&#8211; Durante la primera audiencia de la causa &#8220;Golpe de Estado II&#8221;<\/strong><\/em><\/h4>\n<p><em><strong>LA PAZ, 29 MAR &#8211;<\/strong><\/em> Un juzgado de La Paz decidi\u00f3 suspender el inicio del juicio denominado &#8216;Golpe de Estado II&#8217; contra la expresidenta interina boliviana Jeanine A\u00f1ez hasta el 4 de abril, debido a una descompensaci\u00f3n de la imputada en el penal de Miraflores, en el centro de la ciudad boliviana, donde se encuentra en detenci\u00f3n temporal.<br \/>\nLo informaron los medios de prensa local.<br \/>\nTodas las operaciones iniciales de la audiencia en modalidad virtual se hab\u00edan realizado con la presencia de testigos y abogados de las dos partes, precis\u00f3 la dependencia, cuando lleg\u00f3 la noticia de la crisis de ansiedad que hab\u00eda golpeado a A\u00f1ez en su celda.<br \/>\nMientras tanto, las familias de las v\u00edctimas de las masacres de Senkata y Sacaba, ocurridas durante el per\u00edodo interino de la exjefa de Estado, se hab\u00edan reunido frente al juzgado y la prisi\u00f3n.<br \/>\nAnte la descompensaci\u00f3n de A\u00f1ez, el juez formaliz\u00f3 el aplazamiento del juicio al 4 de abril, mientras que el ministerio de Justicia en un comunicado destac\u00f3 que la fiscal\u00eda &#8220;es respetuosa con los derechos de la defensa para proteger las garant\u00edas procesales&#8221;.<br \/>\nAdem\u00e1s, finalmente se supo, antes del cierre de la audiencia de hoy, el tribunal declar\u00f3 en estado de rebeli\u00f3n a los excomandantes de las fuerzas armadas imputados en el caso, Williams Kaliman, Elmer Flores Toranzo y Carlos Orellana, y al general de polic\u00eda Vladimir Yuri Calder\u00f3n, quien ser\u00e1 juzgado en rebeld\u00eda.<br \/>\nDentro de este caso, A\u00f1ez y miembros de las fuerzas del orden son acusados por los delitos de incumplimiento de deberes y resoluciones contrarias a la Constituci\u00f3n y a las leyes. Ambas faltas suman una pena m\u00e1xima de 14 a\u00f1os de prisi\u00f3n.<br \/>\nEn los meses pasados, record\u00f3 el diario P\u00e1gina Siete, el ministro de Justicia, Iv\u00e1n Lima, estim\u00f3 que la justicia determinar\u00e1 12 a\u00f1os de c\u00e1rcel para los demandados.<\/p>\n","protected":false},"excerpt":{"rendered":"<p>&nbsp; Jeanine A\u00f1ez se descompensa, postergan proceso en Bolivia (foto: ANSA) &#8211; Durante la primera audiencia de la causa &#8220;Golpe de Estado II&#8221; LA PAZ,&hellip;<\/p>\n","protected":false},"author":99,"featured_media":502306,"comment_status":"open","ping_status":"open","sticky":false,"template":"","format":"standard","meta":{"footnotes":""},"categories":[23],"tags":[],"class_list":["post-502305","post","type-post","status-publish","format-standard","has-post-thumbnail","hentry","category-latinoamerica"],"_links":{"self":[{"href":"https:\/\/diarioelpopular.com\/index.php\/wp-json\/wp\/v2\/posts\/502305","targetHints":{"allow":["GET"]}}],"collection":[{"href":"https:\/\/diarioelpopular.com\/index.php\/wp-json\/wp\/v2\/posts"}],"about":[{"href":"https:\/\/diarioelpopular.com\/index.php\/wp-json\/wp\/v2\/types\/post"}],"author":[{"embeddable":true,"href":"https:\/\/diarioelpopular.com\/index.php\/wp-json\/wp\/v2\/users\/99"}],"replies":[{"embeddable":true,"href":"https:\/\/diarioelpopular.com\/index.php\/wp-json\/wp\/v2\/comments?post=502305"}],"version-history":[{"count":1,"href":"https:\/\/diarioelpopular.com\/index.php\/wp-json\/wp\/v2\/posts\/502305\/revisions"}],"predecessor-version":[{"id":502307,"href":"https:\/\/diarioelpopular.com\/index.php\/wp-json\/wp\/v2\/posts\/502305\/revisions\/502307"}],"wp:featuredmedia":[{"embeddable":true,"href":"https:\/\/diarioelpopular.com\/index.php\/wp-json\/wp\/v2\/media\/502306"}],"wp:attachment":[{"href":"https:\/\/diarioelpopular.com\/index.php\/wp-json\/wp\/v2\/media?parent=502305"}],"wp:term":[{"taxonomy":"category","embeddable":true,"href":"https:\/\/diarioelpopular.com\/index.php\/wp-json\/wp\/v2\/categories?post=502305"},{"taxonomy":"post_tag","embeddable":true,"href":"https:\/\/diarioelpopular.com\/index.php\/wp-json\/wp\/v2\/tags?post=502305"}],"curies":[{"name":"wp","href":"https:\/\/api.w.org\/{rel}","templated":true}]}}