{"id":502309,"date":"2022-03-29T09:21:21","date_gmt":"2022-03-29T13:21:21","guid":{"rendered":"https:\/\/diarioelpopular.com\/?p=502309"},"modified":"2022-03-29T09:21:21","modified_gmt":"2022-03-29T13:21:21","slug":"presidente-argentino-defiende-a-su-vice-de-insultos","status":"publish","type":"post","link":"https:\/\/diarioelpopular.com\/index.php\/2022\/03\/29\/presidente-argentino-defiende-a-su-vice-de-insultos\/","title":{"rendered":"Presidente argentino defiende a su vice de insultos"},"content":{"rendered":"<p>&nbsp;<\/p>\n<p><img loading=\"lazy\" decoding=\"async\" class=\"alignnone size-custom-full-size wp-image-502310\" src=\"https:\/\/diarioelpopular.com\/wp-content\/uploads\/2022\/03\/ARGENTINA-FMI_CONGRESO_75456-636x358.jpg\" alt=\"\" width=\"636\" height=\"358\" srcset=\"https:\/\/diarioelpopular.com\/wp-content\/uploads\/2022\/03\/ARGENTINA-FMI_CONGRESO_75456-636x358.jpg 636w, https:\/\/diarioelpopular.com\/wp-content\/uploads\/2022\/03\/ARGENTINA-FMI_CONGRESO_75456-300x169.jpg 300w, https:\/\/diarioelpopular.com\/wp-content\/uploads\/2022\/03\/ARGENTINA-FMI_CONGRESO_75456-768x432.jpg 768w, https:\/\/diarioelpopular.com\/wp-content\/uploads\/2022\/03\/ARGENTINA-FMI_CONGRESO_75456-130x73.jpg 130w, https:\/\/diarioelpopular.com\/wp-content\/uploads\/2022\/03\/ARGENTINA-FMI_CONGRESO_75456.jpg 1024w\" sizes=\"auto, (max-width: 636px) 100vw, 636px\" \/><\/p>\n<p><em>La presidenta del Senado, Cristina Fern\u00e1ndez, preside una sesi\u00f3n en la que los senadores votar\u00e1n si ratifican el acuerdo del gobierno con el Fondo Monetario Internacional para refinanciar unos 45 000 millones de d\u00f3lares en deuda, en Buenos Aires, Argentina, el jueves 17 de marzo de 2022. (AP Foto\/Natacha Pisarenko) NATACHA PISARENKO AP<\/em><\/p>\n<p>&nbsp;<\/p>\n<h4><em><strong>&#8211; El presidente argentino Alberto Fern\u00e1ndez rechaz\u00f3 este lunes la aparici\u00f3n de carteles en las calles que acusan a la vicepresidenta y exmandataria Cristina Fern\u00e1ndez de Kirchner de haber hecho \u201cnegocios\u201d con el presidente ruso Vladimir Putin y de ser una \u201casesina\u201d. <\/strong><\/em><\/h4>\n<p>&nbsp;<\/p>\n<p>Pese al distanciamiento que Fern\u00e1ndez mantiene con su socia en el poder, el mandatario sali\u00f3 a defender a la exgobernante (2007-2015) de los afiches que muestran el rostro de la vicepresidenta junto a la palabra \u201casesina\u201d y la frases \u201cCulpable de 35.000 muertes\u201d y &#8220;Elegiste hacer negocios con Putin en lugar de salvar vidas\u201d.<\/p>\n<p>&#8220;Muchos se empe\u00f1an en dividirnos y recurren a las mayores bajezas. Lamento el da\u00f1o que causan a personas de bien. Sepan que vi\u00e9ndolos actuar, s\u00f3lo me comprometen m\u00e1s con la unidad del Frente de Todos\u201d, dijo el mandatario en su cuenta de Twitter en relaci\u00f3n con la coalici\u00f3n de gobierno.<\/p>\n<p>Por su lado, la portavoz gubernamental Gabriela Cerruti dijo que el presidente ha ordenado una investigaci\u00f3n para determinar qui\u00e9nes son los autores de los afiches contra la dirigente peronista. Durante su presidencia Fern\u00e1ndez de Kirchner estrech\u00f3 los lazos con Putin.<\/p>\n<p>En los \u00faltimos tiempos, el buen v\u00ednculo bilateral se reflej\u00f3 en el hecho de que Argentina fue el primer pa\u00eds en Am\u00e9rica Latina y uno de los primeros del mundo que a fines de diciembre de 2020 comenz\u00f3 a aplicar la vacuna rusa Sputnik V contra el COVID-19.<\/p>\n<p>Opositores al presidente Fern\u00e1ndez sostienen que miles de muertes por coronavirus se podr\u00edan haber evitado en Argentina si en lugar de priorizar la llegada de los inmunizantes rusos el gobierno hubiera concretado un acuerdo con el laboratorio Pfizer que estuvo trabado durante meses por discrepancias entre las partes.<\/p>\n<p>La defensa que hizo Fern\u00e1ndez de la vicepresidenta se produjo en medio de los intentos del mandatario de mejorar las fr\u00edas relaciones que ambos mantienen desde hace meses. El v\u00ednculo estuvo cerca de quebrarse a ra\u00edz del acuerdo que el presidente impuls\u00f3 con el Fondo Monetario Internacional para refinanciar una deuda de unos 45.000 millones de d\u00f3lares tomada durante el mandato de su antecesor Mauricio Macri (2015-2020) y que fue cuestionado por la dirigente peronista, quien es muy cr\u00edtica con las pol\u00edticas de ajuste que exige el organismo de cr\u00e9dito.<\/p>\n<p>Fern\u00e1ndez ha reconocido p\u00fablicamente que mantiene diferencias con su compa\u00f1era en el poder y ha instado a que la unidad prevalezca para evitar que vuelva al poder la principal fuerza opositora, que tiene a Macri entre sus referentes.<\/p>\n","protected":false},"excerpt":{"rendered":"<p>&nbsp; La presidenta del Senado, Cristina Fern\u00e1ndez, preside una sesi\u00f3n en la que los senadores votar\u00e1n si ratifican el acuerdo del gobierno con el Fondo&hellip;<\/p>\n","protected":false},"author":99,"featured_media":502310,"comment_status":"open","ping_status":"open","sticky":false,"template":"","format":"standard","meta":{"footnotes":""},"categories":[23],"tags":[],"class_list":["post-502309","post","type-post","status-publish","format-standard","has-post-thumbnail","hentry","category-latinoamerica"],"_links":{"self":[{"href":"https:\/\/diarioelpopular.com\/index.php\/wp-json\/wp\/v2\/posts\/502309","targetHints":{"allow":["GET"]}}],"collection":[{"href":"https:\/\/diarioelpopular.com\/index.php\/wp-json\/wp\/v2\/posts"}],"about":[{"href":"https:\/\/diarioelpopular.com\/index.php\/wp-json\/wp\/v2\/types\/post"}],"author":[{"embeddable":true,"href":"https:\/\/diarioelpopular.com\/index.php\/wp-json\/wp\/v2\/users\/99"}],"replies":[{"embeddable":true,"href":"https:\/\/diarioelpopular.com\/index.php\/wp-json\/wp\/v2\/comments?post=502309"}],"version-history":[{"count":1,"href":"https:\/\/diarioelpopular.com\/index.php\/wp-json\/wp\/v2\/posts\/502309\/revisions"}],"predecessor-version":[{"id":502311,"href":"https:\/\/diarioelpopular.com\/index.php\/wp-json\/wp\/v2\/posts\/502309\/revisions\/502311"}],"wp:featuredmedia":[{"embeddable":true,"href":"https:\/\/diarioelpopular.com\/index.php\/wp-json\/wp\/v2\/media\/502310"}],"wp:attachment":[{"href":"https:\/\/diarioelpopular.com\/index.php\/wp-json\/wp\/v2\/media?parent=502309"}],"wp:term":[{"taxonomy":"category","embeddable":true,"href":"https:\/\/diarioelpopular.com\/index.php\/wp-json\/wp\/v2\/categories?post=502309"},{"taxonomy":"post_tag","embeddable":true,"href":"https:\/\/diarioelpopular.com\/index.php\/wp-json\/wp\/v2\/tags?post=502309"}],"curies":[{"name":"wp","href":"https:\/\/api.w.org\/{rel}","templated":true}]}}