{"id":502326,"date":"2022-03-30T08:58:59","date_gmt":"2022-03-30T12:58:59","guid":{"rendered":"https:\/\/diarioelpopular.com\/?p=502326"},"modified":"2022-03-30T08:58:59","modified_gmt":"2022-03-30T12:58:59","slug":"canada-se-encamina-hacia-la-sexta-ola-de-covid-19-esta-primavera-advierten-expertos","status":"publish","type":"post","link":"https:\/\/diarioelpopular.com\/index.php\/2022\/03\/30\/canada-se-encamina-hacia-la-sexta-ola-de-covid-19-esta-primavera-advierten-expertos\/","title":{"rendered":"Canad\u00e1 se encamina hacia la sexta ola de COVID-19 esta primavera, advierten expertos"},"content":{"rendered":"<p><img loading=\"lazy\" decoding=\"async\" class=\"alignnone size-custom-full-size wp-image-502327\" src=\"https:\/\/diarioelpopular.com\/wp-content\/uploads\/2022\/03\/0329_jamie-636x358.jpg\" alt=\"\" width=\"636\" height=\"358\" srcset=\"https:\/\/diarioelpopular.com\/wp-content\/uploads\/2022\/03\/0329_jamie-636x358.jpg 636w, https:\/\/diarioelpopular.com\/wp-content\/uploads\/2022\/03\/0329_jamie-300x169.jpg 300w, https:\/\/diarioelpopular.com\/wp-content\/uploads\/2022\/03\/0329_jamie-768x432.jpg 768w, https:\/\/diarioelpopular.com\/wp-content\/uploads\/2022\/03\/0329_jamie-130x73.jpg 130w, https:\/\/diarioelpopular.com\/wp-content\/uploads\/2022\/03\/0329_jamie.jpg 900w\" sizes=\"auto, (max-width: 636px) 100vw, 636px\" \/><\/p>\n<p><strong><em>&#8211; Canad\u00e1 se dirige hacia una posible sexta ola de COVID-19, dicen los expertos, ya que los casos y las hospitalizaciones han comenzado a aumentar nuevamente en todo el pa\u00eds.<\/em><\/strong><\/p>\n<p><em><strong>OTTAWA.-<\/strong> <\/em>Si bien el recuento promedio de casos diarios se ha estabilizado a nivel nacional, sigue existiendo una variabilidad regional en todo el pa\u00eds con varias jurisdicciones que informan aumentos, dijo la Dra. Theresa Tam, directora de salud p\u00fablica de Canad\u00e1 en su \u00faltima actualizaci\u00f3n semanal del viernes.<\/p>\n<p>Un an\u00e1lisis de Global News de los \u00faltimos datos provinciales de aguas residuales tambi\u00e9n muestra un resurgimiento de COVID-19 en Ontario, Alberta, Saskatchewan y partes de la Columbia Brit\u00e1nica.<\/p>\n<p>La subvariante BA.2 m\u00e1s contagiosa de Omicron, que ahora es la versi\u00f3n dominante del virus en varias provincias, junto con medidas de salud p\u00fablica relajadas est\u00e1 impulsando el aumento, dicen los expertos.<\/p>\n<p>\u201cParece que nos dirigimos hacia otra ola de primavera\u201d, dijo el Dr. Gerald Evans, especialista en enfermedades infecciosas de la Universidad de Queen en Kingston, Ontario.<\/p>\n<p>El aumento es m\u00e1s prominente en la costa este que en el oeste de Canad\u00e1, seg\u00fan el Dr. Horacio Bach, experto en enfermedades infecciosas de la Universidad de Columbia Brit\u00e1nica, quien, al igual que Evans, dice que las restricciones se levantaron demasiado r\u00e1pido.<\/p>\n","protected":false},"excerpt":{"rendered":"<p>&#8211; Canad\u00e1 se dirige hacia una posible sexta ola de COVID-19, dicen los expertos, ya que los casos y las hospitalizaciones han comenzado a aumentar&hellip;<\/p>\n","protected":false},"author":99,"featured_media":502327,"comment_status":"open","ping_status":"open","sticky":false,"template":"","format":"standard","meta":{"footnotes":""},"categories":[21,11191],"tags":[],"class_list":["post-502326","post","type-post","status-publish","format-standard","has-post-thumbnail","hentry","category-canada","category-top-news"],"_links":{"self":[{"href":"https:\/\/diarioelpopular.com\/index.php\/wp-json\/wp\/v2\/posts\/502326","targetHints":{"allow":["GET"]}}],"collection":[{"href":"https:\/\/diarioelpopular.com\/index.php\/wp-json\/wp\/v2\/posts"}],"about":[{"href":"https:\/\/diarioelpopular.com\/index.php\/wp-json\/wp\/v2\/types\/post"}],"author":[{"embeddable":true,"href":"https:\/\/diarioelpopular.com\/index.php\/wp-json\/wp\/v2\/users\/99"}],"replies":[{"embeddable":true,"href":"https:\/\/diarioelpopular.com\/index.php\/wp-json\/wp\/v2\/comments?post=502326"}],"version-history":[{"count":1,"href":"https:\/\/diarioelpopular.com\/index.php\/wp-json\/wp\/v2\/posts\/502326\/revisions"}],"predecessor-version":[{"id":502328,"href":"https:\/\/diarioelpopular.com\/index.php\/wp-json\/wp\/v2\/posts\/502326\/revisions\/502328"}],"wp:featuredmedia":[{"embeddable":true,"href":"https:\/\/diarioelpopular.com\/index.php\/wp-json\/wp\/v2\/media\/502327"}],"wp:attachment":[{"href":"https:\/\/diarioelpopular.com\/index.php\/wp-json\/wp\/v2\/media?parent=502326"}],"wp:term":[{"taxonomy":"category","embeddable":true,"href":"https:\/\/diarioelpopular.com\/index.php\/wp-json\/wp\/v2\/categories?post=502326"},{"taxonomy":"post_tag","embeddable":true,"href":"https:\/\/diarioelpopular.com\/index.php\/wp-json\/wp\/v2\/tags?post=502326"}],"curies":[{"name":"wp","href":"https:\/\/api.w.org\/{rel}","templated":true}]}}