{"id":502354,"date":"2022-03-31T09:41:59","date_gmt":"2022-03-31T13:41:59","guid":{"rendered":"https:\/\/diarioelpopular.com\/?p=502354"},"modified":"2022-03-31T09:41:59","modified_gmt":"2022-03-31T13:41:59","slug":"cidh-y-expertos-de-la-onu-preocupados-por-la-decision-de-liberar-a-fujimori-en-peru","status":"publish","type":"post","link":"https:\/\/diarioelpopular.com\/index.php\/2022\/03\/31\/cidh-y-expertos-de-la-onu-preocupados-por-la-decision-de-liberar-a-fujimori-en-peru\/","title":{"rendered":"CIDH y expertos de la ONU, preocupados por la decisi\u00f3n de liberar a Fujimori en Per\u00fa"},"content":{"rendered":"<p>&nbsp;<\/p>\n<div id=\"attachment_502355\" style=\"width: 646px\" class=\"wp-caption alignnone\"><img loading=\"lazy\" decoding=\"async\" aria-describedby=\"caption-attachment-502355\" class=\"size-custom-full-size wp-image-502355\" src=\"https:\/\/diarioelpopular.com\/wp-content\/uploads\/2022\/03\/20220329-df7dbe2f939922ef5539ab87f38f6edfbe4c1f65_39731862_20220330174640-636x461.jpg\" alt=\"\" width=\"636\" height=\"461\" srcset=\"https:\/\/diarioelpopular.com\/wp-content\/uploads\/2022\/03\/20220329-df7dbe2f939922ef5539ab87f38f6edfbe4c1f65_39731862_20220330174640-636x461.jpg 636w, https:\/\/diarioelpopular.com\/wp-content\/uploads\/2022\/03\/20220329-df7dbe2f939922ef5539ab87f38f6edfbe4c1f65_39731862_20220330174640-300x217.jpg 300w, https:\/\/diarioelpopular.com\/wp-content\/uploads\/2022\/03\/20220329-df7dbe2f939922ef5539ab87f38f6edfbe4c1f65_39731862_20220330174640-768x556.jpg 768w, https:\/\/diarioelpopular.com\/wp-content\/uploads\/2022\/03\/20220329-df7dbe2f939922ef5539ab87f38f6edfbe4c1f65_39731862_20220330174640-101x73.jpg 101w, https:\/\/diarioelpopular.com\/wp-content\/uploads\/2022\/03\/20220329-df7dbe2f939922ef5539ab87f38f6edfbe4c1f65_39731862_20220330174640.jpg 780w\" sizes=\"auto, (max-width: 636px) 100vw, 636px\" \/><p id=\"caption-attachment-502355\" class=\"wp-caption-text\"><em>Simpatizantes de Fujimori se han manifestado a las afueras del penal Barbadillo, en Lima (Per\u00fa), por la liberaci\u00f3n del expresidente. FOTO: EFE\/ Luis Angel Gonzales<\/em><\/p><\/div>\n<h4 class=\"lead cita\"><em><strong>&#8211; La Corte Constitucional orden\u00f3 la libertad del expresidente el pasado 17 de marzo.<\/strong><\/em><\/h4>\n<p>La decisi\u00f3n del Tribunal Constitucional de Per\u00fa de liberar al expresidente Alberto Fujimori \u201cafecta los derechos de las v\u00edctimas de cr\u00edmenes de lesa humanidad\u201d, denunci\u00f3 la Comisi\u00f3n Interamericana de Derechos Humanos (CIDH). As\u00ed mismo, un grupo de expertos de la ONU se pronunci\u00f3 sobre la decisi\u00f3n, se\u00f1alando que este es\u00a0un \u201cretroceso inaceptable\u201d para la lucha contra la impunidad\u00a0por las graves violaciones de derechos cometidas durante su gobierno.<\/p>\n<p>\u201cLa restituci\u00f3n del indulto dar\u00eda lugar a la liberaci\u00f3n de Fujimori y a la extinci\u00f3n de su pena, lo cual afecta los derechos de las v\u00edctimas de cr\u00edmenes de lesa humanidad, afecta su acceso a la justicia y lesiona su dignidad\u201d, afirm\u00f3 la CIDH en un comunicado en el que precisa que\u00a0la decisi\u00f3n \u201cgenera obst\u00e1culos para el cumplimiento integral de las sentencias\u201d de la Corte\u00a0Interamericana en los casos Barrios Altos y La Cantuta.<\/p>\n<p>De hecho, la CIDH record\u00f3 que en 2011 la Corte IDH declar\u00f3 que los sucesos en La Cantuta constituyen \u201ccr\u00edmenes de lesa humanidad\u201d y los de Barrios Altos \u201cson graves violaciones a los derechos humanos\u201d. As\u00ed mismo, agreg\u00f3 que\u00a0el derecho internacional proh\u00edbe la aplicaci\u00f3n de amnist\u00edas e indultos\u00a0a personas que han sido declaradas culpables de cr\u00edmenes de lesa humanidad.<\/p>\n<p>Igualmente, los expertos en derechos humanos de la ONU apuntaron en una misiva, emitida en Ginebra, que\u00a0esto \u201cparece ser inconsistente con los est\u00e1ndares internacionales de derechos humanos\u00a0que restringen el uso del indulto en casos que involucran cr\u00edmenes de lesa humanidad\u201d y recordaron que el indulto concedido en v\u00edsperas de Navidad de aquel a\u00f1o por el entonces presidente Pedro Pablo Kuczynski, alegando razones humanitarias, hab\u00eda sido considerado incompatible con los requerimientos legales.<\/p>\n<p>\u201cA menos que se justifique por razones claramente aceptables seg\u00fan el derecho interno e internacional\u201d,\u00a0anular la sentencia a 25 a\u00f1os contra Fujimori ser\u00eda \u201cun grave golpe a la justicia\u00a0y al estado de derecho\u201d y \u201cuna violaci\u00f3n del derecho a la justicia de las v\u00edctimas y sus familias\u201d, manifest\u00f3 el grupo de expertos, integrado por Fabi\u00e1n Salvioli, Morris Tidball Binz, Luciano Hazan, Aua Bald\u00e9, Tae-Ung Baik, Gabriella Citroni y Henrikas Mickevi\u010dius.<\/p>\n<p>Fujimori, de 83 a\u00f1os, sufre de de fibrilaci\u00f3n auricular, fibrosis pulmonar e hipertensi\u00f3n, seg\u00fan su m\u00e9dico.\u00a0\u201cHumanitariamente, Alberto Fujimori no merece morir en la c\u00e1rcel\u201d, expres\u00f3 el m\u00e9dico de cabecera y parlamentario af\u00edn Alejandro Aguinaga.<\/p>\n<p>Encarcelado en 2007, Fujimori ya cumpli\u00f3 15 de los 25 a\u00f1os de c\u00e1rcel por las matanzas de Barrios Altos (15 muertos, incluido un ni\u00f1o) y La Cantuta (10 muertos), perpetradas por escuadrones militares durante su gobierno (1990-2000) en el marco de la guerra contra el terrorismo.<\/p>\n<p>Para que salga de la prisi\u00f3n que ocupa en una base policial de Lima, el TC tiene que notificar al servicio penitenciario, tr\u00e1mite que a\u00fan no se concreta. La decisi\u00f3n, que es inapelable, desat\u00f3 manifestaciones en las calles de Lima a favor y en contra del indulto.<\/p>\n<p>&nbsp;<\/p>\n","protected":false},"excerpt":{"rendered":"<p>&nbsp; &#8211; La Corte Constitucional orden\u00f3 la libertad del expresidente el pasado 17 de marzo. La decisi\u00f3n del Tribunal Constitucional de Per\u00fa de liberar al&hellip;<\/p>\n","protected":false},"author":99,"featured_media":502355,"comment_status":"open","ping_status":"open","sticky":false,"template":"","format":"standard","meta":{"footnotes":""},"categories":[23],"tags":[],"class_list":["post-502354","post","type-post","status-publish","format-standard","has-post-thumbnail","hentry","category-latinoamerica"],"_links":{"self":[{"href":"https:\/\/diarioelpopular.com\/index.php\/wp-json\/wp\/v2\/posts\/502354","targetHints":{"allow":["GET"]}}],"collection":[{"href":"https:\/\/diarioelpopular.com\/index.php\/wp-json\/wp\/v2\/posts"}],"about":[{"href":"https:\/\/diarioelpopular.com\/index.php\/wp-json\/wp\/v2\/types\/post"}],"author":[{"embeddable":true,"href":"https:\/\/diarioelpopular.com\/index.php\/wp-json\/wp\/v2\/users\/99"}],"replies":[{"embeddable":true,"href":"https:\/\/diarioelpopular.com\/index.php\/wp-json\/wp\/v2\/comments?post=502354"}],"version-history":[{"count":1,"href":"https:\/\/diarioelpopular.com\/index.php\/wp-json\/wp\/v2\/posts\/502354\/revisions"}],"predecessor-version":[{"id":502356,"href":"https:\/\/diarioelpopular.com\/index.php\/wp-json\/wp\/v2\/posts\/502354\/revisions\/502356"}],"wp:featuredmedia":[{"embeddable":true,"href":"https:\/\/diarioelpopular.com\/index.php\/wp-json\/wp\/v2\/media\/502355"}],"wp:attachment":[{"href":"https:\/\/diarioelpopular.com\/index.php\/wp-json\/wp\/v2\/media?parent=502354"}],"wp:term":[{"taxonomy":"category","embeddable":true,"href":"https:\/\/diarioelpopular.com\/index.php\/wp-json\/wp\/v2\/categories?post=502354"},{"taxonomy":"post_tag","embeddable":true,"href":"https:\/\/diarioelpopular.com\/index.php\/wp-json\/wp\/v2\/tags?post=502354"}],"curies":[{"name":"wp","href":"https:\/\/api.w.org\/{rel}","templated":true}]}}