{"id":502364,"date":"2022-03-31T20:53:34","date_gmt":"2022-04-01T00:53:34","guid":{"rendered":"https:\/\/diarioelpopular.com\/?p=502364"},"modified":"2022-03-31T20:53:34","modified_gmt":"2022-04-01T00:53:34","slug":"tout-s-est-bien-passe-francia-2021-un-film-escrito-y-dirigido-por-francois-ozon-113-minutos","status":"publish","type":"post","link":"https:\/\/diarioelpopular.com\/index.php\/2022\/03\/31\/tout-s-est-bien-passe-francia-2021-un-film-escrito-y-dirigido-por-francois-ozon-113-minutos\/","title":{"rendered":"TOUT S&#8217;EST BIEN PASS\u00c9. Francia, 2021. Un film escrito y dirigido por Fran\u00e7ois Ozon. 113 minutos.\u00a0"},"content":{"rendered":"<div id=\"attachment_502365\" style=\"width: 484px\" class=\"wp-caption alignnone\"><img loading=\"lazy\" decoding=\"async\" aria-describedby=\"caption-attachment-502365\" class=\"size-custom-full-size wp-image-502365\" src=\"https:\/\/diarioelpopular.com\/wp-content\/uploads\/2022\/03\/TOUT-SEST-BIEN-PASSE--.jpg\" alt=\"\" width=\"474\" height=\"255\" srcset=\"https:\/\/diarioelpopular.com\/wp-content\/uploads\/2022\/03\/TOUT-SEST-BIEN-PASSE--.jpg 474w, https:\/\/diarioelpopular.com\/wp-content\/uploads\/2022\/03\/TOUT-SEST-BIEN-PASSE---300x161.jpg 300w, https:\/\/diarioelpopular.com\/wp-content\/uploads\/2022\/03\/TOUT-SEST-BIEN-PASSE---136x73.jpg 136w\" sizes=\"auto, (max-width: 474px) 100vw, 474px\" \/><p id=\"caption-attachment-502365\" class=\"wp-caption-text\"><em>Sophie Marceau y Andr\u00e9 Dussollier en TOUT S&#8217;EST BIEN PASS\u00c9<\/em><\/p><\/div>\n<p class=\"p1\"><b>Por Jorge Gutman<\/b><\/p>\n<p class=\"p3\">El vers\u00e1til director franc\u00e9s<span class=\"Apple-converted-space\">\u00a0 <\/span>Fran\u00e7ois Ozon agrega a su filmograf\u00eda otro encomiable trabajo abarcando el tema de la eutanasia. Para ello se vali\u00f3 del libro <i>Tout s&#8217;est bien pass\u00e9<\/i> de Emmanuele Bernheim en el que ella relat\u00f3 su experiencia personal ayudando a morir a su anciano padre enfermo de c\u00e1ncer.<\/p>\n<p class=\"p3\">En la adaptaci\u00f3n realizada por Ozon el drama comienza cuando Emmanuele (Sophie Marceau) a trav\u00e9s de su hermana Pascale (Geraldine Pailhas) se impone que su padre Andr\u00e9 (Andr\u00e9 Dussollier), un adinerado industrial de 85 a\u00f1os, ha sufrido una severa apoplej\u00eda. Aunque casado con Claude (Charlotte Rampling), una escultora que no siente gran afecto por \u00e9l y adem\u00e1s<span class=\"Apple-converted-space\">\u00a0 <\/span>sufre de depresi\u00f3n y el mal de Parkinson, ella no puede servir de gran ayuda dadas las circunstancias; en consecuencia<span class=\"Apple-converted-space\">\u00a0 <\/span>son las dos hermanas que apoy\u00e1ndose mutuamente tratan de asistir a su padre que requiere una prolongada estad\u00eda hospitalaria. A eso se agrega el car\u00e1cter obcecado y caprichoso de Andr\u00e9 en el que Emmanuele siempre reuni\u00f3 la necesaria paciencia para tolerarlo y que ahora con su enfermedad eso se acent\u00faa m\u00e1s. <span class=\"Apple-converted-space\">\u00a0<\/span><\/p>\n<p class=\"p3\">Aunque el enfermo va experimentando leves signos de recuperaci\u00f3n, le pide a Emmanuele que desea morir antes que seguir postrado y ser una persona dependiente. Despu\u00e9s de rechazar la proposici\u00f3n paterna, las dos hijas comprenden que no hay forma de que \u00e9l cambie su decisi\u00f3n y como la eutanasia no es legal en Francia, ambas hermanas entran en contacto con la afable representante (Hanna Schygulla) de una organizaci\u00f3n suiza que se ocupa del procedimiento indicando a las hermanas los<span class=\"Apple-converted-space\">\u00a0 <\/span>tr\u00e1mites pertinentes a seguir teniendo en cuenta que<span class=\"Apple-converted-space\">\u00a0 <\/span>el suicidio asistido tendr\u00e1 lugar en el pa\u00eds vecino.<\/p>\n<p class=\"p3\">Si bien el tema es dram\u00e1tico y controversial, Ozon destila al relato con tintes de comedia permitiendo que su desarrollo resulte ameno; as\u00ed cuando Andr\u00e9 se entera que la eutanasia costar\u00e1 10 mil euros, \u00e9l le pregunta a Emmanuele c\u00f3omo se las arregla quien es pobre y no dispone de esa suma, a lo que ella le responde que tendr\u00e1 que esperar a morirse. El inspirado humor no descarta algunas instancias de<span class=\"Apple-converted-space\">\u00a0 <\/span>genuina emoci\u00f3n en la din\u00e1mica interrelaci\u00f3n generada<span class=\"Apple-converted-space\">\u00a0 <\/span>entre<span class=\"Apple-converted-space\">\u00a0 <\/span>el tr\u00edo protag\u00f3nico.<span class=\"Apple-converted-space\">\u00a0<\/span><\/p>\n<p class=\"p3\">El realizador ofrece un film sencillo y depurado cuyos valores residen en el excelente gui\u00f3n y \u00f3ptimo nivel de actuaci\u00f3n. Marceau se destaca por su magn\u00edfica naturalidad<span class=\"Apple-converted-space\">\u00a0 <\/span>como la hija favorita de Andr\u00e9 que re\u00fane la fuerza necesaria para poder<span class=\"Apple-converted-space\">\u00a0 <\/span>satisfacer la voluntad de su progenitor. Pailhas no le va en saga como la otra hija que siempre fue despreciada por su padre pero que<span class=\"Apple-converted-space\">\u00a0 <\/span>moralmente se siente obligada a cooperar con \u00e9l. Dussolier est\u00e1 impagable al sumergirse en cuerpo y alma en la personalidad del altanero e irascible enfermo.<span class=\"Apple-converted-space\">\u00a0 <\/span>En roles de apoyo Rampling ratifica una vez m\u00e1s su talento de consumada actriz, Schygulla ofrece calidez en su rol, en tanto que Gregory Gadebois como la pareja gay de Andr\u00e9 y Eric Caravaca animando al marido de Emmanuele defienden airosamente los breves papeles asignados.<\/p>\n<p class=\"p3\">Descartando sentimentalismo alguno, con m\u00e1xima sobriedad Ozon ilustra la escena<span class=\"Apple-converted-space\">\u00a0 <\/span>en que las hijas se despiden definitivamente de su progenitor.<span class=\"Apple-converted-space\">\u00a0<\/span><\/p>\n<p class=\"p3\">A no dudarlo que el tema de la muerte asistida involucra un conflicto moral. No obstante queda<span class=\"Apple-converted-space\">\u00a0 <\/span>abierta la pregunta si es preferible morir con dignidad, para evitar el cruel sufrimiento de una enfermedad terminal, puesto que en esa situaci\u00f3n sobrevivir no significa vivir sino m\u00e1s bien vegetar. Cada espectador tendr\u00e1 su propia respuesta.<\/p>\n<p class=\"p4\"><b>GOLIATH<\/b>. Francia-B\u00e9lgica, 2021. Un film de Fr\u00e9d\u00e9ric Tellier. 122 minutos.<\/p>\n<p><img loading=\"lazy\" decoding=\"async\" class=\"alignnone size-medium wp-image-502366\" src=\"https:\/\/diarioelpopular.com\/wp-content\/uploads\/2022\/03\/GOLIATH-300x150.jpg\" alt=\"\" width=\"300\" height=\"150\" srcset=\"https:\/\/diarioelpopular.com\/wp-content\/uploads\/2022\/03\/GOLIATH-300x150.jpg 300w, https:\/\/diarioelpopular.com\/wp-content\/uploads\/2022\/03\/GOLIATH-768x384.jpg 768w, https:\/\/diarioelpopular.com\/wp-content\/uploads\/2022\/03\/GOLIATH-1200x600.jpg 1200w, https:\/\/diarioelpopular.com\/wp-content\/uploads\/2022\/03\/GOLIATH-636x318.jpg 636w, https:\/\/diarioelpopular.com\/wp-content\/uploads\/2022\/03\/GOLIATH-146x73.jpg 146w, https:\/\/diarioelpopular.com\/wp-content\/uploads\/2022\/03\/GOLIATH.jpg 1024w\" sizes=\"auto, (max-width: 300px) 100vw, 300px\" \/><\/p>\n<p class=\"p4\">Aunque nada tiene que ver con el poderoso filisteo b\u00edblico que fue derrotado por el joven jud\u00edo David, Fr\u00e9d\u00e9ric Tellier alude en <b>Goliath<\/b> al enfrentamiento de dos fuerzas opuestas luchando incansablemente para lograr su prop\u00f3sito.<\/p>\n<p class=\"p4\">Con reminiscencias de lo que Henrik Ibsen expusiera en su remarcable obra &#8220;<i>Un Enemigo del Pueblo<\/i>&#8221; donde su protagonista denuncia la contaminaci\u00f3n de las aguas de un balneario<span class=\"Apple-converted-space\">\u00a0 <\/span>que constituye la atracci\u00f3n tur\u00edstica m\u00e1s importante de la ciudad, aqu\u00ed nos encontramos con una situaci\u00f3n parecida. Si bien el film es de ficci\u00f3n lo que acontece se basa en meticulosas investigaciones realizadas por Tellier.<\/p>\n<p class=\"p4\">El gui\u00f3n del realizador escrito con Simon Moutairou se centra en tres personajes. Uno de los mismos es el abogado Patrick Fameau (Gilles Lellouche) especializado en el medio ambiente y que con gran firmeza<span class=\"Apple-converted-space\">\u00a0 <\/span>defiende en la corte judicial<span class=\"Apple-converted-space\">\u00a0 <\/span>a su clienta Lucie (<span class=\"s1\">Chlo\u00e9 Stefani<b>)<\/b><\/span>, una mujer que perdi\u00f3 a su pareja enferma de c\u00e1ncer<span class=\"Apple-converted-space\">\u00a0 <\/span>por<span class=\"Apple-converted-space\">\u00a0 <\/span>pesticidas t\u00f3xicos utilizados en la explotaci\u00f3n agr\u00edcola. El otro personaje es France (Emmanuelle Bercot), una entrenadora deportiva<span class=\"Apple-converted-space\">\u00a0 <\/span>cuyo marido se encuentra gravemente afectado de c\u00e1ncer por razones similares.<span class=\"Apple-converted-space\">\u00a0 <\/span>El tr\u00edo protag\u00f3nico de esta historia se completa con<span class=\"Apple-converted-space\">\u00a0 <\/span>Mathias Rozen (Pierre Niney), quien a primera vista atrae por su simpat\u00eda a pesar de ser el villano del relato; con su impecable carisma \u00e9l es el brillante lobista que estando<span class=\"Apple-converted-space\">\u00a0 <\/span>al servicio de<span class=\"Apple-converted-space\">\u00a0 <\/span>la gigantesca industria agroqu\u00edmica Phytosanis, argumenta que no hay evidencia cient\u00edfica que demuestre que los pesticidas son carcin\u00f3genos, a pesar que la Organizaci\u00f3n Mundial de la Salud alerta su empleo&#8230;<span class=\"Apple-converted-space\">\u00a0<\/span><\/p>\n<p class=\"p4\">El impacto negativo del medio ambiente<span class=\"Apple-converted-space\">\u00a0 <\/span>ya ha sido considerado por el cine; en todo caso este drama se distingue por la excelente manera en que Tellier aborda el tema, brindando <span class=\"s1\">total convicci\u00f3n en el choque de Fameau y France (<i>David<\/i>) con el implacable Rozen (<i>Goliath<\/i>)<\/span><span class=\"s2\">,<span class=\"Apple-converted-space\">\u00a0 <\/span><\/span>En el marco de una narraci\u00f3n convencional pero efectiva, el director efect\u00faa un s\u00f3lido relato denunciando a un mundo despiadado donde el poder del dinero es m\u00e1s importante que la salud de la poblaci\u00f3n<span class=\"Apple-converted-space\">\u00a0<\/span><\/p>\n<p class=\"p4\">El elenco es irreprochable. Bercot, como la activa militante ambiental de su pueblo conmueve profundamente personificando a<span class=\"Apple-converted-space\">\u00a0 <\/span>la mujer que experimenta el dolor de la probable p\u00e9rdida de su esposo. Lellouche igualmente despliega su acostumbrada eficiencia actoral<span class=\"Apple-converted-space\">\u00a0 <\/span>caracterizando al<span class=\"Apple-converted-space\">\u00a0 <\/span>devoto abogado idealista que no exento de fatiga comprueba c\u00f3mo su ardiente alocuci\u00f3n contra el empleo de pesticidas cae en o\u00eddos sordos. Por su parte Niney ofrece una magistral interpretaci\u00f3n del inescrupuloso individuo que no obstante su deshonesto comportamiento profesional se desempe\u00f1a privadamente como un muy buen marido y futuro padre de familia. En roles de apoyo, adem\u00e1s de Stefani igualmente se destacan Marie Gillain, Jacques Perrin y Laurent Stocker.<\/p>\n<p class=\"p4\">En esencia, este muy buen thriller ecol\u00f3gico, donde &#8220;<i>nada es fortuito ni voluntario<\/i>&#8220;, permite reflexionar sobre el nivel de calidad de los frutos y legumbres que diariamente consumimos.<\/p>\n<p class=\"p5\"><b>AHED&#8217;S KNEE<\/b>. Francia-Israel-Alemania, 2021. Un film escrito y dirigido por Nadav Lapid.<b>\u00a0<\/b>109 minutos<\/p>\n<p><img loading=\"lazy\" decoding=\"async\" class=\"alignnone size-medium wp-image-502367\" src=\"https:\/\/diarioelpopular.com\/wp-content\/uploads\/2022\/03\/AHEDS-KNEE-300x150.jpg\" alt=\"\" width=\"300\" height=\"150\" srcset=\"https:\/\/diarioelpopular.com\/wp-content\/uploads\/2022\/03\/AHEDS-KNEE-300x150.jpg 300w, https:\/\/diarioelpopular.com\/wp-content\/uploads\/2022\/03\/AHEDS-KNEE-768x384.jpg 768w, https:\/\/diarioelpopular.com\/wp-content\/uploads\/2022\/03\/AHEDS-KNEE-1200x600.jpg 1200w, https:\/\/diarioelpopular.com\/wp-content\/uploads\/2022\/03\/AHEDS-KNEE-636x318.jpg 636w, https:\/\/diarioelpopular.com\/wp-content\/uploads\/2022\/03\/AHEDS-KNEE-146x73.jpg 146w, https:\/\/diarioelpopular.com\/wp-content\/uploads\/2022\/03\/AHEDS-KNEE.jpg 1024w\" sizes=\"auto, (max-width: 300px) 100vw, 300px\" \/><\/p>\n<p class=\"p5\">Habiendo obtenido en 2019 el m\u00e1ximo galard\u00f3n en el festival de Berl\u00edn con <i>Synonyms<\/i><b>,<\/b> el director Nadav Lapid retorna con otro drama en el que con inusitada energ\u00eda expresa el sentimiento que lo anima como ciudadano israel\u00ed. Es necesario aclarar que el rodaje del film se realiz\u00f3 antes de que Benjamin Netanyahu dejara el cargo de Primer Ministro.<\/p>\n<p class=\"p6\">El realizador \u00a0se vale de su propio gui\u00f3n para describir a un cineasta llamado Y (Avshalom Pollak) que decididamente es su alter ego. En la ficci\u00f3n, este personaje avizora como pr\u00f3ximo proyecto filmar Ahed&#8217;s Knee basado en la vida real\u00a0 de Ahed Tamini, una activista palestina que sufri\u00f3 una herida en su rodilla al haber sido baleada por un soldado israel\u00ed. En tanto, Y ha aceptado una invitaci\u00f3n de Yahalom (Nur Fibak), una funcionaria del\u00a0 Ministerio de Cultura de Israel para la proyecci\u00f3n de su \u00faltimo film \u00a0en el des\u00e9rtico valle de Aravah donde ella reside. Despu\u00e9s de la exhibici\u00f3n se ha dispuesto que el director participe en\u00a0\u00a0 un coloquio de preguntas y respuestas con el p\u00fablico asistente.\u00a0 Mientras la proyecci\u00f3n se efect\u00faa Yahalom le entrega un formulario que debe llenar y que ser\u00e1 destinado al Ministerio de Cultura donde tiene que someterse a estrictos t\u00f3picos autorizados para su discusi\u00f3n con los espectadores. Esa\u00a0 censura a la libertad de expresi\u00f3n\u00a0 motiva a que Y, ciertamente traumatizado por lo que sufri\u00f3 como soldado en la guerra de L\u00edbano, \u00a0no pueda ocultar su indignaci\u00f3n; en consecuencia, a trav\u00e9s de un largo mon\u00f3logo que graba en su celular se despacha con un incendiario discurso en donde manifiesta su repugnancia y asco hacia el gobierno de\u00a0 Netanyahu y su ministra de cultura.<\/p>\n<p class=\"p5\">En este drama radical y explosivo de auto-ficci\u00f3n Lapid \u00a0lanza una vez m\u00e1s\u00a0 sus dardos al pa\u00eds en que vive, \u00a0aunque la forma de expresarlo no sea demasiado sutil. Queda claro, que a trav\u00e9s de su problem\u00e1tico protagonista quiere resaltar la severa crisis existencial que atraviesa y de qu\u00e9 manera el gobierno israel\u00ed va afectando su identidad.<\/p>\n<p class=\"p5\">Con una agitada puesta esc\u00e9nica que recurre a varias rupturas para introducir n\u00fameros musicales un tanto discutibles, el iconoclasta realizador cont\u00f3 con la excepcional interpretaci\u00f3n de Pollak, el excelente core\u00f3grafo de danza contempor\u00e1nea, quien transmite acabadamente la c\u00f3lera de\u00a0\u00a0 un cineasta impotente de no poder modificar la realidad que lo envuelve.<\/p>\n<p class=\"p7\"><b>MEMORY BOX<\/b>. Francia-L\u00edbano-Canad\u00e1-Qatar, 2021. Un film de Joana Hadjithomas y Khalil Joreige. 102 minutos<\/p>\n<p><img loading=\"lazy\" decoding=\"async\" class=\"alignnone size-custom-full-size wp-image-502368\" src=\"https:\/\/diarioelpopular.com\/wp-content\/uploads\/2022\/03\/MEMORY-BOX.jpg\" alt=\"\" width=\"300\" height=\"300\" srcset=\"https:\/\/diarioelpopular.com\/wp-content\/uploads\/2022\/03\/MEMORY-BOX.jpg 300w, https:\/\/diarioelpopular.com\/wp-content\/uploads\/2022\/03\/MEMORY-BOX-150x150.jpg 150w, https:\/\/diarioelpopular.com\/wp-content\/uploads\/2022\/03\/MEMORY-BOX-73x73.jpg 73w\" sizes=\"auto, (max-width: 300px) 100vw, 300px\" \/><\/p>\n<p class=\"p7\">Para quienes han sufrido los horrores de una guerra, es comprensible que algunos prefieran dejar sepultados los tristes recuerdos aunque eso no implica que eso haya quedado completamente eliminado de la memoria. En base a ello, los realizadores<span class=\"Apple-converted-space\">\u00a0 <\/span>Joana Hadjithomas y Khalil Joreige que<span class=\"Apple-converted-space\">\u00a0 <\/span>han vivido en el tumultuoso L\u00edbano de la d\u00e9cada del 80,<span class=\"Apple-converted-space\">\u00a0 <\/span>se han inspirado para ofrecer este emotivo drama.<span class=\"Apple-converted-space\">\u00a0<\/span><\/p>\n<p class=\"p9\">Los cineastas con la colaboraci\u00f3n de la guionista Gaelle Mace han concebido un relato enfocando a tres generaciones de origen liban\u00e9s radicados en Montreal.<span class=\"Apple-converted-space\">\u00a0 <\/span>La acci\u00f3n comienza<span class=\"Apple-converted-space\">\u00a0 <\/span>en la nevada v\u00edspera de Navidad donde Alex (Paloma Vuthier), de 14 a\u00f1os de edad, junto con su madre Maia (Rim Turki) y la abuela Teta (Clemence Sabbagh) se aprestan a celebrar el acontecimiento. El orden existente se altera con la recepci\u00f3n de una voluminosa caja que fue remitida por los familiares de Lisa, quien fue la \u00edntima<span class=\"Apple-converted-space\">\u00a0 <\/span>amiga de juventud de Maia, que hab\u00eda dejado L\u00edbano como consecuencia<span class=\"Apple-converted-space\">\u00a0 <\/span>del conflicto b\u00e9lico. Ese env\u00edo estremece un tanto a Maia por lo tanto Teta<span class=\"Apple-converted-space\">\u00a0 <\/span>prefiere guardar la caja en el s\u00f3tano y abrirla despu\u00e9s de la<span class=\"Apple-converted-space\">\u00a0 <\/span>Navidad a fin de que nada pueda incomodar o alterar el esp\u00edritu de la<span class=\"Apple-converted-space\">\u00a0 <\/span>fiesta hogare\u00f1a. Sin embargo la gran curiosidad de Alex motiva que furtivamente ella la abra en donde su contenido constituir\u00e1 toda una revelaci\u00f3n al enterarse de aspectos de la vida de su madre que hasta entonces hab\u00eda desconocido.<\/p>\n<p class=\"p9\">A<span class=\"Apple-converted-space\">\u00a0 <\/span>trav\u00e9s de fotos impresas,<span class=\"Apple-converted-space\">\u00a0 <\/span>grabaci\u00f3n de casets, diarios personales, revistas del pasado<span class=\"Apple-converted-space\">\u00a0 <\/span>y cartas enviadas por<span class=\"Apple-converted-space\">\u00a0 <\/span>la joven Maia (Manal Issa)<span class=\"Apple-converted-space\">\u00a0 <\/span>a Lisa entre 1982 a 1988, los recuerdos comienzan a afluir, en donde se manifiesta lo que ella atraves\u00f3 durante la nefasta guerra, incluyendo la m\u00fasica como v\u00eda de escape y la pulsi\u00f3n de la adolescencia a trav\u00e9s del romance con el atractivo Raja (Hassan Akil), su primer amor. A medida que la guerra va cobrando intensidad, Alex se impone de las variadas tragedias sufridas por su familia como as\u00ed tambi\u00e9n las alegr\u00edas, desencantos, temores, y angustias de su madre al comp\u00e1s del bombardeo como escenario de fondo durante ese per\u00edodo cruento que vivi\u00f3 el pa\u00eds.<\/p>\n<p class=\"p9\">M\u00e1s all\u00e1 de su contenido, lo que enormemente valoriza a este drama es su presentaci\u00f3n visual apelando a un admirable estilo que incluye pantallas compartidas y t\u00e9cnicas de animaci\u00f3n stop-motion para reflejar a trav\u00e9s de un impecable montaje este magn\u00edfico collage de la memoria.<span class=\"Apple-converted-space\">\u00a0<\/span><\/p>\n<p class=\"p9\">Observando este sobrecogedor relato que transita entre ficci\u00f3n y realidad, en los actuales momentos resulta imposible disociar la guerra civil libanesa con la tragedia que actualmente sobrelleva el pueblo de Ucrania comprobando c\u00f3mo familias enteras se desintegran y que sin duda alguna eso repercutir\u00e1 amargamente para quienes logren salvar sus vidas.<span class=\"Apple-converted-space\">\u00a0<\/span><\/p>\n<p class=\"p9\">Hadjithomas y Joreige han logrado un conmovedor drama que transitando entre ficci\u00f3n y realidad demuestra la imposibilidad de borrar de la mente las vivencias de quienes han tenido el infortunio de haber sufrido los estragos de una guerra nefasta y sin sentido alguno.<\/p>\n","protected":false},"excerpt":{"rendered":"<p>Por Jorge Gutman El vers\u00e1til director franc\u00e9s\u00a0 Fran\u00e7ois Ozon agrega a su filmograf\u00eda otro encomiable trabajo abarcando el tema de la eutanasia. Para ello se&hellip;<\/p>\n","protected":false},"author":99,"featured_media":502365,"comment_status":"open","ping_status":"open","sticky":false,"template":"","format":"standard","meta":{"footnotes":""},"categories":[80,81,2482,434],"tags":[],"class_list":["post-502364","post","type-post","status-publish","format-standard","has-post-thumbnail","hentry","category-cine-2","category-columnistas","category-espectaculo","category-hablemos-de-cine"],"_links":{"self":[{"href":"https:\/\/diarioelpopular.com\/index.php\/wp-json\/wp\/v2\/posts\/502364","targetHints":{"allow":["GET"]}}],"collection":[{"href":"https:\/\/diarioelpopular.com\/index.php\/wp-json\/wp\/v2\/posts"}],"about":[{"href":"https:\/\/diarioelpopular.com\/index.php\/wp-json\/wp\/v2\/types\/post"}],"author":[{"embeddable":true,"href":"https:\/\/diarioelpopular.com\/index.php\/wp-json\/wp\/v2\/users\/99"}],"replies":[{"embeddable":true,"href":"https:\/\/diarioelpopular.com\/index.php\/wp-json\/wp\/v2\/comments?post=502364"}],"version-history":[{"count":1,"href":"https:\/\/diarioelpopular.com\/index.php\/wp-json\/wp\/v2\/posts\/502364\/revisions"}],"predecessor-version":[{"id":502369,"href":"https:\/\/diarioelpopular.com\/index.php\/wp-json\/wp\/v2\/posts\/502364\/revisions\/502369"}],"wp:featuredmedia":[{"embeddable":true,"href":"https:\/\/diarioelpopular.com\/index.php\/wp-json\/wp\/v2\/media\/502365"}],"wp:attachment":[{"href":"https:\/\/diarioelpopular.com\/index.php\/wp-json\/wp\/v2\/media?parent=502364"}],"wp:term":[{"taxonomy":"category","embeddable":true,"href":"https:\/\/diarioelpopular.com\/index.php\/wp-json\/wp\/v2\/categories?post=502364"},{"taxonomy":"post_tag","embeddable":true,"href":"https:\/\/diarioelpopular.com\/index.php\/wp-json\/wp\/v2\/tags?post=502364"}],"curies":[{"name":"wp","href":"https:\/\/api.w.org\/{rel}","templated":true}]}}