{"id":502370,"date":"2022-03-31T20:55:43","date_gmt":"2022-04-01T00:55:43","guid":{"rendered":"https:\/\/diarioelpopular.com\/?p=502370"},"modified":"2022-03-31T20:55:43","modified_gmt":"2022-04-01T00:55:43","slug":"aluvion-de-barbaries","status":"publish","type":"post","link":"https:\/\/diarioelpopular.com\/index.php\/2022\/03\/31\/aluvion-de-barbaries\/","title":{"rendered":"\u00a0 ALUVI\u00d3N DE BARBARIES\u00a0"},"content":{"rendered":"<p class=\"p5\"><b><i>\u201cEvidentemente, cabe insistir que la peor desgracia es invertir en armas porque, tarde o temprano, se van a utilizar para perderlo todo. La justicia se defiende con la mente y su sano juicio\u201d.<span class=\"Apple-converted-space\">\u00a0<\/span><\/i><\/b><\/p>\n<p class=\"p6\"><b><i>=============================<\/i><\/b><\/p>\n<p class=\"p6\"><b><i>V\u00edctor CORCOBA HERRERO\/ Escritor<\/i><\/b><\/p>\n<p class=\"p6\"><b><i>corcoba@telefonica.net <\/i><\/b><\/p>\n<p class=\"p6\"><b>=============================<\/b><span class=\"Apple-converted-space\">\u00a0<\/span><\/p>\n<p class=\"p8\">El mundo requiere de otros tipos de aires m\u00e1s respetuosos con la vida y el itinerario de las gentes. \u00a1C\u00f3mo no tomar nuevos h\u00e1bitos y distinta concepci\u00f3n en favor de un esp\u00edritu conciliador, a fin de trazar caminos m\u00e1s templados y un futuro esperanzador para las generaciones actuales y futuras! El dejar hacer sin m\u00e1s, con desconocimiento y menosprecio a los derechos humanos, han originado actos de salvajismo injuriosos para la conciencia de la humanidad. Desde luego, tenemos que volver al esp\u00edritu coherente del buen decir y mejor obrar, que es el que verdaderamente nos transforma por dentro y por fuera, despoj\u00e1ndonos de nuestras propias miserias humanas y haci\u00e9ndonos personas c\u00edvicas, deseosas de di\u00e1logo sincero e intercambio de pensamientos; lo que nos exige ser tolerantes y solidarios, personas de palabra y ciudadanos de bien, a pesar de la persistente incertidumbre que nos acorrala.<span class=\"Apple-converted-space\">\u00a0<\/span><\/p>\n<p class=\"p10\">Floreciendo en disposici\u00f3n siempre de abrazar con el coraz\u00f3n y siendo conscientes de esta necesidad, es como se pueden frenar los \u00edmpetus de tantas crueldades vertidas, en un mundo endiosado en el que sus moradores luchan entre s\u00ed, con el \u00fanico desvelo de ser poderosos, para poder aplastar al que camina a su lado. Por eso, tenemos que priorizar otros rumbos m\u00e1s \u00e9ticos, para poner en pr\u00e1ctica una atm\u00f3sfera realmente apaciguadora, que favorezca un desarrollo equitativo, recobre tantas dignidades perdidas y de estabilidad al momento que nos ha tocado vivir. No olvidemos que la ansiada paz, \u00fanicamente se consigue con voluntad y amor. Un cese de las hostilidades evitar\u00e1 el sufrimiento; y, por ende, nos ayudar\u00e1 a descubrir la alegr\u00eda de caminar como parte importante del tono a sustentar, cada cual desde sus vocablos, pero siempre en unidad como hermanos, a pesar del avance de las contiendas in\u00fatiles y de los continuos cr\u00edmenes contra la humanidad.<span class=\"Apple-converted-space\">\u00a0<\/span><\/p>\n<p class=\"p10\">Ciertamente, cada d\u00eda son m\u00e1s las personas que exponen sus existencias en busca de otra mejor. En este sentido, con demasiada frecuencia, tanto la Agencia de la ONU como la Organizaci\u00f3n Internacional para las Migraciones, llaman a aumentar el apoyo y la inversi\u00f3n en comunidades de acogida, para reforzar los servicios que benefician tanto a las personas refugiadas y migrantes como a la poblaci\u00f3n local. Evidentemente, cabe insistir que la peor desgracia es invertir en armas porque, tarde o temprano, se van a utilizar para perderlo todo. La justicia se defiende con la mente y su sano juicio.<span class=\"Apple-converted-space\">\u00a0 <\/span>Lo que no es de recibo, que la violencia y el odio sigan invadiendo nuestras entretelas, avivando nuestra propia destrucci\u00f3n interna, en lugar de fomentar quietud, atm\u00f3sfera que todos nos merecemos como so\u00f1adores de n\u00edveos pulsos.<span class=\"Apple-converted-space\">\u00a0<\/span><\/p>\n<p class=\"p10\">Transfigurados en la \u00e9pica que hemos de ser, requerimos de otros lenguajes m\u00e1s aut\u00e9nticos, que nos lleven a celebrar encuentros inolvidables, que es lo que en realidad fomenta un clima de confianza, cooperaci\u00f3n y respeto entre todos. Es vital entenderse para crecerse y recrearse en ese bienestar que a\u00f1oramos, pero que no todos laboramos, en parte por el estado de confusi\u00f3n que nos gobierna. Para empezar, la pol\u00edtica de enfrentamientos tiene que desaparecer por completo de la faz de la tierra. Precisamente, en esa cultura viva que implica comprenderse, y que hoy el mundo necesita como jam\u00e1s, se requieren lideres que tiendan puentes y no los echen por tierra.<span class=\"Apple-converted-space\">\u00a0 \u00a0<\/span><\/p>\n<p class=\"p10\">En cualquier caso, frente a esta crecida de barbaridades, nuestra misi\u00f3n debe ser clara y contundente, poni\u00e9ndonos en el lugar del otro, especialmente de las personas vulnerables, pues en el fondo hemos de ser creadores de v\u00ednculos, sin importarnos distancias o situaciones. En ese cielo de palabras todos contribuimos a la m\u00edstica, a la salvaguardia de la concordia con la bondad y al desamparo de los males de la sociedad, promoviendo una conversi\u00f3n sensible que nos active el esp\u00edritu de la ilusi\u00f3n y nos mueva a caminar reintegr\u00e1ndonos en los dem\u00e1s, tambi\u00e9n en los latidos perdidos o degenerados. Con nuestra vivencia comprensiva, seguro que se suman al retorno de una recta cognici\u00f3n. As\u00ed, lo grave no ser\u00e1 que los efectos econ\u00f3micos de la guerra de Ucrania agraven la ralentizaci\u00f3n de la econom\u00eda mundial y debiliten la recuperaci\u00f3n que se esperaba en la postpandemia, sino que continuemos sin aprender a contribuir<span class=\"Apple-converted-space\">\u00a0 <\/span>a la construcci\u00f3n de una sociedad m\u00e1s justa, m\u00e1s humana y m\u00e1s fraterna; en parte, por esa falta de s\u00f3lidas leyes morales en nuestros propios pasos.<span class=\"Apple-converted-space\">\u00a0<\/span><\/p>\n<p class=\"p12\"><span class=\"s2\"><span class=\"Apple-converted-space\">\u00a0<\/span><\/span><b>V\u00edctor CORCOBA HERRERO \/ Escritor<\/b><\/p>\n<p class=\"p12\"><b><span class=\"Apple-converted-space\">\u00a0<\/span>HYPERLINK &#8220;mailto:corcoba@telefonica.net&#8221; <\/b><span class=\"s3\"><b>corcoba@telefonica.net<\/b><\/span><\/p>\n<p class=\"p12\"><b>1 de Abril de 2022<span class=\"Apple-converted-space\">\u00a0<\/span><\/b><\/p>\n","protected":false},"excerpt":{"rendered":"<p>\u201cEvidentemente, cabe insistir que la peor desgracia es invertir en armas porque, tarde o temprano, se van a utilizar para perderlo todo. La justicia se&hellip;<\/p>\n","protected":false},"author":99,"featured_media":0,"comment_status":"open","ping_status":"open","sticky":false,"template":"","format":"standard","meta":{"footnotes":""},"categories":[11353,81],"tags":[],"class_list":["post-502370","post","type-post","status-publish","format-standard","hentry","category-algo-mas-que-palabras","category-columnistas"],"_links":{"self":[{"href":"https:\/\/diarioelpopular.com\/index.php\/wp-json\/wp\/v2\/posts\/502370","targetHints":{"allow":["GET"]}}],"collection":[{"href":"https:\/\/diarioelpopular.com\/index.php\/wp-json\/wp\/v2\/posts"}],"about":[{"href":"https:\/\/diarioelpopular.com\/index.php\/wp-json\/wp\/v2\/types\/post"}],"author":[{"embeddable":true,"href":"https:\/\/diarioelpopular.com\/index.php\/wp-json\/wp\/v2\/users\/99"}],"replies":[{"embeddable":true,"href":"https:\/\/diarioelpopular.com\/index.php\/wp-json\/wp\/v2\/comments?post=502370"}],"version-history":[{"count":1,"href":"https:\/\/diarioelpopular.com\/index.php\/wp-json\/wp\/v2\/posts\/502370\/revisions"}],"predecessor-version":[{"id":502371,"href":"https:\/\/diarioelpopular.com\/index.php\/wp-json\/wp\/v2\/posts\/502370\/revisions\/502371"}],"wp:attachment":[{"href":"https:\/\/diarioelpopular.com\/index.php\/wp-json\/wp\/v2\/media?parent=502370"}],"wp:term":[{"taxonomy":"category","embeddable":true,"href":"https:\/\/diarioelpopular.com\/index.php\/wp-json\/wp\/v2\/categories?post=502370"},{"taxonomy":"post_tag","embeddable":true,"href":"https:\/\/diarioelpopular.com\/index.php\/wp-json\/wp\/v2\/tags?post=502370"}],"curies":[{"name":"wp","href":"https:\/\/api.w.org\/{rel}","templated":true}]}}