{"id":502377,"date":"2022-04-01T09:13:35","date_gmt":"2022-04-01T13:13:35","guid":{"rendered":"https:\/\/diarioelpopular.com\/?p=502377"},"modified":"2022-04-01T09:13:35","modified_gmt":"2022-04-01T13:13:35","slug":"viajeros-vacunados-ya-no-necesitan-pruebas-de-covid-19-previas-a-la-entrada-para-ingresar-a-canada","status":"publish","type":"post","link":"https:\/\/diarioelpopular.com\/index.php\/2022\/04\/01\/viajeros-vacunados-ya-no-necesitan-pruebas-de-covid-19-previas-a-la-entrada-para-ingresar-a-canada\/","title":{"rendered":"Viajeros vacunados ya no necesitan pruebas de COVID-19 previas a la entrada para ingresar a Canad\u00e1"},"content":{"rendered":"<p><img loading=\"lazy\" decoding=\"async\" class=\"alignnone size-custom-full-size wp-image-502379\" src=\"https:\/\/diarioelpopular.com\/wp-content\/uploads\/2022\/04\/1.-image-636x358.jpg\" alt=\"\" width=\"636\" height=\"358\" srcset=\"https:\/\/diarioelpopular.com\/wp-content\/uploads\/2022\/04\/1.-image-636x358.jpg 636w, https:\/\/diarioelpopular.com\/wp-content\/uploads\/2022\/04\/1.-image-300x169.jpg 300w, https:\/\/diarioelpopular.com\/wp-content\/uploads\/2022\/04\/1.-image-768x432.jpg 768w, https:\/\/diarioelpopular.com\/wp-content\/uploads\/2022\/04\/1.-image-130x73.jpg 130w, https:\/\/diarioelpopular.com\/wp-content\/uploads\/2022\/04\/1.-image.jpg 960w\" sizes=\"auto, (max-width: 636px) 100vw, 636px\" \/><\/p>\n<h4><em><strong>&#8211; Los viajeros vacunados que ingresan a Canad\u00e1 ya no necesitan una prueba de COVID-19 previa a la entrada.<\/strong><\/em><\/h4>\n<p><em><strong>&#8211; El Papa Francisco se disculpa por los internados en el Vaticano: \u201cPido perd\u00f3n a Dios\u201d<\/strong><\/em><\/p>\n<p>&nbsp;<\/p>\n<p><em><strong>OTTAWA.-<\/strong> <\/em>El cambio a las reglas que anteriormente requer\u00edan que cualquier viajero, independientemente de su estado de vacunaci\u00f3n, proporcionara un PCR negativo o una prueba r\u00e1pida al ingresar a Canad\u00e1, entr\u00f3 en vigencia este 1 de abril.<\/p>\n<p>Sin embargo, Health Canada a\u00fan requerir\u00e1 que cualquier persona que llegue desde fuera del pa\u00eds use una m\u00e1scara en lugares p\u00fablicos durante al menos dos semanas, incluso si est\u00e1 completamente vacunado.<\/p>\n<p>Las reglas para los canadienses no vacunados y parcialmente vacunados y otros viajeros que est\u00e1n exentos del requisito de vacunaci\u00f3n permanecen sin cambios. Todav\u00eda tendr\u00edan que proporcionar una prueba negativa o evidencia de que ha pasado suficiente tiempo despu\u00e9s de una infecci\u00f3n para ingresar al pa\u00eds.<\/p>\n<p>Todav\u00eda podr\u00eda haber pruebas de PCR aleatorias obligatorias en los aeropuertos para todos los viajeros, independientemente del estado de vacunaci\u00f3n, pero no se requerir\u00e1 que los pasajeros seleccionados se a\u00edslen mientras esperan los resultados, dijo la Agencia de Servicios Fronterizos de Canad\u00e1 (CBSA) a Global News en un comunicado enviado por correo electr\u00f3nico.<\/p>\n<p>Ya sea que est\u00e9 volando o cruzando la frontera terrestre, tambi\u00e9n tendr\u00e1 que completar la aplicaci\u00f3n ArriveCAN. \u201cEsto se aplica a todos los viajeros que ingresan a Canad\u00e1, independientemente de la duraci\u00f3n de su viaje\u201d, dijo la declaraci\u00f3n de CBSA.<\/p>\n<p>A los viajeros a\u00fan se les pedir\u00e1 que carguen su informaci\u00f3n de contacto, detalles de viaje e informaci\u00f3n de vacunaci\u00f3n en ArriveCan, todo excepto la prueba negativa de COVID-19 si est\u00e1n completamente vacunados, seg\u00fan Lisa White, directora del Distrito Central de Alberta para la Agencia de Servicios Fronterizos de Canad\u00e1.<\/p>\n<p>\u201cSi no la completa (la documentaci\u00f3n de ArriveCan), podr\u00eda estar sujeto al per\u00edodo completo de cuarentena de 14 d\u00edas\u201d, dijo White.<\/p>\n<p>\u201cEs por eso que estamos recalcando a la gente la importancia de completarlo\u201d antes de que lleguen a Canad\u00e1, dijo White.<\/p>\n<p>&#8220;Es muy sencillo. Es muy r\u00e1pido\u201d, dijo White. \u201cY simplemente hace que su regreso a Canad\u00e1 sea mucho m\u00e1s f\u00e1cil y tambi\u00e9n evita ese potencial de cuarentena\u201d.<\/p>\n<p>Desde que Canad\u00e1 anunci\u00f3 el cambio hace dos semanas, los grupos de viajes dicen que han visto un aumento en las reservas y consultas de viajes.<\/p>\n<p>\u201cEs un paso realmente positivo\u201d, dijo Richard Vanderlubbe, presidente de Tripcentral.ca.<\/p>\n<p>Adem\u00e1s del costo adicional y la molestia de hacerse una prueba antes de abordar un avi\u00f3n, los viajeros no tienen que preocuparse por quedarse varados en un pa\u00eds extranjero y extender su estad\u00eda si dan positivo por COVID-19 en el extranjero, dijo Vanderlubbe.<\/p>\n<p>\u201cEs un gran bloqueador para la demanda de viajes que ya no existe y hemos visto un aumento continuo en las reservas y consultas desde entonces\u201d, dijo Vanderlubbe a Global News.<\/p>\n<p>Martin Firestone, un corredor de seguros de viaje en Toronto, dijo que el levantamiento del requisito de prueba combinado con la relajaci\u00f3n de las medidas de salud p\u00fablica anunciadas en las \u00faltimas semanas tendr\u00e1 un \u201cgran efecto en los viajes\u201d.<\/p>\n<p>Dijo que las ventas de seguros para el mes de marzo ya eran m\u00e1s altas que los niveles previos a la pandemia en 2019.<\/p>\n<p>\u201cLa conclusi\u00f3n es que para todos aquellos que viajan despu\u00e9s del 1 de abril, ahora es un alivio no tener que hacerse la prueba para regresar al pa\u00eds\u201d, dijo Firestone a Global News.<\/p>\n<p>La Mesa Redonda de Viajes y Turismo de Canad\u00e1 tambi\u00e9n emiti\u00f3 una declaraci\u00f3n despu\u00e9s del anuncio inicial, elogiando la decisi\u00f3n del gobierno.<\/p>\n<p>\u201cEste desarrollo positivo traer\u00e1 a Canad\u00e1 a una mejor alineaci\u00f3n con otros pa\u00edses importantes, es un reconocimiento de que la industria canadiense de viajes y turismo ha estado durante mucho tiempo entre las m\u00e1s seguras del pa\u00eds y acerca a la industria a un regreso a la normalidad\u201d, dijo el grupo.<\/p>\n<p>&nbsp;<\/p>\n<p><em><strong>El Papa Francisco se disculpa por los internados en el Vaticano: \u201cPido perd\u00f3n a Dios\u201d<\/strong><\/em><\/p>\n<p><img loading=\"lazy\" decoding=\"async\" class=\"alignnone size-custom-full-size wp-image-502378\" src=\"https:\/\/diarioelpopular.com\/wp-content\/uploads\/2022\/04\/1.U62B4A-636x424.jpg\" alt=\"\" width=\"636\" height=\"424\" srcset=\"https:\/\/diarioelpopular.com\/wp-content\/uploads\/2022\/04\/1.U62B4A-636x424.jpg 636w, https:\/\/diarioelpopular.com\/wp-content\/uploads\/2022\/04\/1.U62B4A-300x200.jpg 300w, https:\/\/diarioelpopular.com\/wp-content\/uploads\/2022\/04\/1.U62B4A-768x512.jpg 768w, https:\/\/diarioelpopular.com\/wp-content\/uploads\/2022\/04\/1.U62B4A-110x73.jpg 110w, https:\/\/diarioelpopular.com\/wp-content\/uploads\/2022\/04\/1.U62B4A.jpg 900w\" sizes=\"auto, (max-width: 636px) 100vw, 636px\" \/><\/p>\n<p>&nbsp;<\/p>\n<p>El Papa Francisco se disculp\u00f3 formalmente por el grave da\u00f1o causado por el angustioso sistema de escuelas residenciales de Canad\u00e1.<\/p>\n<p>En una audiencia transmitida en vivo con m\u00e1s de 170 sobrevivientes ind\u00edgenas, ancianos, guardianes del conocimiento, j\u00f3venes y l\u00edderes comunitarios este viernes, dijo que estaba &#8220;profundamente afligido&#8221; por las historias de abuso, dificultades y discriminaci\u00f3n que escuch\u00f3 durante la semana.<\/p>\n<p>\u201cTodo esto me hizo sentir dos cosas con mucha fuerza: indignaci\u00f3n y verg\u00fcenza\u201d, dijo ante una sala repleta en el Vaticano. \u201cIndignaci\u00f3n, porque no es correcto aceptar el mal, y peor a\u00fan acostumbrarse al mal como si fuera parte inevitable del proceso hist\u00f3rico.<\/p>\n<p>\u201cTodas estas cosas son contrarias al evangelio de Jesucristo. Por la conducta deplorable de estos miembros de la Iglesia Cat\u00f3lica, pido perd\u00f3n a Dios y quiero decirles de todo coraz\u00f3n que lo siento mucho\u201d.<\/p>\n<p>Dijo que se uni\u00f3 a sus &#8220;hermanos&#8221;, en la sala, seis miembros de la Conferencia Canadiense de Obispos Cat\u00f3licos, para pedir el perd\u00f3n de los pueblos ind\u00edgenas tambi\u00e9n.<\/p>\n<p>Los asistentes a la reuni\u00f3n, muchos vestidos con atuendos formales, escucharon y observaron atentamente mientras el Santo Padre elogiaba la riqueza de la cultura, la espiritualidad y los idiomas ind\u00edgenas. Elogi\u00f3 su sentido de comunidad, profundas ra\u00edces familiares y gran cuidado de la tierra.<\/p>\n<p>Se\u00f1al\u00f3 que la \u201ccolonizaci\u00f3n ideol\u00f3gica\u201d sigue siendo rampante en el mundo de hoy, impulsada por \u201cla codicia y la sed de ganancias\u201d con poca preocupaci\u00f3n por las personas, su historia, tradiciones y hogar.<\/p>\n<p>El Papa se comprometi\u00f3 a venir a Canad\u00e1 para visitar a las familias ind\u00edgenas en su tierra natal. No indic\u00f3 si se disculpar\u00eda nuevamente en suelo canadiense, como lo solicitaron los sobrevivientes de la escuela residencial. En cambio, dijo que esperaba poder \u201cexpresarles mejor mi cercan\u00eda\u201d.<\/p>\n<p>La reuni\u00f3n incluy\u00f3 oraciones en varias lenguas ind\u00edgenas, cantos, tambores y bailes. El Papa fue obsequiado con insignias y al final de la reuni\u00f3n dijo &#8220;adi\u00f3s&#8221;, provocando la risa de la multitud.<\/p>\n","protected":false},"excerpt":{"rendered":"<p>&#8211; Los viajeros vacunados que ingresan a Canad\u00e1 ya no necesitan una prueba de COVID-19 previa a la entrada. &#8211; El Papa Francisco se disculpa&hellip;<\/p>\n","protected":false},"author":99,"featured_media":502379,"comment_status":"open","ping_status":"open","sticky":false,"template":"","format":"standard","meta":{"footnotes":""},"categories":[21,11191],"tags":[],"class_list":["post-502377","post","type-post","status-publish","format-standard","has-post-thumbnail","hentry","category-canada","category-top-news"],"_links":{"self":[{"href":"https:\/\/diarioelpopular.com\/index.php\/wp-json\/wp\/v2\/posts\/502377","targetHints":{"allow":["GET"]}}],"collection":[{"href":"https:\/\/diarioelpopular.com\/index.php\/wp-json\/wp\/v2\/posts"}],"about":[{"href":"https:\/\/diarioelpopular.com\/index.php\/wp-json\/wp\/v2\/types\/post"}],"author":[{"embeddable":true,"href":"https:\/\/diarioelpopular.com\/index.php\/wp-json\/wp\/v2\/users\/99"}],"replies":[{"embeddable":true,"href":"https:\/\/diarioelpopular.com\/index.php\/wp-json\/wp\/v2\/comments?post=502377"}],"version-history":[{"count":1,"href":"https:\/\/diarioelpopular.com\/index.php\/wp-json\/wp\/v2\/posts\/502377\/revisions"}],"predecessor-version":[{"id":502380,"href":"https:\/\/diarioelpopular.com\/index.php\/wp-json\/wp\/v2\/posts\/502377\/revisions\/502380"}],"wp:featuredmedia":[{"embeddable":true,"href":"https:\/\/diarioelpopular.com\/index.php\/wp-json\/wp\/v2\/media\/502379"}],"wp:attachment":[{"href":"https:\/\/diarioelpopular.com\/index.php\/wp-json\/wp\/v2\/media?parent=502377"}],"wp:term":[{"taxonomy":"category","embeddable":true,"href":"https:\/\/diarioelpopular.com\/index.php\/wp-json\/wp\/v2\/categories?post=502377"},{"taxonomy":"post_tag","embeddable":true,"href":"https:\/\/diarioelpopular.com\/index.php\/wp-json\/wp\/v2\/tags?post=502377"}],"curies":[{"name":"wp","href":"https:\/\/api.w.org\/{rel}","templated":true}]}}