{"id":502394,"date":"2022-04-01T09:35:31","date_gmt":"2022-04-01T13:35:31","guid":{"rendered":"https:\/\/diarioelpopular.com\/?p=502394"},"modified":"2022-04-01T09:35:31","modified_gmt":"2022-04-01T13:35:31","slug":"chile-grupos-radicales-mapuches-desafian-a-boric","status":"publish","type":"post","link":"https:\/\/diarioelpopular.com\/index.php\/2022\/04\/01\/chile-grupos-radicales-mapuches-desafian-a-boric\/","title":{"rendered":"Chile: Grupos radicales mapuches desaf\u00edan a Boric"},"content":{"rendered":"<div id=\"attachment_502395\" style=\"width: 646px\" class=\"wp-caption alignnone\"><img loading=\"lazy\" decoding=\"async\" aria-describedby=\"caption-attachment-502395\" class=\"size-custom-full-size wp-image-502395\" src=\"https:\/\/diarioelpopular.com\/wp-content\/uploads\/2022\/04\/1.b0a6-636x424.jpg\" alt=\"\" width=\"636\" height=\"424\" srcset=\"https:\/\/diarioelpopular.com\/wp-content\/uploads\/2022\/04\/1.b0a6-636x424.jpg 636w, https:\/\/diarioelpopular.com\/wp-content\/uploads\/2022\/04\/1.b0a6-300x200.jpg 300w, https:\/\/diarioelpopular.com\/wp-content\/uploads\/2022\/04\/1.b0a6-768x512.jpg 768w, https:\/\/diarioelpopular.com\/wp-content\/uploads\/2022\/04\/1.b0a6-110x73.jpg 110w, https:\/\/diarioelpopular.com\/wp-content\/uploads\/2022\/04\/1.b0a6.jpg 800w\" sizes=\"auto, (max-width: 636px) 100vw, 636px\" \/><p id=\"caption-attachment-502395\" class=\"wp-caption-text\">Gabriel Boric<\/p><\/div>\n<h4><em><strong>&#8211; Queman camiones y vuelven a impedir paso de autoridad en el sur<\/strong><\/em><\/h4>\n<p><em><strong>SANTIAGO DE CHILE, 1 ABR &#8211;<\/strong><\/em> Siete individuos armados y con el rostro cubierto quemaron tres camiones en la regi\u00f3n de la Araucan\u00eda, en un ataque perpetrado cuatro d\u00edas despu\u00e9s de que el gobierno del frenteamplista Gabriel Boric decidi\u00f3 no extender el estado de excepci\u00f3n que permit\u00eda la actuaci\u00f3n de militares en la Macrozona sur, ubicada a 670 kil\u00f3metros de Santiago.<br \/>\nCristi\u00e1n Mansilla, coronel de polic\u00eda y prefecto de Malleco, inform\u00f3 que la noche del mi\u00e9rcoles siete individuos protagonizaron un ataque deteniendo a los camiones y obligando a sus choferes a descender para luego incendiar los veh\u00edculos.<br \/>\nEl hecho se dio horas despu\u00e9s de que se negara el paso al subsecretario del Interior, Manuel Monsalve.<br \/>\nEl ataque incendiario ocurri\u00f3 cerca del puente Pililmapu, en la ruta que une Capit\u00e1n Pastene con Lumaco, en la Araucan\u00eda.<br \/>\n&#8220;Al llegar al kil\u00f3metro 37 fueron abordados por siete sujetos encapuchados, portando armas de fuego largas, quienes obligaron a los conductores a descender y posteriormente quemaron los tres camiones. Seguidamente, se dieron a la fuga en diferentes direcciones&#8221;, detall\u00f3 el coronel Mansilla.<br \/>\nEn el lugar se encontraron pancartas alusivas a las reivindicaciones mapuches.<br \/>\nHace cuatro d\u00edas, el presidente Boric decidi\u00f3 no pedir al Congreso una renovaci\u00f3n del estado de excepci\u00f3n constitucional que rigi\u00f3 durante seis meses en cuatro provincias de la llamada macrozona sur en la Araucan\u00eda.<br \/>\nLas nuevas autoridades -que asumieron el pasado 11 de marzo- impulsan un di\u00e1logo con todos los sectores para evitar la escalada de violencia en la Araucan\u00eda resolviendo problemas sociales, pol\u00edticos y econ\u00f3micos que se remontan a m\u00e1s de un siglo. Pero hay sectores que se niegan a conversar e impulsan ataques armados.<br \/>\nEl mi\u00e9rcoles el subsecretario del interior, Manuel Monsalve, no pudo llegar a la localidad de Ca\u00f1ete porque desconocidos obstruyeron su paso y lanzaron objetos contundentes a los veh\u00edculos de la delegaci\u00f3n oficial.<br \/>\n&#8220;Ten\u00edamos una agenda que hemos tenido que cambiar de lugar, producto de que la carretera estaba tomada. Esto es lo que viven muchos habitantes de la provincia de Arauco, que es parte justamente de lo que tenemos que resolver&#8221;, declar\u00f3 Monsalve.<br \/>\n&#8220;Las personas tienen que tener la seguridad y tranquilidad para desplazarse dentro de su territorio, para garantizar su integridad f\u00edsica y justamente ese es el mandato del presidente: recuperar el di\u00e1logo, recuperar la presencia del Estado y asumir que aqu\u00ed tenemos un conflicto pol\u00edtico de alta complejidad&#8221;, a\u00f1adi\u00f3.<br \/>\nMonsalve subray\u00f3 que &#8220;el di\u00e1logo contin\u00faa; vamos a ser perseverantes, hay obst\u00e1culos propios de un conflicto dif\u00edcil, pero no vamos a pararnos frente a los obst\u00e1culos&#8221;.<br \/>\n&#8220;Hay que asumir que hay una deuda hist\u00f3rica con el pueblo mapuche, negaci\u00f3n de derechos, que ha habido exclusi\u00f3n del pueblo mapuche y que, por lo tanto, el di\u00e1logo debe recoger esa demanda&#8221;, insisti\u00f3.<\/p>\n","protected":false},"excerpt":{"rendered":"<p>&#8211; Queman camiones y vuelven a impedir paso de autoridad en el sur SANTIAGO DE CHILE, 1 ABR &#8211; Siete individuos armados y con el&hellip;<\/p>\n","protected":false},"author":99,"featured_media":502395,"comment_status":"open","ping_status":"open","sticky":false,"template":"","format":"standard","meta":{"footnotes":""},"categories":[23],"tags":[],"class_list":["post-502394","post","type-post","status-publish","format-standard","has-post-thumbnail","hentry","category-latinoamerica"],"_links":{"self":[{"href":"https:\/\/diarioelpopular.com\/index.php\/wp-json\/wp\/v2\/posts\/502394","targetHints":{"allow":["GET"]}}],"collection":[{"href":"https:\/\/diarioelpopular.com\/index.php\/wp-json\/wp\/v2\/posts"}],"about":[{"href":"https:\/\/diarioelpopular.com\/index.php\/wp-json\/wp\/v2\/types\/post"}],"author":[{"embeddable":true,"href":"https:\/\/diarioelpopular.com\/index.php\/wp-json\/wp\/v2\/users\/99"}],"replies":[{"embeddable":true,"href":"https:\/\/diarioelpopular.com\/index.php\/wp-json\/wp\/v2\/comments?post=502394"}],"version-history":[{"count":1,"href":"https:\/\/diarioelpopular.com\/index.php\/wp-json\/wp\/v2\/posts\/502394\/revisions"}],"predecessor-version":[{"id":502396,"href":"https:\/\/diarioelpopular.com\/index.php\/wp-json\/wp\/v2\/posts\/502394\/revisions\/502396"}],"wp:featuredmedia":[{"embeddable":true,"href":"https:\/\/diarioelpopular.com\/index.php\/wp-json\/wp\/v2\/media\/502395"}],"wp:attachment":[{"href":"https:\/\/diarioelpopular.com\/index.php\/wp-json\/wp\/v2\/media?parent=502394"}],"wp:term":[{"taxonomy":"category","embeddable":true,"href":"https:\/\/diarioelpopular.com\/index.php\/wp-json\/wp\/v2\/categories?post=502394"},{"taxonomy":"post_tag","embeddable":true,"href":"https:\/\/diarioelpopular.com\/index.php\/wp-json\/wp\/v2\/tags?post=502394"}],"curies":[{"name":"wp","href":"https:\/\/api.w.org\/{rel}","templated":true}]}}