{"id":502412,"date":"2022-04-03T12:32:24","date_gmt":"2022-04-03T16:32:24","guid":{"rendered":"https:\/\/diarioelpopular.com\/?p=502412"},"modified":"2022-04-03T12:32:24","modified_gmt":"2022-04-03T16:32:24","slug":"el-papa-francisco-podria-desempenar-un-papel-instrumental-en-la-busqueda-de-justicia-para-los-sobrevivientes-de-abuso-lider-inuit","status":"publish","type":"post","link":"https:\/\/diarioelpopular.com\/index.php\/2022\/04\/03\/el-papa-francisco-podria-desempenar-un-papel-instrumental-en-la-busqueda-de-justicia-para-los-sobrevivientes-de-abuso-lider-inuit\/","title":{"rendered":"El Papa Francisco podr\u00eda desempe\u00f1ar un &#8220;papel instrumental&#8221; en la b\u00fasqueda de justicia para los sobrevivientes de abuso: l\u00edder inuit"},"content":{"rendered":"<p><img loading=\"lazy\" decoding=\"async\" class=\"alignnone size-custom-full-size wp-image-502413\" src=\"https:\/\/diarioelpopular.com\/wp-content\/uploads\/2022\/04\/1.ology2_-636x358.jpg\" alt=\"\" width=\"636\" height=\"358\" srcset=\"https:\/\/diarioelpopular.com\/wp-content\/uploads\/2022\/04\/1.ology2_-636x358.jpg 636w, https:\/\/diarioelpopular.com\/wp-content\/uploads\/2022\/04\/1.ology2_-300x169.jpg 300w, https:\/\/diarioelpopular.com\/wp-content\/uploads\/2022\/04\/1.ology2_-768x432.jpg 768w, https:\/\/diarioelpopular.com\/wp-content\/uploads\/2022\/04\/1.ology2_-130x73.jpg 130w, https:\/\/diarioelpopular.com\/wp-content\/uploads\/2022\/04\/1.ology2_.jpg 800w\" sizes=\"auto, (max-width: 636px) 100vw, 636px\" \/><\/p>\n<h4><em><strong>&#8211; El Papa Francisco podr\u00eda desempe\u00f1ar un \u201cpapel fundamental\u201d en la lucha por la justicia para las v\u00edctimas inuit y sobrevivientes de abuso sexual a manos de un sacerdote oblato que ahora vive en Francia, dice el l\u00edder de Inuit Tapiriit Kanatami.<\/strong><\/em><\/h4>\n<p>Natan Obed, presidente de la organizaci\u00f3n de defensa de los inuit, habl\u00f3 con Mercedes Stephenson de The West Block luego de una visita al Papa en el Vaticano la semana pasada.<\/p>\n<p>Durante la visita, el Papa Francisco se disculp\u00f3 por el papel prominente de la Iglesia Cat\u00f3lica en el sistema de escuelas residenciales de Canad\u00e1, lo que dijo que lo dej\u00f3 sintiendo \u201cindignaci\u00f3n y verg\u00fcenza\u201d.<\/p>\n<p>Obed dijo que si bien sent\u00eda un \u201cgran respeto\u201d por la disculpa del Papa, queda mucho trabajo por hacer y no todos los pueblos ind\u00edgenas estar\u00e1n en condiciones de aceptar la disculpa.<\/p>\n<p>\u201cPara m\u00ed, pens\u00e9 de inmediato en cu\u00e1nto tiempo luchamos por este d\u00eda en particular, pero tambi\u00e9n en los desaf\u00edos que quedan y las dificultades que enfrentan muchas personas hoy\u201d, dijo Obed.<\/p>\n<p>Entre esas dificultades se encuentra el impulso continuo para responsabilizar a Johannes Rivoire, un sacerdote oblato que ahora tiene 90 a\u00f1os y vive en Francia, por m\u00faltiples denuncias de abuso sexual derivadas de su tiempo en Nunavut entre las d\u00e9cadas de 1960 y 1993.<\/p>\n<p>Se emiti\u00f3 una orden de arresto contra Rivoire en 1998.<\/p>\n<p>Enfrent\u00f3 al menos tres cargos de abuso sexual en las comunidades Nunavut de Arviat, Rankin Inlet y Naujaat. M\u00e1s de dos d\u00e9cadas despu\u00e9s, se suspendieron los cargos, lo que, seg\u00fan el Ministerio P\u00fablico de Canad\u00e1, se debi\u00f3 en parte a la renuencia de Francia a extraditar.<\/p>\n<p>Obed dijo que la comunidad inuit quiere que el Papa Francisco hable personalmente con Rivoire.<\/p>\n<p>\u201cNos gustar\u00eda verlo extraditado de Francia, y creemos que el Papa puede desempe\u00f1ar un papel instrumental personalmente al intervenir en este caso para que se haga justicia a las v\u00edctimas\u201d, dijo.<\/p>\n<p>Los llamados de los l\u00edderes y pol\u00edticos inuit para que Rivoire sea juzgado se han vuelto m\u00e1s fuertes a ra\u00edz del descubrimiento de tumbas sin marcar en varios sitios de antiguas escuelas residenciales en todo Canad\u00e1.<\/p>\n<p>La RCMP present\u00f3 un nuevo cargo contra Rivoire el mes pasado por una supuesta agresi\u00f3n sexual hace 47 a\u00f1os.<\/p>\n<p>Obed dijo que la Iglesia Cat\u00f3lica a\u00fan no ha pagado los $25 millones que formaban parte del acuerdo de conciliaci\u00f3n de la escuela residencial con el gobierno canadiense, que pretende resarcir a los sobrevivientes.<\/p>\n<p>Todos los registros en poder de la Iglesia sobre las escuelas residenciales deben hacerse p\u00fablicos, agreg\u00f3, y dijo que espera que el Papa Francisco se disculpe nuevamente en suelo canadiense.<\/p>\n<p>\u201cEl papa Francisco brome\u00f3 con nosotros en su reuni\u00f3n privada con los inuit sobre que le encantar\u00eda venir a visitarnos, pero no en invierno\u201d, agreg\u00f3 Obed.<\/p>\n<p>\u201cNecesitamos involucrarnos en esto y brindar asesoramiento y permitirnos participar en la forma en que todo esto se desarrolla para que podamos hacer el mejor trabajo posible para igualar la ambici\u00f3n del Papa con la capacidad de sacar lo mejor de eso. por todos nosotros.&#8221;<\/p>\n","protected":false},"excerpt":{"rendered":"<p>&#8211; El Papa Francisco podr\u00eda desempe\u00f1ar un \u201cpapel fundamental\u201d en la lucha por la justicia para las v\u00edctimas inuit y sobrevivientes de abuso sexual a&hellip;<\/p>\n","protected":false},"author":99,"featured_media":502413,"comment_status":"open","ping_status":"open","sticky":false,"template":"","format":"standard","meta":{"footnotes":""},"categories":[21,11191],"tags":[],"class_list":["post-502412","post","type-post","status-publish","format-standard","has-post-thumbnail","hentry","category-canada","category-top-news"],"_links":{"self":[{"href":"https:\/\/diarioelpopular.com\/index.php\/wp-json\/wp\/v2\/posts\/502412","targetHints":{"allow":["GET"]}}],"collection":[{"href":"https:\/\/diarioelpopular.com\/index.php\/wp-json\/wp\/v2\/posts"}],"about":[{"href":"https:\/\/diarioelpopular.com\/index.php\/wp-json\/wp\/v2\/types\/post"}],"author":[{"embeddable":true,"href":"https:\/\/diarioelpopular.com\/index.php\/wp-json\/wp\/v2\/users\/99"}],"replies":[{"embeddable":true,"href":"https:\/\/diarioelpopular.com\/index.php\/wp-json\/wp\/v2\/comments?post=502412"}],"version-history":[{"count":1,"href":"https:\/\/diarioelpopular.com\/index.php\/wp-json\/wp\/v2\/posts\/502412\/revisions"}],"predecessor-version":[{"id":502414,"href":"https:\/\/diarioelpopular.com\/index.php\/wp-json\/wp\/v2\/posts\/502412\/revisions\/502414"}],"wp:featuredmedia":[{"embeddable":true,"href":"https:\/\/diarioelpopular.com\/index.php\/wp-json\/wp\/v2\/media\/502413"}],"wp:attachment":[{"href":"https:\/\/diarioelpopular.com\/index.php\/wp-json\/wp\/v2\/media?parent=502412"}],"wp:term":[{"taxonomy":"category","embeddable":true,"href":"https:\/\/diarioelpopular.com\/index.php\/wp-json\/wp\/v2\/categories?post=502412"},{"taxonomy":"post_tag","embeddable":true,"href":"https:\/\/diarioelpopular.com\/index.php\/wp-json\/wp\/v2\/tags?post=502412"}],"curies":[{"name":"wp","href":"https:\/\/api.w.org\/{rel}","templated":true}]}}