{"id":502422,"date":"2022-04-03T12:44:44","date_gmt":"2022-04-03T16:44:44","guid":{"rendered":"https:\/\/diarioelpopular.com\/?p=502422"},"modified":"2022-04-03T12:44:44","modified_gmt":"2022-04-03T16:44:44","slug":"argentina-reivindica-a-40-anos-de-la-guerra","status":"publish","type":"post","link":"https:\/\/diarioelpopular.com\/index.php\/2022\/04\/03\/argentina-reivindica-a-40-anos-de-la-guerra\/","title":{"rendered":"Argentina reivindica, a 40 a\u00f1os de la guerra"},"content":{"rendered":"<p>&nbsp;<\/p>\n<p><img loading=\"lazy\" decoding=\"async\" class=\"alignnone size-custom-full-size wp-image-502423\" src=\"https:\/\/diarioelpopular.com\/wp-content\/uploads\/2022\/04\/5b5077331220e39ad02de40669c5519f.jpg\" alt=\"\" width=\"476\" height=\"317\" srcset=\"https:\/\/diarioelpopular.com\/wp-content\/uploads\/2022\/04\/5b5077331220e39ad02de40669c5519f.jpg 476w, https:\/\/diarioelpopular.com\/wp-content\/uploads\/2022\/04\/5b5077331220e39ad02de40669c5519f-300x200.jpg 300w, https:\/\/diarioelpopular.com\/wp-content\/uploads\/2022\/04\/5b5077331220e39ad02de40669c5519f-110x73.jpg 110w\" sizes=\"auto, (max-width: 476px) 100vw, 476px\" \/><\/p>\n<p><em>El presidente de Argentina, Alberto Fern\u00e1ndez, junto a un excombatiente de las Islas Malvinas (foto: Ansa)<\/em><\/p>\n<h4><em><strong>&#8211; Presidente exige a Londres salida &#8220;desmedida&#8221; presencia militar<\/strong><\/em><\/h4>\n<p><em><strong>BUENOS AIRES 03 ABR &#8211;<\/strong><\/em> El presidente de Argentina, Alberto Fern\u00e1ndez, encabez\u00f3 este s\u00e1bado el acto oficial del D\u00eda del Veterano y de los Ca\u00eddos en la Guerra de Malvinas, al cumplirse el 40 aniversario del inicio del conflicto b\u00e9lico con Reino Unido y solicit\u00f3 a Londres que abandone la &#8220;injustificada y desmedida&#8221; presencia militar en las Islas.<br \/>\n&#8220;Con el respeto y la firmeza que sienten todos, como presidente, solicito al Reino Unido de Gran Breta\u00f1a que cumpla con la resoluci\u00f3n vigente y pedimos que baje la presencia armada en las islas, que lo \u00fanico que hace es tensionar la relaci\u00f3n&#8221;, dijo el primer mandatario al final de su discurso.<br \/>\nFern\u00e1ndez demand\u00f3 a Londres que &#8220;abandone la injustificada presencia militar&#8221; en el archipi\u00e9lago, al tiempo que realiz\u00f3 un reconocimiento al &#8220;coraje inigualable&#8221; de los excombatientes.<br \/>\nLo dijo en un acto en el Museo Malvinas, ubicado en el predio de la ex ESMA (un lugar de tortura y encierro clandestino durante la \u00faltima dictadura militar), del que participaron exmandatarios latinoamericanos.<br \/>\nTomaron parte el uruguayo Jos\u00e9 &#8220;Pepe&#8221; Mujica, el boliviano Evo Morales y el paraguayo Fernando Lugo as\u00ed como veteranos de la guerra y familiares de ca\u00eddos, Madres de Plaza de Mayo y el gobernador de la provincia de Buenos Aires, Axel Kicillof, entre otros funcionarios.<br \/>\n&#8220;Qu\u00e9 nunca m\u00e1s los excombatientes de Malvinas vuelvan a caer en el olvido y el silencio de parte de ning\u00fan gobierno&#8221;, dijo emocionado el Presidente al inicio de su discurso.<br \/>\nEn su mensaje, Fern\u00e1ndez afirm\u00f3 que el desembarco en Malvinas, del que se cumplen 40 a\u00f1os, fue &#8220;una decisi\u00f3n a espaldas de un pueblo que solo intentaron confundir y manipular&#8221; (en referencia a la dictadura que gobernaba el pa\u00eds en 1982, NDR), al tiempo que destac\u00f3 que &#8220;los soldados argentinos enfrentaron a una potencia con escasos medios, pero con enorme valent\u00eda y un coraje inigualable, y el apoyo del pueblo&#8221;.<br \/>\n&#8220;A\u00fan en la derrota tuvieron una extraordinaria entereza&#8221;, expres\u00f3 el presidente de Argentina.<br \/>\nEn otro tramo de su mensaje, el jefe de Estado destac\u00f3 que &#8220;la cuesti\u00f3n Malvinas es una pol\u00edtica de Estado&#8221; y remarc\u00f3 que las islas &#8220;fueron, son y ser\u00e1n argentinas&#8221;.<br \/>\nMientras, una mesa interministerial y de articulaci\u00f3n federal coordina una agenda de actividades bajo el lema &#8220;Malvinas nos une&#8221; para visibilizar los derechos soberanos argentinos sobre las islas&#8221;.<br \/>\nEn esos actos, no estuvo presente la vicepresidenta Cristina Kirchner, quien, distanciada del primer mandatario, lider\u00f3 otro encuentro en el Senado, con empleados del Congreso.<\/p>\n","protected":false},"excerpt":{"rendered":"<p>&nbsp; El presidente de Argentina, Alberto Fern\u00e1ndez, junto a un excombatiente de las Islas Malvinas (foto: Ansa) &#8211; Presidente exige a Londres salida &#8220;desmedida&#8221; presencia&hellip;<\/p>\n","protected":false},"author":99,"featured_media":502423,"comment_status":"open","ping_status":"open","sticky":false,"template":"","format":"standard","meta":{"footnotes":""},"categories":[23],"tags":[],"class_list":["post-502422","post","type-post","status-publish","format-standard","has-post-thumbnail","hentry","category-latinoamerica"],"_links":{"self":[{"href":"https:\/\/diarioelpopular.com\/index.php\/wp-json\/wp\/v2\/posts\/502422","targetHints":{"allow":["GET"]}}],"collection":[{"href":"https:\/\/diarioelpopular.com\/index.php\/wp-json\/wp\/v2\/posts"}],"about":[{"href":"https:\/\/diarioelpopular.com\/index.php\/wp-json\/wp\/v2\/types\/post"}],"author":[{"embeddable":true,"href":"https:\/\/diarioelpopular.com\/index.php\/wp-json\/wp\/v2\/users\/99"}],"replies":[{"embeddable":true,"href":"https:\/\/diarioelpopular.com\/index.php\/wp-json\/wp\/v2\/comments?post=502422"}],"version-history":[{"count":1,"href":"https:\/\/diarioelpopular.com\/index.php\/wp-json\/wp\/v2\/posts\/502422\/revisions"}],"predecessor-version":[{"id":502424,"href":"https:\/\/diarioelpopular.com\/index.php\/wp-json\/wp\/v2\/posts\/502422\/revisions\/502424"}],"wp:featuredmedia":[{"embeddable":true,"href":"https:\/\/diarioelpopular.com\/index.php\/wp-json\/wp\/v2\/media\/502423"}],"wp:attachment":[{"href":"https:\/\/diarioelpopular.com\/index.php\/wp-json\/wp\/v2\/media?parent=502422"}],"wp:term":[{"taxonomy":"category","embeddable":true,"href":"https:\/\/diarioelpopular.com\/index.php\/wp-json\/wp\/v2\/categories?post=502422"},{"taxonomy":"post_tag","embeddable":true,"href":"https:\/\/diarioelpopular.com\/index.php\/wp-json\/wp\/v2\/tags?post=502422"}],"curies":[{"name":"wp","href":"https:\/\/api.w.org\/{rel}","templated":true}]}}