{"id":502455,"date":"2022-04-05T09:14:05","date_gmt":"2022-04-05T13:14:05","guid":{"rendered":"https:\/\/diarioelpopular.com\/?p=502455"},"modified":"2022-04-05T09:14:05","modified_gmt":"2022-04-05T13:14:05","slug":"sexta-ola-de-covid-19-los-expertos-instan-a-enmascararse-y-refuerzos-para-abordar-el-ultimo-aumento","status":"publish","type":"post","link":"https:\/\/diarioelpopular.com\/index.php\/2022\/04\/05\/sexta-ola-de-covid-19-los-expertos-instan-a-enmascararse-y-refuerzos-para-abordar-el-ultimo-aumento\/","title":{"rendered":"Sexta ola de COVID-19: los expertos instan a enmascararse y refuerzos para abordar el \u00faltimo aumento"},"content":{"rendered":"<p><img loading=\"lazy\" decoding=\"async\" class=\"alignnone size-custom-full-size wp-image-502457\" src=\"https:\/\/diarioelpopular.com\/wp-content\/uploads\/2022\/04\/1.ayed-voters-636x424.jpg\" alt=\"\" width=\"636\" height=\"424\" srcset=\"https:\/\/diarioelpopular.com\/wp-content\/uploads\/2022\/04\/1.ayed-voters-636x424.jpg 636w, https:\/\/diarioelpopular.com\/wp-content\/uploads\/2022\/04\/1.ayed-voters-300x200.jpg 300w, https:\/\/diarioelpopular.com\/wp-content\/uploads\/2022\/04\/1.ayed-voters-768x512.jpg 768w, https:\/\/diarioelpopular.com\/wp-content\/uploads\/2022\/04\/1.ayed-voters-110x73.jpg 110w, https:\/\/diarioelpopular.com\/wp-content\/uploads\/2022\/04\/1.ayed-voters.jpg 800w\" sizes=\"auto, (max-width: 636px) 100vw, 636px\" \/><\/p>\n<h4><em><strong>&#8211; A medida que Canad\u00e1 se dirige hacia una sexta ola de COVID-19 con un aumento de casos y hospitalizaciones en todo el pa\u00eds, los expertos en salud enfatizan la necesidad de continuar con el uso de m\u00e1scaras y aumentar la poblaci\u00f3n.<\/strong><\/em><\/h4>\n<p><em><strong>&#8211; La mayor\u00eda de los canadienses apoyan el acuerdo Liberal-NDP pero sienten que traicion\u00f3 a los votantes: encuesta<\/strong><\/em><\/p>\n<p><em><strong>OTTAWA.-<\/strong><\/em> El \u00faltimo modelo de la Agencia de Salud P\u00fablica de Canad\u00e1 (PHAC) publicado el viernes mostr\u00f3 un aumento del 34 por ciento en el promedio diario de casos al 30 de marzo, lo que indica que se est\u00e1 produciendo un resurgimiento.<\/p>\n<p>El \u00faltimo aumento est\u00e1 siendo impulsado en parte por la subvariante BA.2 altamente transmisible de Omicron, que ahora es la versi\u00f3n dominante del virus en varias provincias, as\u00ed como por el levantamiento de las restricciones de COVID-19, incluido el uso de m\u00e1scaras y prueba de vacunaci\u00f3n, en la mayor\u00eda de los entornos, dicen los funcionarios federales de salud.<\/p>\n<p>Los expertos est\u00e1n frustrados porque las provincias retiraron demasiado r\u00e1pido los mandatos de m\u00e1scara, una de las herramientas clave para combatir el virus, y esa decisi\u00f3n debe reconsiderarse antes de que la situaci\u00f3n se salga de control.<\/p>\n<p>\u201cLas m\u00e1scaras deben volver a ponerse muy r\u00e1pidamente. De lo contrario, tendremos muchos m\u00e1s casos en nuestras manos\u201d, dijo el Dr. Kashif Pirzada, m\u00e9dico de emergencias en Toronto.<\/p>\n<p>Con mandato o sin mandato, Tim Sly, epidemi\u00f3logo y profesor em\u00e9rito de la Escuela de Salud P\u00fablica de la Universidad de Ryerson, dijo que el mensaje sobre dar a las personas la libertad de quitarse la m\u00e1scara y \u201cvolver a la normalidad\u201d fue un error.<\/p>\n<p>\u201cCreo que deber\u00edamos alentar a las personas a usar una m\u00e1scara en una situaci\u00f3n llena de gente, en el metro o en un estadio deportivo o en un sal\u00f3n de clases grande\u2026 o en un centro comercial\u201d, dijo.<\/p>\n<p>El Dr. Donald Vinh, especialista en enfermedades infecciosas y microbi\u00f3logo m\u00e9dico del Centro de Salud de la Universidad McGill (MUHC), est\u00e1 de acuerdo y dice que espera que el &#8220;sentido com\u00fan&#8221; prevalezca en la toma de decisiones futuras.<\/p>\n<p>\u201cLo que cinco oleadas nos dijeron anteriormente es que las m\u00e1scaras funcionan, las vacunas funcionan, la ventilaci\u00f3n funciona. Y si eso funciona para las cinco oleadas anteriores, funcionar\u00e1 para la sexta oleada, y eso es lo que tenemos que hacer\u201d, dijo.<\/p>\n<p>&nbsp;<\/p>\n<p><em><strong>La mayor\u00eda de los canadienses apoyan el acuerdo Liberal-NDP pero sienten que traicion\u00f3 a los votantes: encuesta<\/strong><\/em><\/p>\n<p>&nbsp;<\/p>\n<p><img loading=\"lazy\" decoding=\"async\" class=\"alignnone size-custom-full-size wp-image-502456\" src=\"https:\/\/diarioelpopular.com\/wp-content\/uploads\/2022\/04\/1.download-636x423.jpg\" alt=\"\" width=\"636\" height=\"423\" srcset=\"https:\/\/diarioelpopular.com\/wp-content\/uploads\/2022\/04\/1.download-636x423.jpg 636w, https:\/\/diarioelpopular.com\/wp-content\/uploads\/2022\/04\/1.download-300x200.jpg 300w, https:\/\/diarioelpopular.com\/wp-content\/uploads\/2022\/04\/1.download-768x511.jpg 768w, https:\/\/diarioelpopular.com\/wp-content\/uploads\/2022\/04\/1.download-110x73.jpg 110w, https:\/\/diarioelpopular.com\/wp-content\/uploads\/2022\/04\/1.download.jpg 800w\" sizes=\"auto, (max-width: 636px) 100vw, 636px\" \/><\/p>\n<p><em><strong>OTTAWA.-<\/strong> <\/em>La mitad del pa\u00eds siente que el acuerdo Liberal-PND de mantener al actual gobierno en el poder hasta 2025 fue una traici\u00f3n al pueblo que vot\u00f3 por esos dos partidos.<\/p>\n<p>A pesar de eso, la mayor\u00eda de los canadienses todav\u00eda apoyan el acuerdo, seg\u00fan una nueva encuesta de Ipsos.<\/p>\n<p>&#8220;El gran hallazgo para m\u00ed fue la tibia&#8230; reacci\u00f3n al acuerdo Liberal-NDP&#8221;, dijo Darrell Bricker, director ejecutivo de Ipsos, en una entrevista con Global News.<\/p>\n<p>Un poco m\u00e1s del 60 por ciento de los canadienses apoyaron fuertemente o algo el acuerdo, encontr\u00f3 la encuesta, pero el pa\u00eds estaba dividido sobre si el acuerdo realmente lograr\u00eda algo. Solo el 52 por ciento dijo que el acuerdo conducir\u00eda a mejores pol\u00edticas, mientras que el 48 por ciento pens\u00f3 que no lo har\u00eda.<\/p>\n<p>A pesar de este tibio apoyo al acuerdo, muchos a\u00fan sintieron que era injusto para los votantes. De los encuestados, el 51 por ciento pens\u00f3 que tanto los liberales como el NDP traicionaron a quienes votaron por ellos en octubre pasado.<\/p>\n<p>Cuando se desglos\u00f3 por partido, aproximadamente una cuarta parte de los votantes liberales y del NDP acordaron que esto fue una traici\u00f3n por parte de su propio partido de elecci\u00f3n.<\/p>\n<p>A\u00fan as\u00ed, una cosa estaba clara: el pa\u00eds est\u00e1 feliz de evitar una elecci\u00f3n en el futuro cercano, seg\u00fan Darrell Bricker, director ejecutivo de Ipsos.<\/p>\n<p>\u201cCreo que lo que la gente realmente est\u00e1 aceptando es la idea de cierta estabilidad\u201d, dijo.<\/p>\n<p>\u201cLo que esto hace es darnos un poco de certeza en t\u00e9rminos de nuestra pol\u00edtica\u2026 y dado que hemos tenido tres elecciones desde 2015, probablemente sea un alivio para la mayor\u00eda de los canadienses\u201d.<\/p>\n<p>El primer ministro Justin Trudeau anunci\u00f3 el acuerdo de suministro y confianza el 22 de marzo y dijo a los periodistas que estar\u00eda vigente hasta el final del Parlamento actual en 2025.<\/p>\n<p>\u201cLo que esto significa es que durante este tiempo incierto, el gobierno puede funcionar con previsibilidad y estabilidad, presentar e implementar presupuestos y hacer las cosas por los canadienses\u201d, dijo.<\/p>\n<p>Trudeau agreg\u00f3 que el acuerdo es uno en el que pens\u00f3 &#8220;largo y duro&#8221;.<\/p>\n<p>\u201cNo fue una decisi\u00f3n f\u00e1cil\u201d, dijo. \u201cCon tanta inestabilidad a nuestro alrededor, los canadienses necesitan estabilidad\u201d.<\/p>\n<p>El acuerdo no forma un gobierno de coalici\u00f3n. Eso habr\u00eda significado que el NDP y los liberales formaran un gobierno juntos, y requerir\u00eda que los parlamentarios del NDP formaran parte del gabinete.<\/p>\n<p>M\u00e1s bien, es un acuerdo de suministro y confianza, lo que significa que una parte acepta apoyar a otra en votos confidenciales durante un cierto per\u00edodo de tiempo, generalmente a cambio de avances en archivos espec\u00edficos.<\/p>\n<p>Cuando el partido de Singh redact\u00f3 este acuerdo, algunos partidarios lo interpretaron como que el NDP firmaba el certificado de defunci\u00f3n de su propio sue\u00f1o.<\/p>\n<p>\u201cLa mayor\u00eda de la gente piensa que este es el NDP renunciando a la idea de formar un gobierno\u201d, dijo Bricker.<\/p>\n<p>\u201cEs un gran paso atr\u00e1s para el NDP\u201d.<\/p>\n<p>Seis de cada 10 canadienses coincidieron en que el NDP estaba renunciando a la idea de ganar unas elecciones y formar gobierno con Singh como primer ministro. Sin embargo, cuatro de cada 10 no estuvieron de acuerdo con la premisa.<\/p>\n<p>Cuando la encuesta desglos\u00f3 las cosas por partido, encontr\u00f3 que los votantes progresistas sintieron la mayor sensaci\u00f3n de resignaci\u00f3n: aproximadamente la mitad de los votantes liberales y del NDP leyeron este acuerdo como si el NDP renunciara a sus propias esperanzas de formar gobierno.<\/p>\n<p>En declaraciones a los periodistas el d\u00eda que se anunci\u00f3 el acuerdo, Singh dijo que no lo ve\u00eda como \u201cun destino, sino como un punto de partida\u201d.<\/p>\n<p>\u201cEsto no es para nada una carta blanca\u201d, dijo.<\/p>\n<p>\u201cVamos a mirar esto con los ojos bien abiertos\u2026 Si no cumplen con lo que hemos acordado, el trato no contin\u00faa\u201d.<\/p>\n<p>Mientras tanto, los conservadores han cerrado el trato. El d\u00eda que se anunci\u00f3, la l\u00edder interina Candice Bergen dijo que \u201cno era un buen d\u00eda para los canadienses\u201d.<\/p>\n<p>\u201cEstoy seguro de que hay mucha desesperaci\u00f3n en Occidente por esta decisi\u00f3n\u201d, dijo Bergen.<\/p>\n<p>\u201cHaremos todo lo que podamos para hacer que este gobierno NDP-Liberal rinda cuentas\u201d.<\/p>\n<p>En cuanto a los votantes canadienses, el apoyo al acuerdo fue m\u00e1s fuerte entre los votantes liberales y del NDP, quienes votaron alrededor del 90 por ciento a favor del acuerdo, as\u00ed como entre los votantes del Partido Verde, el 75 por ciento de los cuales apoyaron la medida.<\/p>\n<p>Solo el 46 por ciento de los votantes del bloque respaldaron el acuerdo, y menos de una cuarta parte de los conservadores estaban contentos con la medida.<\/p>\n<p>En general, dijo Bricker, los canadienses en su mayor\u00eda est\u00e1n de acuerdo con el acuerdo en s\u00ed; sin embargo, cuando se trata de si lograr\u00e1 algo, dijo que los votantes &#8220;esperar\u00e1n y ver\u00e1n&#8221;.<\/p>\n","protected":false},"excerpt":{"rendered":"<p>&#8211; A medida que Canad\u00e1 se dirige hacia una sexta ola de COVID-19 con un aumento de casos y hospitalizaciones en todo el pa\u00eds, los&hellip;<\/p>\n","protected":false},"author":99,"featured_media":502457,"comment_status":"open","ping_status":"open","sticky":false,"template":"","format":"standard","meta":{"footnotes":""},"categories":[21,11191],"tags":[],"class_list":["post-502455","post","type-post","status-publish","format-standard","has-post-thumbnail","hentry","category-canada","category-top-news"],"_links":{"self":[{"href":"https:\/\/diarioelpopular.com\/index.php\/wp-json\/wp\/v2\/posts\/502455","targetHints":{"allow":["GET"]}}],"collection":[{"href":"https:\/\/diarioelpopular.com\/index.php\/wp-json\/wp\/v2\/posts"}],"about":[{"href":"https:\/\/diarioelpopular.com\/index.php\/wp-json\/wp\/v2\/types\/post"}],"author":[{"embeddable":true,"href":"https:\/\/diarioelpopular.com\/index.php\/wp-json\/wp\/v2\/users\/99"}],"replies":[{"embeddable":true,"href":"https:\/\/diarioelpopular.com\/index.php\/wp-json\/wp\/v2\/comments?post=502455"}],"version-history":[{"count":1,"href":"https:\/\/diarioelpopular.com\/index.php\/wp-json\/wp\/v2\/posts\/502455\/revisions"}],"predecessor-version":[{"id":502458,"href":"https:\/\/diarioelpopular.com\/index.php\/wp-json\/wp\/v2\/posts\/502455\/revisions\/502458"}],"wp:featuredmedia":[{"embeddable":true,"href":"https:\/\/diarioelpopular.com\/index.php\/wp-json\/wp\/v2\/media\/502457"}],"wp:attachment":[{"href":"https:\/\/diarioelpopular.com\/index.php\/wp-json\/wp\/v2\/media?parent=502455"}],"wp:term":[{"taxonomy":"category","embeddable":true,"href":"https:\/\/diarioelpopular.com\/index.php\/wp-json\/wp\/v2\/categories?post=502455"},{"taxonomy":"post_tag","embeddable":true,"href":"https:\/\/diarioelpopular.com\/index.php\/wp-json\/wp\/v2\/tags?post=502455"}],"curies":[{"name":"wp","href":"https:\/\/api.w.org\/{rel}","templated":true}]}}