{"id":502471,"date":"2022-04-06T09:18:41","date_gmt":"2022-04-06T13:18:41","guid":{"rendered":"https:\/\/diarioelpopular.com\/?p=502471"},"modified":"2022-04-06T09:18:41","modified_gmt":"2022-04-06T13:18:41","slug":"levantan-toque-de-queda-en-peru-antes-de-lo-previsto","status":"publish","type":"post","link":"https:\/\/diarioelpopular.com\/index.php\/2022\/04\/06\/levantan-toque-de-queda-en-peru-antes-de-lo-previsto\/","title":{"rendered":"Levantan toque de queda en Per\u00fa antes de lo previsto"},"content":{"rendered":"<p><img loading=\"lazy\" decoding=\"async\" class=\"alignnone size-custom-full-size wp-image-502472\" src=\"https:\/\/diarioelpopular.com\/wp-content\/uploads\/2022\/04\/peru-efe_39767840_20220405180423-636x461.jpg\" alt=\"\" width=\"636\" height=\"461\" srcset=\"https:\/\/diarioelpopular.com\/wp-content\/uploads\/2022\/04\/peru-efe_39767840_20220405180423-636x461.jpg 636w, https:\/\/diarioelpopular.com\/wp-content\/uploads\/2022\/04\/peru-efe_39767840_20220405180423-300x217.jpg 300w, https:\/\/diarioelpopular.com\/wp-content\/uploads\/2022\/04\/peru-efe_39767840_20220405180423-768x556.jpg 768w, https:\/\/diarioelpopular.com\/wp-content\/uploads\/2022\/04\/peru-efe_39767840_20220405180423-101x73.jpg 101w, https:\/\/diarioelpopular.com\/wp-content\/uploads\/2022\/04\/peru-efe_39767840_20220405180423.jpg 780w\" sizes=\"auto, (max-width: 636px) 100vw, 636px\" \/><\/p>\n<p><em>Militares y polic\u00edas controlan un paradero de transporte p\u00fablico en Lima.<\/em><\/p>\n<h4 class=\"lead cita\"><em><strong>&#8211; La medida se hab\u00eda decretado a la medianoche del lunes, en respuesta a un paro de transportadores.<\/strong><\/em><\/h4>\n<p>El presidente peruano,\u00a0Pedro Castillo, levant\u00f3 este martes el toque de queda en Lima y su vecina provincia de Callao,\u00a0puesto en marcha en respuesta a un paro de transportistas, siete horas antes del fin que ten\u00eda previsto para las 23.59 hora local (O4.59 GMT del mi\u00e9rcoles).<\/p>\n<p>\u201cDebo anunciar que, a partir del momento,\u00a0vamos a dejar sin efecto esta inamovilidad (toque de queda)\u00a0y corresponde llamar a la tranquilidad el pueblo peruano, eso quer\u00eda anunciar\u201d, dijo Castillo durante una reuni\u00f3n con los l\u00edderes pol\u00edticos en el Congreso.<\/p>\n<p><b>Fuerzas armadas en las calles durante la medida<\/b><\/p>\n<p>El Gobierno de Per\u00fa dispuso el despliegue de\u00a070 patrullas de las Fuerzas Armadas\u00a0en Lima y su vecina provincia de Callao con el fin de apoyar a la Polic\u00eda Nacional durante el toque de queda decretado por el presidente Pedro Castillo en respuesta al paro de transportistas.<\/p>\n<p>Seg\u00fan inform\u00f3 el Ministerio de Defensa en un comunicado, el despliegue de los militares en las calles de estas dos provincias, donde vive un tercio de la poblaci\u00f3n del pa\u00eds, responde\u00a0al af\u00e1n de \u201csalvaguardar la vida e integridad de las personas\u00a0y proteger la propiedad p\u00fablica y privada\u201d durante esta jornada de inmovilizaci\u00f3n social.<\/p>\n<p>En total, son 62 las patrullas que cubren los distritos de la capital, mientras que otras ocho se encargan de las acciones en Callao, todas en apoyo a las operaciones del cuerpo policial. \u201cAdicionalmente a estos destacamentos,\u00a0hay un contingente de igual n\u00famero de patrullas que se encuentran en condiciones de salir cuando sea necesarioen salvaguardia de la poblaci\u00f3n\u201d, advierte la cartera.<\/p>\n<p>Efe constat\u00f3 a primera hora de la ma\u00f1ana la presencia de decenas de militares uniformados y armados en algunas zonas de Lima, en especial en las m\u00e1s transitadas, como el paradero de Puente Nuevo, en el c\u00e9ntrico distrito lime\u00f1o de El Agustino.<\/p>\n<p>Cerca de la medianoche de este lunes, el presidente Castillo anunci\u00f3, en un sorpresivo mensaje, la decisi\u00f3n que hab\u00eda tomado su Gobierno de\u00a0decretar el estado de emergencia en las provincias de Lima y Callao ante el paro que desde hac\u00eda siete d\u00edas\u00a0ven\u00edan acatando los transportistas en protesta por el alza en los precios de los combustibles.<\/p>\n<p>La huelga arranc\u00f3 el pasado lunes 28 de marzo\u00a0y se extendi\u00f3 por varias regiones del pa\u00eds, donde decenas de v\u00edas quedaron bloqueadas de forma temporal y se registraron saqueos y enfrentamientos puntuales entre manifestantes y agentes policiales.<\/p>\n<p>Estos hechos, sin embargo, no fueron replicados de la misma manera en Lima y Callao, donde en cambio s\u00ed se decret\u00f3 esta medida, que ha desatado cr\u00edticas de ciudadanos y pol\u00edticos de todo signo.<\/p>\n<p>La orden estar\u00e1 vigente al menos hasta las 23:59 de este martes, aunque\u00a0el ministro de Justicia, F\u00e9lix Chero, sostuvo que esta podr\u00eda extenderse o suspenderse, seg\u00fan los consensos a los que lleguen esta tarde el Gobierno y el Congreso, reunidos con miras a sofocar la crisis que afronta el pa\u00eds.<\/p>\n<p>A su vez, el titular de Justicia defendi\u00f3 que este toque de queda, calificado por algunos de \u201cinconstitucional\u201d, responde a la necesidad de \u201cdar respuestas urgentes y extraordinarias\u201d ante los informes de inteligencia que, supuestamente, \u201canunciaban una serie de actos vand\u00e1licos\u201d.<\/p>\n","protected":false},"excerpt":{"rendered":"<p>Militares y polic\u00edas controlan un paradero de transporte p\u00fablico en Lima. &#8211; La medida se hab\u00eda decretado a la medianoche del lunes, en respuesta a&hellip;<\/p>\n","protected":false},"author":99,"featured_media":502472,"comment_status":"open","ping_status":"open","sticky":false,"template":"","format":"standard","meta":{"footnotes":""},"categories":[23],"tags":[],"class_list":["post-502471","post","type-post","status-publish","format-standard","has-post-thumbnail","hentry","category-latinoamerica"],"_links":{"self":[{"href":"https:\/\/diarioelpopular.com\/index.php\/wp-json\/wp\/v2\/posts\/502471","targetHints":{"allow":["GET"]}}],"collection":[{"href":"https:\/\/diarioelpopular.com\/index.php\/wp-json\/wp\/v2\/posts"}],"about":[{"href":"https:\/\/diarioelpopular.com\/index.php\/wp-json\/wp\/v2\/types\/post"}],"author":[{"embeddable":true,"href":"https:\/\/diarioelpopular.com\/index.php\/wp-json\/wp\/v2\/users\/99"}],"replies":[{"embeddable":true,"href":"https:\/\/diarioelpopular.com\/index.php\/wp-json\/wp\/v2\/comments?post=502471"}],"version-history":[{"count":1,"href":"https:\/\/diarioelpopular.com\/index.php\/wp-json\/wp\/v2\/posts\/502471\/revisions"}],"predecessor-version":[{"id":502473,"href":"https:\/\/diarioelpopular.com\/index.php\/wp-json\/wp\/v2\/posts\/502471\/revisions\/502473"}],"wp:featuredmedia":[{"embeddable":true,"href":"https:\/\/diarioelpopular.com\/index.php\/wp-json\/wp\/v2\/media\/502472"}],"wp:attachment":[{"href":"https:\/\/diarioelpopular.com\/index.php\/wp-json\/wp\/v2\/media?parent=502471"}],"wp:term":[{"taxonomy":"category","embeddable":true,"href":"https:\/\/diarioelpopular.com\/index.php\/wp-json\/wp\/v2\/categories?post=502471"},{"taxonomy":"post_tag","embeddable":true,"href":"https:\/\/diarioelpopular.com\/index.php\/wp-json\/wp\/v2\/tags?post=502471"}],"curies":[{"name":"wp","href":"https:\/\/api.w.org\/{rel}","templated":true}]}}