{"id":502484,"date":"2022-04-07T09:03:57","date_gmt":"2022-04-07T13:03:57","guid":{"rendered":"https:\/\/diarioelpopular.com\/?p=502484"},"modified":"2022-04-07T09:03:57","modified_gmt":"2022-04-07T13:03:57","slug":"peru-refriegas-en-ica-1-muerto","status":"publish","type":"post","link":"https:\/\/diarioelpopular.com\/index.php\/2022\/04\/07\/peru-refriegas-en-ica-1-muerto\/","title":{"rendered":"Per\u00fa: Refriegas en Ica, 1 muerto"},"content":{"rendered":"<p><img loading=\"lazy\" decoding=\"async\" class=\"alignnone size-medium wp-image-502485\" src=\"https:\/\/diarioelpopular.com\/wp-content\/uploads\/2022\/04\/54296fc9834382406f4849825fac10c1-300x200.jpg\" alt=\"\" width=\"300\" height=\"200\" srcset=\"https:\/\/diarioelpopular.com\/wp-content\/uploads\/2022\/04\/54296fc9834382406f4849825fac10c1-300x200.jpg 300w, https:\/\/diarioelpopular.com\/wp-content\/uploads\/2022\/04\/54296fc9834382406f4849825fac10c1-110x73.jpg 110w, https:\/\/diarioelpopular.com\/wp-content\/uploads\/2022\/04\/54296fc9834382406f4849825fac10c1.jpg 476w\" sizes=\"auto, (max-width: 300px) 100vw, 300px\" \/><\/p>\n<p><em><strong>LIMA, 07 APR &#8211;<\/strong><\/em> Graves incidentes se registraron en Ica, sur del Per\u00fa, donde choques entre manifestantes, que participaban en una huelga nacional de transportes, y las fuerzas del orden dejaron un balance provisorio oficial de al menos un muerto y 14 heridos.<br \/>\nSeg\u00fan una fuente sindical, los heridos ser\u00edan por lo menos el triple de aquellos declarados.<br \/>\nLos manifestantes, refiere el diario El Comercio, bloquearon var\u00edas v\u00edas de comunicaci\u00f3n y, en particular, un tramo de la autopista Panamericana Sur, a la altura del kil\u00f3metro 290, en la localidad de Villacuri, donde una persona de 36 a\u00f1os muri\u00f3 luego de ser alcanzada por una &#8220;bala perdida&#8221;.<br \/>\nPara hacer frente a la situaci\u00f3n, el ministro del Interior, Alfonso Ch\u00e1varry, anuncio que en las pr\u00f3ximas horas ir\u00e1n a Ica unos 150 agentes de las fuerzas especiales DINOES.<br \/>\nLas manifestaciones de los transportistas y de las asociaciones agr\u00edcolas est\u00e1n en curso desde hace d\u00edas, y al comienzo de la semana recrudecieron tambi\u00e9n en Lima y la vecina ciudad de El Callao, donde se registraron v\u00edctimas.<br \/>\nEl presidente Pedro Castillo hab\u00eda decretado para la jornada del martes un toque de queda en el marco de un estado de emergencia, medida que fue revocada antes de que llegara a su fin.<\/p>\n","protected":false},"excerpt":{"rendered":"<p>LIMA, 07 APR &#8211; Graves incidentes se registraron en Ica, sur del Per\u00fa, donde choques entre manifestantes, que participaban en una huelga nacional de transportes,&hellip;<\/p>\n","protected":false},"author":99,"featured_media":502485,"comment_status":"open","ping_status":"open","sticky":false,"template":"","format":"standard","meta":{"footnotes":""},"categories":[23],"tags":[],"class_list":["post-502484","post","type-post","status-publish","format-standard","has-post-thumbnail","hentry","category-latinoamerica"],"_links":{"self":[{"href":"https:\/\/diarioelpopular.com\/index.php\/wp-json\/wp\/v2\/posts\/502484","targetHints":{"allow":["GET"]}}],"collection":[{"href":"https:\/\/diarioelpopular.com\/index.php\/wp-json\/wp\/v2\/posts"}],"about":[{"href":"https:\/\/diarioelpopular.com\/index.php\/wp-json\/wp\/v2\/types\/post"}],"author":[{"embeddable":true,"href":"https:\/\/diarioelpopular.com\/index.php\/wp-json\/wp\/v2\/users\/99"}],"replies":[{"embeddable":true,"href":"https:\/\/diarioelpopular.com\/index.php\/wp-json\/wp\/v2\/comments?post=502484"}],"version-history":[{"count":1,"href":"https:\/\/diarioelpopular.com\/index.php\/wp-json\/wp\/v2\/posts\/502484\/revisions"}],"predecessor-version":[{"id":502486,"href":"https:\/\/diarioelpopular.com\/index.php\/wp-json\/wp\/v2\/posts\/502484\/revisions\/502486"}],"wp:featuredmedia":[{"embeddable":true,"href":"https:\/\/diarioelpopular.com\/index.php\/wp-json\/wp\/v2\/media\/502485"}],"wp:attachment":[{"href":"https:\/\/diarioelpopular.com\/index.php\/wp-json\/wp\/v2\/media?parent=502484"}],"wp:term":[{"taxonomy":"category","embeddable":true,"href":"https:\/\/diarioelpopular.com\/index.php\/wp-json\/wp\/v2\/categories?post=502484"},{"taxonomy":"post_tag","embeddable":true,"href":"https:\/\/diarioelpopular.com\/index.php\/wp-json\/wp\/v2\/tags?post=502484"}],"curies":[{"name":"wp","href":"https:\/\/api.w.org\/{rel}","templated":true}]}}