{"id":502498,"date":"2022-04-07T10:37:23","date_gmt":"2022-04-07T14:37:23","guid":{"rendered":"https:\/\/diarioelpopular.com\/?p=502498"},"modified":"2022-04-07T10:37:23","modified_gmt":"2022-04-07T14:37:23","slug":"uniendo-fuerzas","status":"publish","type":"post","link":"https:\/\/diarioelpopular.com\/index.php\/2022\/04\/07\/uniendo-fuerzas\/","title":{"rendered":"\u00a0UNIENDO FUERZAS\u00a0"},"content":{"rendered":"<p class=\"p4\"><b><i>\u201cCon las llaves del alma activemos el esp\u00edritu social, para que podamos asentarnos a vivir en armon\u00eda y con iguales posibilidades, antes de que nos destruyamos entre s\u00ed y descompongamos la m\u00e9trica natural que es lo que nos embellece y hace feliz\u201d.<span class=\"Apple-converted-space\">\u00a0<\/span><\/i><\/b><\/p>\n<p class=\"p6\"><b><i>=============================<\/i><\/b><\/p>\n<p class=\"p6\"><b><i>V\u00edctor CORCOBA HERRERO\/ Escritor<\/i><\/b><\/p>\n<p class=\"p6\"><b><i>corcoba@telefonica.net <\/i><\/b><\/p>\n<p class=\"p6\"><b>=============================<\/b><span class=\"Apple-converted-space\">\u00a0<\/span><\/p>\n<p class=\"p8\">Es tiempo de batallar unidos contra nuestras propias debilidades, de unir las fuerzas morales y econ\u00f3micas, para luchar juntos contra la pobreza que margina, degrada y ofende a tantas vidas humanas, llevando a cabo pol\u00edticas serias en favor de las familias y del trabajo. Sea como fuere, el momento actual tambi\u00e9n requiere de una suma de esfuerzos conjuntos. Justamente as\u00ed, se puede prestar una asistencia veraz y dar coberturas reales, a cuestiones tan esenciales como prioritarias, al menos para proporcionar continuidad en los avances, ya sean educativos o de sanidad.<span class=\"Apple-converted-space\">\u00a0<\/span><\/p>\n<p class=\"p9\">La realidad es bastante desoladora, mientras millones de personas contin\u00faan sin acceso alguno a la atenci\u00f3n de salud, los sistemas educativos convencionales tampoco suelen responder a este mundo cambiante, principalmente a la hora de impartir los conocimientos, destrezas y valores que se precisan para logar un futuro menos incierto, m\u00e1s verde y seguro. La importancia de dar prioridad a estos temas esenciales, sabemos que ser\u00e1 lo que nos fortalece humanamente, a fin de aportar soluciones a las diversas crisis que nos ahogan, mostrando que la uni\u00f3n es lo que atesora impulsos y no la discordia que nos debilita.<span class=\"Apple-converted-space\">\u00a0<\/span><\/p>\n<p class=\"p9\">Los actuales desaf\u00edos a los que nos enfrentamos tampoco nos dejan otra iniciativa que la de acoplar nuestros esfuerzos, por \u00ednfimos que nos parezcan, y mostrar un compromiso total hacia la reducci\u00f3n de las contrariedades y los efectos de los riesgos. Un dato positivo, es que la humanidad en su conjunto est\u00e9 tomando conciencia, de que todos necesitamos protecci\u00f3n y cuidados; y, es de esta forma, como buena parte de la ciudadan\u00eda se est\u00e1 ocupando y preocupando, tanto por la naturaleza y la protecci\u00f3n del medio ambiente, como por acoger a ese mundo migrante que continuamente llama a las puertas del coraz\u00f3n, repleto de sufrimientos y dolor como jam\u00e1s.<span class=\"Apple-converted-space\">\u00a0<\/span><\/p>\n<p class=\"p9\">En efecto, son tantas las atrocidades vertidas por los seres humanos contra s\u00ed mismo, que de lleno somos culpables de este aluvi\u00f3n de contiendas y naufragio entre nosotros. Tenemos que salir de este incivil ambiente y, la mejor t\u00e1ctica de forjarlo, para cicatrizar heridas, es encontrar personas dispuestas a escuchar, comprender y acompa\u00f1ar, pues es vital llevar juntos el peso de esta multitud de cargas que, en un mont\u00f3n de ocasiones, nos dejan sin nervio para reducir tensiones y poder evitar, desde un esp\u00edritu comprensivo y moderado, las confrontaciones violentas.<span class=\"Apple-converted-space\">\u00a0<\/span><\/p>\n<p class=\"p9\">Hay que poner fin a estas actitudes perversas y a la difusi\u00f3n de discursos de odio, con talantes reconciliadores y de unidad, fomentando el di\u00e1logo y respetando los derechos humanos. De lo contrario, convertiremos al planeta en un aut\u00e9ntico horno de fuego, con v\u00eda crucis de gente atormentada. Teniendo en cuenta este angustioso contexto, y si dejamos que estas situaciones avancen por el camino que actualmente llevan, el precipicio ser\u00e1 nuestro compa\u00f1ero de ruta, en lugar de estimularnos para seguir el camino del encuentro y poder hacer pi\u00f1a.<span class=\"Apple-converted-space\">\u00a0<\/span><\/p>\n<p class=\"p9\">Desde luego, es trascendente no perder la unidad del fuelle del coraje y de la esperanza, no solo para hacernos cargo de la custodia de la naturaleza, sino tambi\u00e9n para recobrar ese v\u00ednculo de familia que es el que realmente nos anima a seguir adelante. Estamos aqu\u00ed, para cuidarnos unos a otros y para reencontrarnos en esa casa com\u00fan; donde indivisos, hemos de tener cabida para poner en pr\u00e1ctica nuestra propia reconstrucci\u00f3n humana. Si en verdad somos hijos del amor, dejemos de enfrentarnos y pasemos a explorar otros modos y maneras de vivir, m\u00e1s en coexistencia con los dem\u00e1s, dejando a un lado las desavenencias que puedan surgir.<span class=\"Apple-converted-space\">\u00a0<\/span><\/p>\n<p class=\"p9\">Hagamos permanentemente autocr\u00edtica. Con las llaves del alma activemos el esp\u00edritu social, para que podamos asentarnos a vivir en armon\u00eda y con iguales posibilidades, antes de que nos destruyamos entre s\u00ed y descompongamos la m\u00e9trica natural que es lo que nos embellece y hace feliz. Al fin y al cabo, con raz\u00f3n, somos ese composici\u00f3n interminable; donde nadie puede desligarse de ese innato pulso, por muchas piedras que nos lancemos unos contra otros. Por eso, nada de lo que pase aqu\u00ed abajo debe resultarnos ajeno. Sin duda, entre todos debemos rebajar las altas cuotas de miseria que hemos aglutinado. As\u00ed podremos respirar, esa planta m\u00edstica que conforma lo arm\u00f3nico, tras formar el poema perfecto m\u00e1s sublime, con sangre, sudor y l\u00e1grimas, al que estamos convocados, para luego tomar soledad y silencio para elevarnos.<span class=\"Apple-converted-space\">\u00a0<\/span><\/p>\n<p class=\"p11\"><b>V\u00edctor CORCOBA HERRERO \/ Escritor<\/b><\/p>\n<p class=\"p11\"><b><span class=\"Apple-converted-space\">\u00a0<\/span>HYPERLINK &#8220;mailto:corcoba@telefonica.net&#8221; <\/b><span class=\"s3\"><b>corcoba@telefonica.net<\/b><\/span><\/p>\n<p class=\"p11\"><b>07 de abril de 2022<\/b><\/p>\n","protected":false},"excerpt":{"rendered":"<p>\u201cCon las llaves del alma activemos el esp\u00edritu social, para que podamos asentarnos a vivir en armon\u00eda y con iguales posibilidades, antes de que nos&hellip;<\/p>\n","protected":false},"author":99,"featured_media":0,"comment_status":"open","ping_status":"open","sticky":false,"template":"","format":"standard","meta":{"footnotes":""},"categories":[11353,81],"tags":[],"class_list":["post-502498","post","type-post","status-publish","format-standard","hentry","category-algo-mas-que-palabras","category-columnistas"],"_links":{"self":[{"href":"https:\/\/diarioelpopular.com\/index.php\/wp-json\/wp\/v2\/posts\/502498","targetHints":{"allow":["GET"]}}],"collection":[{"href":"https:\/\/diarioelpopular.com\/index.php\/wp-json\/wp\/v2\/posts"}],"about":[{"href":"https:\/\/diarioelpopular.com\/index.php\/wp-json\/wp\/v2\/types\/post"}],"author":[{"embeddable":true,"href":"https:\/\/diarioelpopular.com\/index.php\/wp-json\/wp\/v2\/users\/99"}],"replies":[{"embeddable":true,"href":"https:\/\/diarioelpopular.com\/index.php\/wp-json\/wp\/v2\/comments?post=502498"}],"version-history":[{"count":1,"href":"https:\/\/diarioelpopular.com\/index.php\/wp-json\/wp\/v2\/posts\/502498\/revisions"}],"predecessor-version":[{"id":502499,"href":"https:\/\/diarioelpopular.com\/index.php\/wp-json\/wp\/v2\/posts\/502498\/revisions\/502499"}],"wp:attachment":[{"href":"https:\/\/diarioelpopular.com\/index.php\/wp-json\/wp\/v2\/media?parent=502498"}],"wp:term":[{"taxonomy":"category","embeddable":true,"href":"https:\/\/diarioelpopular.com\/index.php\/wp-json\/wp\/v2\/categories?post=502498"},{"taxonomy":"post_tag","embeddable":true,"href":"https:\/\/diarioelpopular.com\/index.php\/wp-json\/wp\/v2\/tags?post=502498"}],"curies":[{"name":"wp","href":"https:\/\/api.w.org\/{rel}","templated":true}]}}