{"id":502520,"date":"2022-04-08T09:40:37","date_gmt":"2022-04-08T13:40:37","guid":{"rendered":"https:\/\/diarioelpopular.com\/?p=502520"},"modified":"2022-04-08T09:40:37","modified_gmt":"2022-04-08T13:40:37","slug":"peru-va-por-su-tercer-ministro-de-salud-en-8-meses","status":"publish","type":"post","link":"https:\/\/diarioelpopular.com\/index.php\/2022\/04\/08\/peru-va-por-su-tercer-ministro-de-salud-en-8-meses\/","title":{"rendered":"Per\u00fa va por su tercer ministro de Salud en 8 meses"},"content":{"rendered":"<p><img loading=\"lazy\" decoding=\"async\" class=\"alignnone size-custom-full-size wp-image-502521\" src=\"https:\/\/diarioelpopular.com\/wp-content\/uploads\/2022\/04\/a20220407t043405-m-10-95-12-10-88-4201-3841-15-f_39777693_20220407121302-636x461.jpg\" alt=\"\" width=\"636\" height=\"461\" srcset=\"https:\/\/diarioelpopular.com\/wp-content\/uploads\/2022\/04\/a20220407t043405-m-10-95-12-10-88-4201-3841-15-f_39777693_20220407121302-636x461.jpg 636w, https:\/\/diarioelpopular.com\/wp-content\/uploads\/2022\/04\/a20220407t043405-m-10-95-12-10-88-4201-3841-15-f_39777693_20220407121302-300x217.jpg 300w, https:\/\/diarioelpopular.com\/wp-content\/uploads\/2022\/04\/a20220407t043405-m-10-95-12-10-88-4201-3841-15-f_39777693_20220407121302-768x556.jpg 768w, https:\/\/diarioelpopular.com\/wp-content\/uploads\/2022\/04\/a20220407t043405-m-10-95-12-10-88-4201-3841-15-f_39777693_20220407121302-101x73.jpg 101w, https:\/\/diarioelpopular.com\/wp-content\/uploads\/2022\/04\/a20220407t043405-m-10-95-12-10-88-4201-3841-15-f_39777693_20220407121302.jpg 780w\" sizes=\"auto, (max-width: 636px) 100vw, 636px\" \/><\/p>\n<h4 class=\"lead cita\"><em><strong>&#8211; El cirujano Jorge L\u00f3pez Pe\u00f1a ser\u00e1 el tercer ministro de salud de Pedro Castillo, despu\u00e9s del paso fugaz de Hern\u00e1n Condori.<\/strong><\/em><\/h4>\n<p>El presidente de Per\u00fa,Pedro Castillo, design\u00f3 este jueves a su tercer ministro de Salud en ocho meses, el medico cirujano\u00a0Jorge L\u00f3pez Pe\u00f1a, quien reemplaza a\u00a0Hern\u00e1n Condori, censurado hace una semana por el Congreso por \u201ccarecer de idoneidad\u201d para ejercer ese cargo.<\/p>\n<p>L\u00f3pez, que fue\u00a0viceministro de Salud P\u00fablica\u00a0durante la gesti\u00f3n de Condori, jur\u00f3 en una breve ceremonia celebrada en privado en el Palacio de Gobierno de Lima<\/p>\n<p>Condori debi\u00f3 renunciar despu\u00e9s de ser acusado por el Legislativo de \u201ccarecer de idoneidad\u201d para ejercer el cargo, tener investigaciones de presunta corrupci\u00f3n y haber promovido un producto sin sustento cient\u00edfico conocido como agua arracimada.<\/p>\n<p>El nuevo ministro es un medico cirujano con estudios en la\u00a0Universidad Nacional del Centro\u00a0que, adem\u00e1s, fue\u00a0director del Hospital Regional Docente Daniel Alcides Carri\u00f3n, de la ciudad de Huancayo, la capital de la regi\u00f3n Jun\u00edn.<\/p>\n<p>El pasado 31 de marzo, el pleno del Congreso aprob\u00f3 una moci\u00f3n de censura contra Condori que fue presentada por el legislador opositor\u00a0Diego Baz\u00e1n, del partido derechista Avanza Pa\u00eds, con la firma de representantes de bancadas de derecha, centro e izquierda.<\/p>\n<p>Tras aprobarse la censura, Baz\u00e1n afirm\u00f3 que \u201ceste fue un triunfo del pa\u00eds\u201d y que los parlamentarios consideraron \u201cinsostenible la presencia del se\u00f1or Condori un minuto m\u00e1s en el ministerio\u201d.<\/p>\n<p>El legislador se\u00f1al\u00f3 que la designaci\u00f3n de Condori, que asumi\u00f3 el pasado 8 de febrero, se debi\u00f3 a una \u201ccuota pol\u00edtica\u201d del Gobierno con Vladimir Cerr\u00f3n, el l\u00edder del partido marxista Per\u00fa Libre, con el que Castillo gan\u00f3 las elecciones del a\u00f1o pasado.<\/p>\n<p>El diario La Rep\u00fablica indic\u00f3 este jueves que el nuevo ministro L\u00f3pez tambi\u00e9n tiene \u201cun alto grado de cercan\u00eda\u201d con Cerr\u00f3n.<\/p>\n<p>Condori fue interpelado el pasado 15 de marzo por el Congreso, ante el que neg\u00f3 haber \u201crecetado ni vendido\u201d un producto sin sustento cient\u00edfico conocido como agua arracimada, rechaz\u00f3 tener procesos abiertos por presunta corrupci\u00f3n y respondi\u00f3 a las cr\u00edticas por, supuestamente, haber ejercido la especialidad de ginecolog\u00eda sin tener preparaci\u00f3n para ello.<\/p>\n<p>En los d\u00edas siguientes, exministros, expertos y medios locales tambi\u00e9n criticaron la desaceleraci\u00f3n de la campa\u00f1a de vacunaci\u00f3n contra la covid-19, mientras el pa\u00eds afronta una notoria disminuci\u00f3n del impacto de la tercera ola de la pandemia.<\/p>\n<p>Condori acept\u00f3 luego que el ritmo de la vacunaci\u00f3n se hab\u00eda ralentizado, pero lo atribuy\u00f3 a que los peruanos no perciben la situaci\u00f3n de emergencia que se vivi\u00f3 en otros momentos.<\/p>\n<p>La designaci\u00f3n de L\u00f3pez como ministro de Salud se produjo en medio del recrudecimiento de una crisis social y pol\u00edtica en el pa\u00eds, con protestas y manifestaciones en diferentes regiones, que exigen mejoras en la situaci\u00f3n econ\u00f3mica y piden la\u00a0renuncia del presidente Castillo.<\/p>\n<p>&nbsp;<\/p>\n","protected":false},"excerpt":{"rendered":"<p>&#8211; El cirujano Jorge L\u00f3pez Pe\u00f1a ser\u00e1 el tercer ministro de salud de Pedro Castillo, despu\u00e9s del paso fugaz de Hern\u00e1n Condori. El presidente de&hellip;<\/p>\n","protected":false},"author":99,"featured_media":502521,"comment_status":"open","ping_status":"open","sticky":false,"template":"","format":"standard","meta":{"footnotes":""},"categories":[23],"tags":[],"class_list":["post-502520","post","type-post","status-publish","format-standard","has-post-thumbnail","hentry","category-latinoamerica"],"_links":{"self":[{"href":"https:\/\/diarioelpopular.com\/index.php\/wp-json\/wp\/v2\/posts\/502520","targetHints":{"allow":["GET"]}}],"collection":[{"href":"https:\/\/diarioelpopular.com\/index.php\/wp-json\/wp\/v2\/posts"}],"about":[{"href":"https:\/\/diarioelpopular.com\/index.php\/wp-json\/wp\/v2\/types\/post"}],"author":[{"embeddable":true,"href":"https:\/\/diarioelpopular.com\/index.php\/wp-json\/wp\/v2\/users\/99"}],"replies":[{"embeddable":true,"href":"https:\/\/diarioelpopular.com\/index.php\/wp-json\/wp\/v2\/comments?post=502520"}],"version-history":[{"count":1,"href":"https:\/\/diarioelpopular.com\/index.php\/wp-json\/wp\/v2\/posts\/502520\/revisions"}],"predecessor-version":[{"id":502522,"href":"https:\/\/diarioelpopular.com\/index.php\/wp-json\/wp\/v2\/posts\/502520\/revisions\/502522"}],"wp:featuredmedia":[{"embeddable":true,"href":"https:\/\/diarioelpopular.com\/index.php\/wp-json\/wp\/v2\/media\/502521"}],"wp:attachment":[{"href":"https:\/\/diarioelpopular.com\/index.php\/wp-json\/wp\/v2\/media?parent=502520"}],"wp:term":[{"taxonomy":"category","embeddable":true,"href":"https:\/\/diarioelpopular.com\/index.php\/wp-json\/wp\/v2\/categories?post=502520"},{"taxonomy":"post_tag","embeddable":true,"href":"https:\/\/diarioelpopular.com\/index.php\/wp-json\/wp\/v2\/tags?post=502520"}],"curies":[{"name":"wp","href":"https:\/\/api.w.org\/{rel}","templated":true}]}}