{"id":502543,"date":"2022-04-09T13:46:20","date_gmt":"2022-04-09T17:46:20","guid":{"rendered":"https:\/\/diarioelpopular.com\/?p=502543"},"modified":"2022-04-09T13:46:20","modified_gmt":"2022-04-09T17:46:20","slug":"congreso-peruano-convoca-a-presidente-castillo-a-renunciar","status":"publish","type":"post","link":"https:\/\/diarioelpopular.com\/index.php\/2022\/04\/09\/congreso-peruano-convoca-a-presidente-castillo-a-renunciar\/","title":{"rendered":"Congreso peruano convoca a presidente Castillo a renunciar"},"content":{"rendered":"<p><img loading=\"lazy\" decoding=\"async\" class=\"alignnone size-custom-full-size wp-image-502544\" src=\"https:\/\/diarioelpopular.com\/wp-content\/uploads\/2022\/04\/gettyimages-1239787063_39784384_20220408210955-636x461.jpg\" alt=\"\" width=\"636\" height=\"461\" srcset=\"https:\/\/diarioelpopular.com\/wp-content\/uploads\/2022\/04\/gettyimages-1239787063_39784384_20220408210955-636x461.jpg 636w, https:\/\/diarioelpopular.com\/wp-content\/uploads\/2022\/04\/gettyimages-1239787063_39784384_20220408210955-300x217.jpg 300w, https:\/\/diarioelpopular.com\/wp-content\/uploads\/2022\/04\/gettyimages-1239787063_39784384_20220408210955-768x556.jpg 768w, https:\/\/diarioelpopular.com\/wp-content\/uploads\/2022\/04\/gettyimages-1239787063_39784384_20220408210955-101x73.jpg 101w, https:\/\/diarioelpopular.com\/wp-content\/uploads\/2022\/04\/gettyimages-1239787063_39784384_20220408210955.jpg 780w\" sizes=\"auto, (max-width: 636px) 100vw, 636px\" \/><\/p>\n<p><em>Los peruanos han reclamado en las calles la salida del presidente peruano, Pedro Castillo. Le reclaman el incumplimiento de las promesas de su campa\u00f1a presidencial.\u00a0<b><\/b>FOTO\u00a0<b><span class=\"mln_uppercase_mln\">GETTY<\/span><\/b><\/em><\/p>\n<p>&nbsp;<\/p>\n<h4 class=\"lead cita\"><em><strong>&#8211; Protestas de campesinos, estudiantes y del gremio transportador tienen sobre las cuerdas al mandatario del Per\u00fa, quien hace 11 d\u00edas se salv\u00f3 de su destituci\u00f3n.<\/strong><\/em><\/h4>\n<p>La hoguera de las protestas desatada en Per\u00fa desde hace una semana por el alza en el precio de los alimentos y el combustible, se aviv\u00f3 a\u00fan m\u00e1s en la tarde de este viernes luego de que el gobierno del presidente Pedro Castillo decretara la medida del estado de emergencia en todas las carreteras del pa\u00eds.<\/p>\n<p>\u201cSe declara el estado de emergencia por el t\u00e9rmino de treinta d\u00edas calendario en la Red Vial Nacional. En este periodo, la Polic\u00eda mantendr\u00e1 el control del orden interno, con el apoyo de las Fuerzas Armadas\u201d, se\u00f1ala el decreto publicado en el diario oficial.<\/p>\n<p>Este anuncio fue como si se le hubiera echado gasolina a una crisis en aumento y encendi\u00f3 nuevas protestas en los ciudadanos quienes consideran que el estado de emergencia \u201cles suspende los derechos constitucionales relacionados con la libertad de tr\u00e1nsito en el territorio nacional, la libertad de reuni\u00f3n y la seguridad de las personas\u201d.<\/p>\n<div class=\"block-text\">\n<div class=\"paragraph\">\n<p>Ese mismo argumento fue el que tomaron los integrantes de la Confederaci\u00f3n General de Trabajadores del Per\u00fa (CGTP, de izquierda), la mayor central sindical del pa\u00eds, para reclamarle al mandatario peruano por las promesas incumplidas durante su campa\u00f1a a la presidencia de Per\u00fa.<\/p>\n<p>\u201cExigimos al presidente que cumpla con todos sus compromisos electorales adquiridos. Exigirle frente a la crisis que atravesamos los trabajadores que desarrolle un plan que enfrente la inflaci\u00f3n y el costo de los alimentos\u201d, dijo a la AFP el l\u00edder del magisterio, Lucio Castro.<\/p>\n<p><b>Critican exaltaci\u00f3n a Hitler<\/b><\/p>\n<p>Las cr\u00edticas al gobierno peruano no solo llegan por el manejo del pa\u00eds del presidente y su gabinete durante los primeros ocho meses del mandato.<\/p>\n<p>El jefe del gabinete ministerial de Per\u00fa, An\u00edbal Torres, levant\u00f3 polvareda al se\u00f1alar que Adolfo Hitler hab\u00eda sido un visionario y llevado a Alemania a ser una potencia por sus proyectos de infraestructura vial.<\/p>\n<p>\u201cEn una oportunidad Adolfo Hitler visita el norte de Italia y Mussolini le muestra una autopista construida desde Mil\u00e1n a Brescia. Hitler vio eso, fue a su pa\u00eds y lo llen\u00f3 de autopistas y aeropuertos y convirti\u00f3 a Alemania en la primera potencia econ\u00f3mica del mundo\u201d, dijo Torres durante una sesi\u00f3n p\u00fablica del gabinete en Huancayo, donde indic\u00f3 que Per\u00fa deber\u00eda tomar ejemplo.<\/p>\n<p>Tras la declaraci\u00f3n, la embajada de Alemania en Lima expidi\u00f3 un comunicado en el que rechaza tales aseveraciones y se sum\u00f3 a las voces de desaprobaci\u00f3n de los opositores de Castillo.<\/p>\n<p>\u201cHitler fue un dictador fascista y genocida, en cuyo nombre se llev\u00f3 a cabo desde Alemania la peor guerra de todos los tiempos y se cometi\u00f3 un genocidio de 6 millones de jud\u00edos. Frente a este escenario, Hitler no es referente adecuado como ejemplo de ning\u00fan tipo\u201d, expresaron los delegados alemanes a trav\u00e9s de un comunicado.<\/p>\n<\/div>\n<div class=\"paragraph\">\n<p><b>Otra puerta a la renuncia<\/b><\/p>\n<p>Con una poblaci\u00f3n inconforme, una desaprobaci\u00f3n del 66% seg\u00fan la \u00faltima encuesta de Ipsus y la multitud en las calles pidiendo su dimisi\u00f3n, Castillo volvi\u00f3 a enfrentarse al Congreso del Per\u00fa, esta vez frente a una petici\u00f3n que no es vinculante pero recoge la inconformidad de los peruanos con su gesti\u00f3n: los legisladores exhortaron al mandatario peruano a renunciar.<\/p>\n<p>La iniciativa fue impulsada por la parlamentaria Rosselli Amuruz (Avanza Pa\u00eds), y obtuvo 63 votos a favor, 43 en contra y una abstenci\u00f3n.<\/p>\n<p>\u201cEl Se\u00f1or Jos\u00e9 Pedro Castillo Terrones, como Presidente Constitucional de la Rep\u00fablica, en lugar de convocar a las fuerzas pol\u00edticas, gremiales, sindicales y a personas que conozcan los sectores a fin de construir consensos por los sucesos ocurridos en la ciudad de Huancayo el 03 de abril, Lima el 04 de abril y en diversos lugares del interior del pa\u00eds; se enfrasc\u00f3 en sus cuatro paredes sin dar cuenta al pa\u00eds de las 6 muertes de personas inocentes, por su desgobierno total, ineptitud en la administraci\u00f3n de la cosa p\u00fablica e improvisaciones\u201d, refiere el documento presentado por el Congreso.<\/p>\n<p>Este es el segundo campanazo de alerta ante la solicitud de desbancar del cargo a Castillo. Hace 11 d\u00edas los legisladores promovieron la vacancia presidencial, iniciativa que no cal\u00f3 y obtuvo solo 55 votos de los 87 necesarios para despojar del cargo a Castillo<\/p>\n<\/div>\n<\/div>\n<div class=\"detalle-general detalle-texto\">\n<div class=\"contexto-noticia\">\n<div class=\"header-contexto\"><\/div>\n<\/div>\n<\/div>\n","protected":false},"excerpt":{"rendered":"<p>Los peruanos han reclamado en las calles la salida del presidente peruano, Pedro Castillo. Le reclaman el incumplimiento de las promesas de su campa\u00f1a presidencial.\u00a0FOTO\u00a0GETTY&hellip;<\/p>\n","protected":false},"author":99,"featured_media":502544,"comment_status":"open","ping_status":"open","sticky":false,"template":"","format":"standard","meta":{"footnotes":""},"categories":[23],"tags":[],"class_list":["post-502543","post","type-post","status-publish","format-standard","has-post-thumbnail","hentry","category-latinoamerica"],"_links":{"self":[{"href":"https:\/\/diarioelpopular.com\/index.php\/wp-json\/wp\/v2\/posts\/502543","targetHints":{"allow":["GET"]}}],"collection":[{"href":"https:\/\/diarioelpopular.com\/index.php\/wp-json\/wp\/v2\/posts"}],"about":[{"href":"https:\/\/diarioelpopular.com\/index.php\/wp-json\/wp\/v2\/types\/post"}],"author":[{"embeddable":true,"href":"https:\/\/diarioelpopular.com\/index.php\/wp-json\/wp\/v2\/users\/99"}],"replies":[{"embeddable":true,"href":"https:\/\/diarioelpopular.com\/index.php\/wp-json\/wp\/v2\/comments?post=502543"}],"version-history":[{"count":1,"href":"https:\/\/diarioelpopular.com\/index.php\/wp-json\/wp\/v2\/posts\/502543\/revisions"}],"predecessor-version":[{"id":502545,"href":"https:\/\/diarioelpopular.com\/index.php\/wp-json\/wp\/v2\/posts\/502543\/revisions\/502545"}],"wp:featuredmedia":[{"embeddable":true,"href":"https:\/\/diarioelpopular.com\/index.php\/wp-json\/wp\/v2\/media\/502544"}],"wp:attachment":[{"href":"https:\/\/diarioelpopular.com\/index.php\/wp-json\/wp\/v2\/media?parent=502543"}],"wp:term":[{"taxonomy":"category","embeddable":true,"href":"https:\/\/diarioelpopular.com\/index.php\/wp-json\/wp\/v2\/categories?post=502543"},{"taxonomy":"post_tag","embeddable":true,"href":"https:\/\/diarioelpopular.com\/index.php\/wp-json\/wp\/v2\/tags?post=502543"}],"curies":[{"name":"wp","href":"https:\/\/api.w.org\/{rel}","templated":true}]}}