{"id":502571,"date":"2022-04-12T09:14:53","date_gmt":"2022-04-12T13:14:53","guid":{"rendered":"https:\/\/diarioelpopular.com\/?p=502571"},"modified":"2022-04-12T09:14:53","modified_gmt":"2022-04-12T13:14:53","slug":"mexico-el-referendo-avala-a-lopez-obrador","status":"publish","type":"post","link":"https:\/\/diarioelpopular.com\/index.php\/2022\/04\/12\/mexico-el-referendo-avala-a-lopez-obrador\/","title":{"rendered":"M\u00e9xico: El referendo avala a L\u00f3pez Obrador"},"content":{"rendered":"<p>&nbsp;<\/p>\n<p><img loading=\"lazy\" decoding=\"async\" class=\"alignnone size-custom-full-size wp-image-502572\" src=\"https:\/\/diarioelpopular.com\/wp-content\/uploads\/2022\/04\/c549ddbda72f6e9cc0351bb6d87680cd.jpg\" alt=\"\" width=\"476\" height=\"317\" srcset=\"https:\/\/diarioelpopular.com\/wp-content\/uploads\/2022\/04\/c549ddbda72f6e9cc0351bb6d87680cd.jpg 476w, https:\/\/diarioelpopular.com\/wp-content\/uploads\/2022\/04\/c549ddbda72f6e9cc0351bb6d87680cd-300x200.jpg 300w, https:\/\/diarioelpopular.com\/wp-content\/uploads\/2022\/04\/c549ddbda72f6e9cc0351bb6d87680cd-110x73.jpg 110w\" sizes=\"auto, (max-width: 476px) 100vw, 476px\" \/><\/p>\n<p><em>Andr\u00e9s L\u00f3pez Obrador, presidente de M\u00e9xico<\/em><\/p>\n<h4><em><strong>&#8211; Victoria agridulce porque no alcanz\u00f3 cifra para ser vinculante<\/strong><\/em><\/h4>\n<p><em><strong>CIUDAD DE MEXICO, 12 APR &#8211;<\/strong> <\/em>La inmensa mayor\u00eda de los mexicanos dio su respaldo para que el presidente Andr\u00e9s Manuel L\u00f3pez Obrador siga en el poder, pero la victoria fue agridulce porque no habr\u00eda alcanzado la cifra m\u00e1gica de 37 millones de sufragios (40% del censo de votantes) para que el resultado sea vinculante.<br \/>\nDe acuerdo con una encuesta de salida del diario capitalino El Financiero, L\u00f3pez Obrador permanecer\u00e1 en el cargo, al que lleg\u00f3 hace 3 a\u00f1os, luego que 9 de cada 10 mexicanos lo favorecieron.<br \/>\nEl presidente del Instituto Nacional Electoral (INE), la m\u00e1xima autoridad en la materia, Lorenzo C\u00f3rdova, anunci\u00f3 que s\u00f3lo hubo una participaci\u00f3n de entre el 17 y el 18,2% de los votos, es decir, menos de la mitad de los necesarios.<br \/>\nLa cifra surge de una encuesta &#8220;exit poll&#8221; (a boca de urna) integrada por 2.000 entrevistas realizadas a personas que fueron acudieron votar, se\u00f1al\u00f3 Alejandro Moreno, director de encuestas del matutino especializado, quien dijo que &#8220;el perfil de los votantes&#8221; es oficialista, integrado por &#8220;beneficiarios de programas sociales&#8221; del gobierno.<br \/>\nEl INE ofreci\u00f3 el resultado del conteo r\u00e1pido del referendo, basado en una muestra de 1.830 mesas de votaci\u00f3n elegidas aleatoriamente, para entre las 21:00 y las 22 horas locales (03:00 GMT), pero el anuncio se aplaz\u00f3 un poco.<br \/>\nEn cambio, inform\u00f3 desde el cierre de las urnas el resultado de los c\u00f3mputos ordinarios, que avanzaban con lentitud, los cuales arrojaban hasta ahora, con 3,8% de los votos computados, que 90% de los ciudadanos favorec\u00edan a L\u00f3pez Obrador y s\u00f3lo 8,1% apoyaban su salida del poder.<br \/>\nApenas concluida la votaci\u00f3n, el presidente del gobernante Movimiento de Regeneraci\u00f3n Nacional (Morena, centroizquierda) Mario Delgado, proclam\u00f3 la victoria del jefe de Estado y dijo que este ejercicio &#8220;fue un \u00e9xito para nuestra democracia&#8221;.<br \/>\nLa consulta para revocar el mandato de L\u00f3pez Obrador, que concluy\u00f3 a las 18:00 horas locales (01:00 GMT) en la mayor parte del pa\u00eds (centro y sur) y dos horas despu\u00e9s en los estados con husos horarios diferentes (zona norte), transcurri\u00f3 con casi total normalidad, excepto unos pocos incidentes menores.<br \/>\nEntre las anomal\u00edas figur\u00f3 la suspensi\u00f3n del funcionamiento de 10 casillas, ocho por violencia y dos por robo de material electoral, as\u00ed como el arresto de al menos tres personas en el estado norte\u00f1o de Tamaulipas.<br \/>\nLa afluencia de votantes fue irregular por cuanto en algunas zonas, como el sure\u00f1o estado de Tabasco, donde naci\u00f3 L\u00f3pez Obrador, que est\u00e1 a la mitad de su mandato, hubo amplia participaci\u00f3n, pero en otras regiones hubo un alto ausentismo. El presidente del INE, Lorenzo C\u00f3rdova, dijo que, a pesar de los incidentes, la jornada fue &#8220;definitivamente exitosa&#8221;.<\/p>\n","protected":false},"excerpt":{"rendered":"<p>&nbsp; Andr\u00e9s L\u00f3pez Obrador, presidente de M\u00e9xico &#8211; Victoria agridulce porque no alcanz\u00f3 cifra para ser vinculante CIUDAD DE MEXICO, 12 APR &#8211; La inmensa&hellip;<\/p>\n","protected":false},"author":99,"featured_media":502572,"comment_status":"open","ping_status":"open","sticky":false,"template":"","format":"standard","meta":{"footnotes":""},"categories":[23],"tags":[],"class_list":["post-502571","post","type-post","status-publish","format-standard","has-post-thumbnail","hentry","category-latinoamerica"],"_links":{"self":[{"href":"https:\/\/diarioelpopular.com\/index.php\/wp-json\/wp\/v2\/posts\/502571","targetHints":{"allow":["GET"]}}],"collection":[{"href":"https:\/\/diarioelpopular.com\/index.php\/wp-json\/wp\/v2\/posts"}],"about":[{"href":"https:\/\/diarioelpopular.com\/index.php\/wp-json\/wp\/v2\/types\/post"}],"author":[{"embeddable":true,"href":"https:\/\/diarioelpopular.com\/index.php\/wp-json\/wp\/v2\/users\/99"}],"replies":[{"embeddable":true,"href":"https:\/\/diarioelpopular.com\/index.php\/wp-json\/wp\/v2\/comments?post=502571"}],"version-history":[{"count":1,"href":"https:\/\/diarioelpopular.com\/index.php\/wp-json\/wp\/v2\/posts\/502571\/revisions"}],"predecessor-version":[{"id":502573,"href":"https:\/\/diarioelpopular.com\/index.php\/wp-json\/wp\/v2\/posts\/502571\/revisions\/502573"}],"wp:featuredmedia":[{"embeddable":true,"href":"https:\/\/diarioelpopular.com\/index.php\/wp-json\/wp\/v2\/media\/502572"}],"wp:attachment":[{"href":"https:\/\/diarioelpopular.com\/index.php\/wp-json\/wp\/v2\/media?parent=502571"}],"wp:term":[{"taxonomy":"category","embeddable":true,"href":"https:\/\/diarioelpopular.com\/index.php\/wp-json\/wp\/v2\/categories?post=502571"},{"taxonomy":"post_tag","embeddable":true,"href":"https:\/\/diarioelpopular.com\/index.php\/wp-json\/wp\/v2\/tags?post=502571"}],"curies":[{"name":"wp","href":"https:\/\/api.w.org\/{rel}","templated":true}]}}