{"id":502574,"date":"2022-04-12T09:18:03","date_gmt":"2022-04-12T13:18:03","guid":{"rendered":"https:\/\/diarioelpopular.com\/?p=502574"},"modified":"2022-04-12T09:18:03","modified_gmt":"2022-04-12T13:18:03","slug":"peru-otorgan-a-kuczynski-la-libertad-vigilada","status":"publish","type":"post","link":"https:\/\/diarioelpopular.com\/index.php\/2022\/04\/12\/peru-otorgan-a-kuczynski-la-libertad-vigilada\/","title":{"rendered":"Per\u00fa: Otorgan a Kuczynski la libertad vigilada"},"content":{"rendered":"<h4><\/h4>\n<p><img loading=\"lazy\" decoding=\"async\" class=\"alignnone size-custom-full-size wp-image-502575\" src=\"https:\/\/diarioelpopular.com\/wp-content\/uploads\/2022\/04\/8098ee65bda1d8b4b4e56c83eb0c221e.jpg\" alt=\"\" width=\"476\" height=\"317\" srcset=\"https:\/\/diarioelpopular.com\/wp-content\/uploads\/2022\/04\/8098ee65bda1d8b4b4e56c83eb0c221e.jpg 476w, https:\/\/diarioelpopular.com\/wp-content\/uploads\/2022\/04\/8098ee65bda1d8b4b4e56c83eb0c221e-300x200.jpg 300w, https:\/\/diarioelpopular.com\/wp-content\/uploads\/2022\/04\/8098ee65bda1d8b4b4e56c83eb0c221e-110x73.jpg 110w\" sizes=\"auto, (max-width: 476px) 100vw, 476px\" \/><\/p>\n<p>Otorgan a Kuczynski la libertad vigilada en Per\u00fa<\/p>\n<h4><em><strong>&#8211; Despu\u00e9s de tres a\u00f1os bajo arresto domiciliario.<\/strong><\/em><\/h4>\n<p><em><strong>LIMA, 12 APR &#8211;<\/strong><\/em> La justicia peruana concedi\u00f3 al expresidente Pedro Pablo Kuczynski la libertad condicional, luego de tres a\u00f1os de prisi\u00f3n domiciliaria.<br \/>\nA pedido de la fiscal\u00eda, el juez Jorge Ch\u00e1vez dispuso el domingo concederle la libertad vigilada al ex jefe de Estado, que est\u00e1 a la espera el desarrollo del proceso conocido como Westfield, en el cual se lo acusa de corrupci\u00f3n en el marco de los sobornos pagados por la constructora brasile\u00f1a Odebrecht, inform\u00f3 hoy la prensa local.<br \/>\nKuczynski, o PPK, tiene prohibido comunicarse con otros imputados en la causa ni hacer declaraciones sobre la misma, deber\u00e1 presentarse cada 30 d\u00edas ante el tribunal y no podr\u00e1 dejar Lima sin la autorizaci\u00f3n de la justicia.<br \/>\nPPK, que gobern\u00f3 entre julio de 2016 y marzo de 2018, en 2017 concedi\u00f3 un pol\u00e9mico indulto al ex presidente Alberto Fujimori, encarcelado por delitos de lesa humanidad, que revoc\u00f3 al a\u00f1o siguiente. Las pol\u00e9micas por esta situaci\u00f3n forzaron su renuncia.<\/p>\n","protected":false},"excerpt":{"rendered":"<p>Otorgan a Kuczynski la libertad vigilada en Per\u00fa &#8211; Despu\u00e9s de tres a\u00f1os bajo arresto domiciliario. LIMA, 12 APR &#8211; La justicia peruana concedi\u00f3 al&hellip;<\/p>\n","protected":false},"author":99,"featured_media":502575,"comment_status":"open","ping_status":"open","sticky":false,"template":"","format":"standard","meta":{"footnotes":""},"categories":[23],"tags":[],"class_list":["post-502574","post","type-post","status-publish","format-standard","has-post-thumbnail","hentry","category-latinoamerica"],"_links":{"self":[{"href":"https:\/\/diarioelpopular.com\/index.php\/wp-json\/wp\/v2\/posts\/502574","targetHints":{"allow":["GET"]}}],"collection":[{"href":"https:\/\/diarioelpopular.com\/index.php\/wp-json\/wp\/v2\/posts"}],"about":[{"href":"https:\/\/diarioelpopular.com\/index.php\/wp-json\/wp\/v2\/types\/post"}],"author":[{"embeddable":true,"href":"https:\/\/diarioelpopular.com\/index.php\/wp-json\/wp\/v2\/users\/99"}],"replies":[{"embeddable":true,"href":"https:\/\/diarioelpopular.com\/index.php\/wp-json\/wp\/v2\/comments?post=502574"}],"version-history":[{"count":1,"href":"https:\/\/diarioelpopular.com\/index.php\/wp-json\/wp\/v2\/posts\/502574\/revisions"}],"predecessor-version":[{"id":502576,"href":"https:\/\/diarioelpopular.com\/index.php\/wp-json\/wp\/v2\/posts\/502574\/revisions\/502576"}],"wp:featuredmedia":[{"embeddable":true,"href":"https:\/\/diarioelpopular.com\/index.php\/wp-json\/wp\/v2\/media\/502575"}],"wp:attachment":[{"href":"https:\/\/diarioelpopular.com\/index.php\/wp-json\/wp\/v2\/media?parent=502574"}],"wp:term":[{"taxonomy":"category","embeddable":true,"href":"https:\/\/diarioelpopular.com\/index.php\/wp-json\/wp\/v2\/categories?post=502574"},{"taxonomy":"post_tag","embeddable":true,"href":"https:\/\/diarioelpopular.com\/index.php\/wp-json\/wp\/v2\/tags?post=502574"}],"curies":[{"name":"wp","href":"https:\/\/api.w.org\/{rel}","templated":true}]}}