{"id":502617,"date":"2022-04-14T09:32:49","date_gmt":"2022-04-14T13:32:49","guid":{"rendered":"https:\/\/diarioelpopular.com\/?p=502617"},"modified":"2022-04-14T09:32:49","modified_gmt":"2022-04-14T13:32:49","slug":"la-inflacion-se-dispara-en-argentina","status":"publish","type":"post","link":"https:\/\/diarioelpopular.com\/index.php\/2022\/04\/14\/la-inflacion-se-dispara-en-argentina\/","title":{"rendered":"La inflaci\u00f3n se dispara en Argentina"},"content":{"rendered":"<p>&nbsp;<\/p>\n<p><img loading=\"lazy\" decoding=\"async\" class=\"alignnone size-custom-full-size wp-image-502618\" src=\"https:\/\/diarioelpopular.com\/wp-content\/uploads\/2022\/04\/5c5e3bf10bb1579b2b3b3c423fc202c1.jpg\" alt=\"\" width=\"476\" height=\"317\" srcset=\"https:\/\/diarioelpopular.com\/wp-content\/uploads\/2022\/04\/5c5e3bf10bb1579b2b3b3c423fc202c1.jpg 476w, https:\/\/diarioelpopular.com\/wp-content\/uploads\/2022\/04\/5c5e3bf10bb1579b2b3b3c423fc202c1-300x200.jpg 300w, https:\/\/diarioelpopular.com\/wp-content\/uploads\/2022\/04\/5c5e3bf10bb1579b2b3b3c423fc202c1-110x73.jpg 110w\" sizes=\"auto, (max-width: 476px) 100vw, 476px\" \/><\/p>\n<p>&nbsp;<\/p>\n<p><em><strong>BUENOS AIRES 14 ABR &#8211;<\/strong><\/em> La inflaci\u00f3n en Argentina trep\u00f3 al 6,7% mensual en marzo, el peor registro desde abril de 2002, cuando arreciaba la crisis del corralito, seg\u00fan datos proporcionados hoy por el Instituto Nacional de Estad\u00edstica y Censos (Indec).<br \/>\nDe esta manera, la inflaci\u00f3n minorista acumul\u00f3 una suba del 16,1% en el primer trimestre del a\u00f1o y del 55,1% en los \u00faltimos 12 meses.<br \/>\nTres rubros lideraron la suba: Educaci\u00f3n con un alza del 23,6%, por el incremento de las cuotas de los colegios privados; prendas de vestir y calzado, con un avance del 10,9% a ra\u00edz del cambio de temporada; y vivienda, agua, electricidad y gas, con un aumento de 7,7%, por el ajuste de tarifas.<br \/>\nOtro de los factores que sostienen esa suba es el elevado aumento de los alimentos y bebidas, de un 7,2%.<br \/>\nEl incremento de los alimentos es el rubro m\u00e1s sensible por su impacto entre los m\u00e1s pobres. Ante esta situaci\u00f3n, la conflictividad en la calle crece junto con la p\u00e9rdida del poder de compra de la moneda local.<br \/>\nEste mismo mi\u00e9rcoles, organizaciones sociales no alineadas con el gobierno marcharon hacia la Plaza de Mayo y cortaron durante horas la 9 de Julio, la principal avenida de la ciudad de Buenos Aires.<br \/>\nEl ministro de Econom\u00eda argentino, Mart\u00edn Guzm\u00e1n, ya hab\u00eda anticipado el lunes, en una entrevista que dio a un programa televisivo, que la inflaci\u00f3n iba a superar el 6%.<br \/>\nSeg\u00fan Guzm\u00e1n, &#8220;la inflaci\u00f3n no se va a reducir (s\u00f3lo) con pol\u00edticas de precios&#8221; sino que &#8220;se ataca con pol\u00edtica macroecon\u00f3mica&#8221;.<br \/>\nPara ello &#8220;se necesita un programa econ\u00f3mico que ya existe&#8221;, pero que &#8220;hace falta un apoyo pol\u00edtico claro en lugar de llevar acciones que generan incertidumbre&#8221;.<br \/>\nEl ministro aludi\u00f3 as\u00ed a la disputa pol\u00edtica que atraviesa a la coalici\u00f3n gobernante, cuyos protagonistas son justamente el presidente, Alberto Fern\u00e1ndez, y la vicepresidenta, Cristina Fern\u00e1ndez, con posiciones diferentes respecto de c\u00f3mo enfrentar la inflaci\u00f3n y las tratativas para pagar la deuda al Fondo Monetario Internacional (FMI).<br \/>\nEl organismo financiero internacional someter\u00e1 a Argentina a revisiones trimestrales del FMI, la primera el pr\u00f3ximo mes pr\u00f3ximo. El pa\u00eds necesita pasar la prueba para que lleguen los 4.100 millones de d\u00f3lares del segundo desembolso previsto.<br \/>\nCuando termine el acuerdo, dentro de 30 meses, Argentina habr\u00e1 recibido 45.000 millones de d\u00f3lares, que usar\u00e1 para cancelar d\u00f3lar por d\u00f3lar la deuda que asumi\u00f3 en 2018 el entonces presidente Mauricio Macri con el FMI.<\/p>\n","protected":false},"excerpt":{"rendered":"<p>&nbsp; &nbsp; BUENOS AIRES 14 ABR &#8211; La inflaci\u00f3n en Argentina trep\u00f3 al 6,7% mensual en marzo, el peor registro desde abril de 2002, cuando&hellip;<\/p>\n","protected":false},"author":99,"featured_media":502618,"comment_status":"open","ping_status":"open","sticky":false,"template":"","format":"standard","meta":{"footnotes":""},"categories":[23],"tags":[],"class_list":["post-502617","post","type-post","status-publish","format-standard","has-post-thumbnail","hentry","category-latinoamerica"],"_links":{"self":[{"href":"https:\/\/diarioelpopular.com\/index.php\/wp-json\/wp\/v2\/posts\/502617","targetHints":{"allow":["GET"]}}],"collection":[{"href":"https:\/\/diarioelpopular.com\/index.php\/wp-json\/wp\/v2\/posts"}],"about":[{"href":"https:\/\/diarioelpopular.com\/index.php\/wp-json\/wp\/v2\/types\/post"}],"author":[{"embeddable":true,"href":"https:\/\/diarioelpopular.com\/index.php\/wp-json\/wp\/v2\/users\/99"}],"replies":[{"embeddable":true,"href":"https:\/\/diarioelpopular.com\/index.php\/wp-json\/wp\/v2\/comments?post=502617"}],"version-history":[{"count":1,"href":"https:\/\/diarioelpopular.com\/index.php\/wp-json\/wp\/v2\/posts\/502617\/revisions"}],"predecessor-version":[{"id":502619,"href":"https:\/\/diarioelpopular.com\/index.php\/wp-json\/wp\/v2\/posts\/502617\/revisions\/502619"}],"wp:featuredmedia":[{"embeddable":true,"href":"https:\/\/diarioelpopular.com\/index.php\/wp-json\/wp\/v2\/media\/502618"}],"wp:attachment":[{"href":"https:\/\/diarioelpopular.com\/index.php\/wp-json\/wp\/v2\/media?parent=502617"}],"wp:term":[{"taxonomy":"category","embeddable":true,"href":"https:\/\/diarioelpopular.com\/index.php\/wp-json\/wp\/v2\/categories?post=502617"},{"taxonomy":"post_tag","embeddable":true,"href":"https:\/\/diarioelpopular.com\/index.php\/wp-json\/wp\/v2\/tags?post=502617"}],"curies":[{"name":"wp","href":"https:\/\/api.w.org\/{rel}","templated":true}]}}