{"id":502620,"date":"2022-04-14T09:35:49","date_gmt":"2022-04-14T13:35:49","guid":{"rendered":"https:\/\/diarioelpopular.com\/?p=502620"},"modified":"2022-04-14T09:35:49","modified_gmt":"2022-04-14T13:35:49","slug":"ecuador-lasso-anticipa-decision-de-ir-a-consulta-popular","status":"publish","type":"post","link":"https:\/\/diarioelpopular.com\/index.php\/2022\/04\/14\/ecuador-lasso-anticipa-decision-de-ir-a-consulta-popular\/","title":{"rendered":"Ecuador: Lasso anticipa decisi\u00f3n de ir a consulta popular"},"content":{"rendered":"<p>&nbsp;<\/p>\n<p><img loading=\"lazy\" decoding=\"async\" class=\"alignnone size-custom-full-size wp-image-502621\" src=\"https:\/\/diarioelpopular.com\/wp-content\/uploads\/2022\/04\/ECUADOR-GAL--PAGOS_40066-636x358.jpg\" alt=\"\" width=\"636\" height=\"358\" srcset=\"https:\/\/diarioelpopular.com\/wp-content\/uploads\/2022\/04\/ECUADOR-GAL--PAGOS_40066-636x358.jpg 636w, https:\/\/diarioelpopular.com\/wp-content\/uploads\/2022\/04\/ECUADOR-GAL--PAGOS_40066-300x169.jpg 300w, https:\/\/diarioelpopular.com\/wp-content\/uploads\/2022\/04\/ECUADOR-GAL--PAGOS_40066-768x432.jpg 768w, https:\/\/diarioelpopular.com\/wp-content\/uploads\/2022\/04\/ECUADOR-GAL--PAGOS_40066-130x73.jpg 130w, https:\/\/diarioelpopular.com\/wp-content\/uploads\/2022\/04\/ECUADOR-GAL--PAGOS_40066.jpg 1024w\" sizes=\"auto, (max-width: 636px) 100vw, 636px\" \/><\/p>\n<p><em>El presidente de Ecuador, Guillermo Lasso, habla en una ceremonia donde comunica que ampl\u00eda la Reserva Mar\u00edtima de Gal\u00e1pagos en 60.000 kil\u00f3metros cuadrados, a bordo del buque de investigaci\u00f3n Sierra Negra en Puerto Ayora, Islas Gal\u00e1pagos, Ecuador, el viernes 14 de enero de 2022. <\/em><\/p>\n<p><em>(AP Foto\/Dolores Ochoa) DOLORES OCHOA AP<\/em><\/p>\n<p>&nbsp;<\/p>\n<p><em><strong>QUITO, 14 Abr.-\u00a0<\/strong><\/em> El presidente Guillermo Lasso dijo el martes que a fines de abril se iniciar\u00e1n los tr\u00e1mites formales para impulsar una consulta popular destinada a generar reformas a la constituci\u00f3n del Ecuador. En una entrevista difundida desde el Palacio de Carondelet \u2014sede del gobierno\u2014 el mandatario destac\u00f3 que la intenci\u00f3n de las enmiendas apuntar\u00eda a fortalecer el sistema pol\u00edtico y la gobernabilidad. Agreg\u00f3 que se consultar\u00e1 a los ecuatorianos sobre una propuesta de ley de inversiones y generaci\u00f3n de empleo que fue rechazada hace poco por la legislatura. Lasso defiende esa iniciativa como un puntal de su gesti\u00f3n para reactivar la econom\u00eda, atraer 30.000 millones de d\u00f3lares en inversi\u00f3n privada interna y externa en los pr\u00f3ximos tres a\u00f1os y, sobre todo, generar miles de puestos de trabajo. Las leyes ecuatorianas permiten que mediante consultas populares se puedan realizar enmiendas constitucionales, pero con la condici\u00f3n de que no produzcan transformaciones a la estructura del Estado. Lasso se\u00f1al\u00f3 que el gobierno tiene derecho a someter la ley de inversiones &#8220;a consulta popular para que sea el pueblo que decida su futuro y no sean con honrosas excepciones, unos&#8230; (asamble\u00edstas) que est\u00e1n ah\u00ed solamente para cuidar su patrimonio personal\u201d y no para trabajar en beneficio del pueblo y del pa\u00eds, agreg\u00f3.<\/p>\n<p>Destac\u00f3 que desde su llegada al poder el 24 de mayo del a\u00f1o pasado \u2014cuando seg\u00fan dijo encontr\u00f3 un pa\u00eds desfinanciado y virtualmente paralizado\u2014 ha logrado inversiones de unos 5.000 millones de d\u00f3lares \u201ca pesar de no tener la ley de inversi\u00f3n, a pesar de que los se\u00f1ores de la Asamblea le dan la espalda al Ecuador\u201d. Insisti\u00f3 que se ha propuesto gobernar mediante decretos y reformas a reglamentos y sin mayor interacci\u00f3n con la Asamblea, dominada por la oposici\u00f3n y que sistem\u00e1ticamente ha negado las iniciativas del Ejecutivo.<\/p>\n","protected":false},"excerpt":{"rendered":"<p>&nbsp; El presidente de Ecuador, Guillermo Lasso, habla en una ceremonia donde comunica que ampl\u00eda la Reserva Mar\u00edtima de Gal\u00e1pagos en 60.000 kil\u00f3metros cuadrados, a&hellip;<\/p>\n","protected":false},"author":99,"featured_media":502621,"comment_status":"open","ping_status":"open","sticky":false,"template":"","format":"standard","meta":{"footnotes":""},"categories":[23],"tags":[],"class_list":["post-502620","post","type-post","status-publish","format-standard","has-post-thumbnail","hentry","category-latinoamerica"],"_links":{"self":[{"href":"https:\/\/diarioelpopular.com\/index.php\/wp-json\/wp\/v2\/posts\/502620","targetHints":{"allow":["GET"]}}],"collection":[{"href":"https:\/\/diarioelpopular.com\/index.php\/wp-json\/wp\/v2\/posts"}],"about":[{"href":"https:\/\/diarioelpopular.com\/index.php\/wp-json\/wp\/v2\/types\/post"}],"author":[{"embeddable":true,"href":"https:\/\/diarioelpopular.com\/index.php\/wp-json\/wp\/v2\/users\/99"}],"replies":[{"embeddable":true,"href":"https:\/\/diarioelpopular.com\/index.php\/wp-json\/wp\/v2\/comments?post=502620"}],"version-history":[{"count":1,"href":"https:\/\/diarioelpopular.com\/index.php\/wp-json\/wp\/v2\/posts\/502620\/revisions"}],"predecessor-version":[{"id":502622,"href":"https:\/\/diarioelpopular.com\/index.php\/wp-json\/wp\/v2\/posts\/502620\/revisions\/502622"}],"wp:featuredmedia":[{"embeddable":true,"href":"https:\/\/diarioelpopular.com\/index.php\/wp-json\/wp\/v2\/media\/502621"}],"wp:attachment":[{"href":"https:\/\/diarioelpopular.com\/index.php\/wp-json\/wp\/v2\/media?parent=502620"}],"wp:term":[{"taxonomy":"category","embeddable":true,"href":"https:\/\/diarioelpopular.com\/index.php\/wp-json\/wp\/v2\/categories?post=502620"},{"taxonomy":"post_tag","embeddable":true,"href":"https:\/\/diarioelpopular.com\/index.php\/wp-json\/wp\/v2\/tags?post=502620"}],"curies":[{"name":"wp","href":"https:\/\/api.w.org\/{rel}","templated":true}]}}