{"id":502659,"date":"2022-04-18T17:39:52","date_gmt":"2022-04-18T21:39:52","guid":{"rendered":"https:\/\/diarioelpopular.com\/?p=502659"},"modified":"2022-04-18T17:39:52","modified_gmt":"2022-04-18T21:39:52","slug":"cronicas-cita-con-la-parca","status":"publish","type":"post","link":"https:\/\/diarioelpopular.com\/index.php\/2022\/04\/18\/cronicas-cita-con-la-parca\/","title":{"rendered":"CR\u00d3NICAS. Cita con la Parca"},"content":{"rendered":"<p class=\"p1\"><em>Por: Luc\u00eda P. de Garc\u00eda<span class=\"Apple-converted-space\">\u00a0<\/span><\/em><\/p>\n<p class=\"p1\"><em><strong>Toronto.<\/strong><\/em>&#8211; El mismo d\u00eda, mes y a\u00f1o, 23 de abril 1616, la Parca cit\u00f3 a tres personajes de la literatura para que le acompa\u00f1aran al viaje sin retorno que emprende constantemente por el mundo: William Shakespeare, Miguel de Cervantes Saavedra, Inca Garcilaso de la Vega. <span class=\"Apple-converted-space\">\u00a0<\/span><\/p>\n<p class=\"p1\">El primero naci\u00f3 un 23 de abril 1564 en Strat-ford-upon-Avon, Reino Unido. A los 15 a\u00f1os dej\u00f3 de estudiar. Se cas\u00f3 con Anne Hathaway, tuvo tres hijos. Fue actor secundario, productor, director. La peste de 1593 forz\u00f3 el cierre de teatros, lapso en el cual se dedic\u00f3 a escribir. Si bien William Shakespeare se encamin\u00f3 por la prosa, la poes\u00eda marca su obra, caracterizada por evidenciar obscuros recovecos de la mente humana, nobles sentimientos, romanticismo, humor, tragedia. Su trabajo consta de algunos sonetos, piezas de teatro y literatura como Macbeth, Hamlet, Romeo y Julieta, Sue\u00f1o de una Noche de Verano, etc. Al fallecer hab\u00eda alcanzado dinero y fama.<\/p>\n<p class=\"p1\">Miguel de Cervantes Saavedra naci\u00f3 el 29 de septiembre 1547 en Alcal\u00e1 de Henares. Su familia era culta y pobre. Por un problema con la justicia fue a Italia, enrol\u00e1ndose al ej\u00e9rcito. En 1570 perdi\u00f3 la mano izquierda en la batalla que le dio a conocer como el \u201cManco de Lepanto\u201d. La galera que le volv\u00eda a Espa\u00f1a fue atacada por turcos, le llevaron preso a Argelia. Su familia pag\u00f3 el rescate cinco a\u00f1os despu\u00e9s. En 1584 se cas\u00f3 con Catalina Salazar de Palacios, no tuvieron hijos. Fuera de matrimonio tuvo una hija y dos hijos. A los 19 a\u00f1os de edad empez\u00f3 a escribir. Con gran imaginaci\u00f3n hizo poemas y prosa. Se destacan La Numancia, El trato de Argel, La Galatea, Novelas Ejemplares. La m\u00e1s importante, El Ingenioso Hidalgo Don Quijote de la Mancha (primera parte en 1605, segunda en 1615) si bien no alivi\u00f3 su econom\u00eda le brind\u00f3 la satisfacci\u00f3n de gran \u00e9xito desde el primer a\u00f1o: seis ediciones y traducci\u00f3n al ingl\u00e9s y al franc\u00e9s.<span class=\"Apple-converted-space\">\u00a0<\/span><\/p>\n<p class=\"p1\">El 12 de abril 1539 en Cuzco, Per\u00fa, naci\u00f3 G\u00f3mez Su\u00e1rez de Figueroa, quien cambi\u00f3 su nombre a Inca Garcilaso de la Vega por un antepasado paterno escritor y se antepuso Inca por su alcurnia<span class=\"Apple-converted-space\">\u00a0 <\/span>materna. Sus progenitores, linajudo conquistador espa\u00f1ol y princesa inca, les dieron a \u00e9l y a su hermana una educaci\u00f3n biling\u00fce, bicultural, cat\u00f3lica. Viaj\u00f3 por Sudam\u00e9rica y parte de Europa, radic\u00e1ndose en Espa\u00f1a, donde vivi\u00f3 con comodidad, aunque luchando contra las contradicciones de su origen. Se cas\u00f3 con Beatriz de la Vega, tuvieron un hijo. Se enrumb\u00f3 por la literatura a sus 51 a\u00f1os de edad, al traducir un texto sefard\u00ed. Sus mejores obras: La Florida del Inca, Comentarios Reales de los Incas, Historia General de Per\u00fa, lo muestran como genealogista, historiador, testigo de la alta civilizaci\u00f3n Inca, dolido como mestizo por la Conquista que destruy\u00f3 el Incario en vez de perfeccionarlo con la evangelizaci\u00f3n. Por su trabajo lleno de a\u00f1oranzas, afectos, donde vence tragedia con esperanza, es considerado el padre de las letras del continente americano. <span class=\"Apple-converted-space\">\u00a0<\/span><\/p>\n<p class=\"p1\">En honor a estos tres ilustres, la Conferencia General de la UNESCO 1995 instaur\u00f3 el 23 de Abril como el D\u00eda del Libro, celebraci\u00f3n mundial que busca difundir la lectura, combatir la pobreza y crear una paz sostenible mediante el mensaje m\u00e1gico, estimulante y bello de los libros\u2026<\/p>\n","protected":false},"excerpt":{"rendered":"<p>Por: Luc\u00eda P. de Garc\u00eda\u00a0 Toronto.&#8211; El mismo d\u00eda, mes y a\u00f1o, 23 de abril 1616, la Parca cit\u00f3 a tres personajes de la literatura&hellip;<\/p>\n","protected":false},"author":99,"featured_media":0,"comment_status":"open","ping_status":"open","sticky":false,"template":"","format":"standard","meta":{"footnotes":""},"categories":[21],"tags":[],"class_list":["post-502659","post","type-post","status-publish","format-standard","hentry","category-canada"],"_links":{"self":[{"href":"https:\/\/diarioelpopular.com\/index.php\/wp-json\/wp\/v2\/posts\/502659","targetHints":{"allow":["GET"]}}],"collection":[{"href":"https:\/\/diarioelpopular.com\/index.php\/wp-json\/wp\/v2\/posts"}],"about":[{"href":"https:\/\/diarioelpopular.com\/index.php\/wp-json\/wp\/v2\/types\/post"}],"author":[{"embeddable":true,"href":"https:\/\/diarioelpopular.com\/index.php\/wp-json\/wp\/v2\/users\/99"}],"replies":[{"embeddable":true,"href":"https:\/\/diarioelpopular.com\/index.php\/wp-json\/wp\/v2\/comments?post=502659"}],"version-history":[{"count":1,"href":"https:\/\/diarioelpopular.com\/index.php\/wp-json\/wp\/v2\/posts\/502659\/revisions"}],"predecessor-version":[{"id":502660,"href":"https:\/\/diarioelpopular.com\/index.php\/wp-json\/wp\/v2\/posts\/502659\/revisions\/502660"}],"wp:attachment":[{"href":"https:\/\/diarioelpopular.com\/index.php\/wp-json\/wp\/v2\/media?parent=502659"}],"wp:term":[{"taxonomy":"category","embeddable":true,"href":"https:\/\/diarioelpopular.com\/index.php\/wp-json\/wp\/v2\/categories?post=502659"},{"taxonomy":"post_tag","embeddable":true,"href":"https:\/\/diarioelpopular.com\/index.php\/wp-json\/wp\/v2\/tags?post=502659"}],"curies":[{"name":"wp","href":"https:\/\/api.w.org\/{rel}","templated":true}]}}