{"id":502705,"date":"2022-04-20T09:25:13","date_gmt":"2022-04-20T13:25:13","guid":{"rendered":"https:\/\/diarioelpopular.com\/?p=502705"},"modified":"2022-04-20T09:25:13","modified_gmt":"2022-04-20T13:25:13","slug":"chile-el-parlamento-talon-de-aquiles-de-boric","status":"publish","type":"post","link":"https:\/\/diarioelpopular.com\/index.php\/2022\/04\/20\/chile-el-parlamento-talon-de-aquiles-de-boric\/","title":{"rendered":"Chile: El Parlamento, tal\u00f3n de Aquiles de Boric"},"content":{"rendered":"<h4><\/h4>\n<h4><em><strong><img loading=\"lazy\" decoding=\"async\" class=\"alignnone size-custom-full-size wp-image-502706\" src=\"https:\/\/diarioelpopular.com\/wp-content\/uploads\/2022\/04\/1814b0c9079152cb5d7cc3210621e1cd.jpg\" alt=\"\" width=\"476\" height=\"317\" srcset=\"https:\/\/diarioelpopular.com\/wp-content\/uploads\/2022\/04\/1814b0c9079152cb5d7cc3210621e1cd.jpg 476w, https:\/\/diarioelpopular.com\/wp-content\/uploads\/2022\/04\/1814b0c9079152cb5d7cc3210621e1cd-300x200.jpg 300w, https:\/\/diarioelpopular.com\/wp-content\/uploads\/2022\/04\/1814b0c9079152cb5d7cc3210621e1cd-110x73.jpg 110w\" sizes=\"auto, (max-width: 476px) 100vw, 476px\" \/><\/strong><\/em><\/h4>\n<h4><em>El Parlamento, tal\u00f3n de Aquiles de Boric (foto: EPA)<\/em><\/h4>\n<p>&nbsp;<\/p>\n<h4><em><strong>&#8211; D\u00edscolos e independientes act\u00faan por su cuenta<\/strong><\/em><\/h4>\n<p><em><strong>SANTIAGO DE CHILE, 20 APR &#8211;<\/strong><\/em> El Parlamento chileno es un tal\u00f3n de Aquiles para el gobierno del presidente, Gabriel Boric, que este lunes fracas\u00f3 en su intento de aprobar un proyecto para ayudar a los sectores m\u00e1s pobres usando los recursos del sistema previsional.<br \/>\nLa C\u00e1mara de Diputados discuti\u00f3 el quinto retiro universal del 10% de los fondos de pensiones impulsado por parlamentarios y otro acotado levantado por el Ejecutivo para frenar el primero. Los dos fueron rechazados.<br \/>\nEl mandatario requer\u00eda 78 votos para visar la iniciativa, pero en la C\u00e1mara de Diputados s\u00f3lo consigui\u00f3 68 sufragios, por lo que fue rechazada.<br \/>\nEste rechazo dej\u00f3 en evidencias las dificultades de Boric para obtener respaldo en la C\u00e1mara, pese a que las dos coaliciones pol\u00edticas que respaldan a su gobierno re\u00fanen a 80 de los 155 diputados.<br \/>\nLa cifra es muy exigua porque en cada coalici\u00f3n hay d\u00edscolos e independientes que aparecen en las bancadas oficialistas, pero no act\u00faan en conjunto.<br \/>\nSeg\u00fan Marco Moreno, director de la Escuela de Gobierno y Comunicaciones de la Universidad Central, la votaci\u00f3n del lunes &#8220;muestra un complejo clima de fraccionamiento, de atomizaci\u00f3n, que hace dif\u00edcil la gesti\u00f3n de cualquier gobierno, m\u00e1s a\u00fan este que es un gobierno que tiene dos coaliciones&#8221;.<br \/>\nSeg\u00fan el cientista pol\u00edtico, el gobierno de Boric mostr\u00f3 incapacidad pol\u00edtica para generar las mayor\u00edas.<br \/>\n&#8220;Eso refleja la poca habilidad que tiene el Gobierno para fidelizar a los suyos y a los m\u00e1s cercanos para aprobar los proyectos de ley&#8221;, asever\u00f3.<br \/>\nEl diputado Marcos Ilabaca, del Partido Socialista uno de los que respalda a Boric, fue pesimista indicando que la votaci\u00f3n del lunes reflej\u00f3 que &#8220;no vamos a llegar a ninguna parte al intentar llevar adelante el programa transformador del Gobierno&#8221;.<br \/>\nPara el presidente de la C\u00e1mara, Ra\u00fal Soto, del tambi\u00e9n oficialista Partido por la Democracia, tras el rechazo del proyecto de Boric ning\u00fan sector se puede adjudicar un triunfo.<br \/>\n&#8220;El balance es justamente que nadie gana. Aqu\u00ed hay una situaci\u00f3n de p\u00e9rdida para el Gobierno, para el Congreso y, sobre todo, para la gente&#8221;, afirm\u00f3.<br \/>\nPara el opositor diputado Sergio Bobadilla, de la derechista Uni\u00f3n Dem\u00f3crata Independiente (UDI), la votaci\u00f3n en la C\u00e1mara de Diputados fue &#8220;una derrota para el Gobierno, producto de su arrogancia y prepotencia con la cual han actuado&#8221;.<br \/>\nEl ministro de la Presidencia, Giorgio Jackson, coment\u00f3 hoy que el rechazo al proyecto gubernamental &#8220;m\u00e1s que una derrota, es una frustraci\u00f3n de expectativas de la ciudadan\u00eda&#8221;.<br \/>\n&#8220;Se rechaz\u00f3 un proyecto que presentamos recogiendo las demandas que nos plantearon los propios parlamentarios. Muchas de ellas ten\u00edan que ver con el tema de pensiones de alimentos, deudas por temas de salud, por temas hipotecarios&#8221;, lament\u00f3 Jackson.<br \/>\n&#8220;Todav\u00eda no logro entender las razones, sino tratar de propinarle una derrota al gobierno. Al final es una derrota para las personas&#8221;, analiz\u00f3 el ministro.<br \/>\nEl presidente Boric, en tanto, pidi\u00f3 hoy &#8220;terminar con la pretensi\u00f3n de que a trav\u00e9s de los ahorros personales de los ciudadanos chilenos se pueden resolver crisis o desigualdades estructurales&#8221;.<br \/>\n&#8220;Eso no le hace bien a Chile, no le hace bien a la econom\u00eda, pero por sobre todo a los mismos ciudadanos&#8221;, postul\u00f3.<br \/>\nBoric reiter\u00f3 que su gobierno persistir\u00e1 en buscar alternativas e invit\u00f3 a los parlamentarios a sumarse para &#8220;ayudar a los grupos m\u00e1s rezagados y actuar con responsabilidad para llevar adelante el proceso de reformas con el que nos comprometimos ante Chile&#8221;.<br \/>\nSeg\u00fan el mandatario, el fracaso del lunes en el parlamento no condiciona &#8220;las reformas estructurales&#8221; que busca impulsar.<br \/>\n&#8220;Yo espero que todos los sectores pol\u00edticos nos pongamos ahora a discutir m\u00e1s all\u00e1 de las leg\u00edtimas diferencias. Creo que para Chile lo importante es que el gobierno sea responsable y pueda sostener medidas de largo plazo m\u00e1s all\u00e1 de la popularidad circunstancial&#8221;, asegur\u00f3.<\/p>\n","protected":false},"excerpt":{"rendered":"<p>El Parlamento, tal\u00f3n de Aquiles de Boric (foto: EPA) &nbsp; &#8211; D\u00edscolos e independientes act\u00faan por su cuenta SANTIAGO DE CHILE, 20 APR &#8211; El&hellip;<\/p>\n","protected":false},"author":99,"featured_media":502706,"comment_status":"open","ping_status":"open","sticky":false,"template":"","format":"standard","meta":{"footnotes":""},"categories":[23],"tags":[],"class_list":["post-502705","post","type-post","status-publish","format-standard","has-post-thumbnail","hentry","category-latinoamerica"],"_links":{"self":[{"href":"https:\/\/diarioelpopular.com\/index.php\/wp-json\/wp\/v2\/posts\/502705","targetHints":{"allow":["GET"]}}],"collection":[{"href":"https:\/\/diarioelpopular.com\/index.php\/wp-json\/wp\/v2\/posts"}],"about":[{"href":"https:\/\/diarioelpopular.com\/index.php\/wp-json\/wp\/v2\/types\/post"}],"author":[{"embeddable":true,"href":"https:\/\/diarioelpopular.com\/index.php\/wp-json\/wp\/v2\/users\/99"}],"replies":[{"embeddable":true,"href":"https:\/\/diarioelpopular.com\/index.php\/wp-json\/wp\/v2\/comments?post=502705"}],"version-history":[{"count":1,"href":"https:\/\/diarioelpopular.com\/index.php\/wp-json\/wp\/v2\/posts\/502705\/revisions"}],"predecessor-version":[{"id":502707,"href":"https:\/\/diarioelpopular.com\/index.php\/wp-json\/wp\/v2\/posts\/502705\/revisions\/502707"}],"wp:featuredmedia":[{"embeddable":true,"href":"https:\/\/diarioelpopular.com\/index.php\/wp-json\/wp\/v2\/media\/502706"}],"wp:attachment":[{"href":"https:\/\/diarioelpopular.com\/index.php\/wp-json\/wp\/v2\/media?parent=502705"}],"wp:term":[{"taxonomy":"category","embeddable":true,"href":"https:\/\/diarioelpopular.com\/index.php\/wp-json\/wp\/v2\/categories?post=502705"},{"taxonomy":"post_tag","embeddable":true,"href":"https:\/\/diarioelpopular.com\/index.php\/wp-json\/wp\/v2\/tags?post=502705"}],"curies":[{"name":"wp","href":"https:\/\/api.w.org\/{rel}","templated":true}]}}