{"id":502721,"date":"2022-04-21T09:47:47","date_gmt":"2022-04-21T13:47:47","guid":{"rendered":"https:\/\/diarioelpopular.com\/?p=502721"},"modified":"2022-04-21T09:47:47","modified_gmt":"2022-04-21T13:47:47","slug":"incertidumbre-en-chile-por-los-cambios-que-traeria-la-nueva-constitucion","status":"publish","type":"post","link":"https:\/\/diarioelpopular.com\/index.php\/2022\/04\/21\/incertidumbre-en-chile-por-los-cambios-que-traeria-la-nueva-constitucion\/","title":{"rendered":"Incertidumbre en Chile por los cambios que traer\u00eda la nueva constituci\u00f3n"},"content":{"rendered":"<p>&nbsp;<\/p>\n<p><img loading=\"lazy\" decoding=\"async\" class=\"alignnone size-custom-full-size wp-image-502722\" src=\"https:\/\/diarioelpopular.com\/wp-content\/uploads\/2022\/04\/constituyente-de-chil-10654794-39245976-20220105200138_39835899_20220420094606.jpg\" alt=\"\" width=\"580\" height=\"365\" srcset=\"https:\/\/diarioelpopular.com\/wp-content\/uploads\/2022\/04\/constituyente-de-chil-10654794-39245976-20220105200138_39835899_20220420094606.jpg 580w, https:\/\/diarioelpopular.com\/wp-content\/uploads\/2022\/04\/constituyente-de-chil-10654794-39245976-20220105200138_39835899_20220420094606-300x189.jpg 300w, https:\/\/diarioelpopular.com\/wp-content\/uploads\/2022\/04\/constituyente-de-chil-10654794-39245976-20220105200138_39835899_20220420094606-116x73.jpg 116w\" sizes=\"auto, (max-width: 580px) 100vw, 580px\" \/><\/p>\n<p><em>Maria Elisa Quinteros (de blanco) presidenta de la Convenci\u00f3n Constitucional.<\/em><\/p>\n<h4 class=\"lead cita\"><em><strong>&#8211; Uno de los cambios que le han restado apoyo a la nueva constituci\u00f3n es la eliminaci\u00f3n del Senado, y la creaci\u00f3n de dos nuevas c\u00e1maras.<\/strong><\/em><\/h4>\n<p>Las masivas protestas de 2019 en Chile derivaron en la instalaci\u00f3n de una convenci\u00f3n constitucional. Esta Asamblea comenz\u00f3 funciones el 3 de julio de 2021 y terminar\u00e1 su labor a finales del mes de abril de este a\u00f1o. El prop\u00f3sito es cambiar la\u00a0constituci\u00f3n\u00a0redactada durante la dictadura de Augusto Pinochet en 1980.<\/p>\n<p>En un principio, el 80% de los chilenos participantes en las elecciones para elegir los 155 diputados, el 15 y 16 de mayo de 2021, estaba a favor de cambiar la constituci\u00f3n. Sin embargo, en una encuesta publicada por una firma llamada Feedback, a marzo de 2022, el 52% de los encuestados considera que es malo o muy malo el desempe\u00f1o de los miembros de la\u00a0Convenci\u00f3n Constitucional.<\/p>\n<p>La nueva Constituci\u00f3n ser\u00e1 sometida a un referendo popular. Otra encuesta de Feedback muestra que el 43.7% de los participantes rechazar\u00e1 la nueva Carta Magna, mientras el 40.8% la aprobar\u00e1.<\/p>\n<p>El clima de aprobaci\u00f3n popular es clave, pues los cambios deben pasar el filtro de unreferendo,\u00a0que ser\u00e1 votado por los chilenos el pr\u00f3ximo 4 de septiembre. Ese es el \u00faltimo paso para que la nueva constituci\u00f3n quede en firme.<\/p>\n<p>Uno de los cambios que le han restado apoyo a la nueva constituci\u00f3n es la eliminaci\u00f3n del Senado, y la creaci\u00f3n de dos nuevas c\u00e1maras. El 13 de abril de 2022, la Convenci\u00f3n Constitucional, en la sesi\u00f3n n\u00famero 82, aprob\u00f3 la creaci\u00f3n de la C\u00e1mara de las Regiones y el Congreso de Diputadas y Diputados.<\/p>\n<p>La C\u00e1mara de las Regiones ser\u00e1, seg\u00fan el art\u00edculo 9 del Oficio N\u00b0 703, \u201cun \u00f3rgano deliberativo, paritario y plurinacional de representaci\u00f3n regional encargado de concurrir a la formaci\u00f3n de las leyes de acuerdo regional y de ejercer las dem\u00e1s facultades encomendadas por esta Constituci\u00f3n\u201d. El art\u00edculo 8 de este mismo Oficio se\u00f1ala que \u201cel Congreso de Diputadas y Diputados tendr\u00e1 por funci\u00f3n fiscalizar los actos del Gobierno\u201d.<\/p>\n<p>La creaci\u00f3n de este nuevo \u00f3rgano legislativo ha provocado fuertes cr\u00edticas en la oposici\u00f3n. Por ejemplo,\u00a0Antonio Kast, quien se enfrent\u00f3 a\u00a0Gabriel Boricen las \u00faltimas elecciones presidenciales, asegur\u00f3 a trav\u00e9s de un programa de YouTube que los cambios que planteaba la Constituyente \u201ctuvieron una elecci\u00f3n mayoritaria, pero no un acuerdo(&#8230;). Las encuestas est\u00e1n mostrando que hoy no est\u00e1 claro si va a ganar el apruebo o rechazo\u201d.<\/p>\n<p>Y a\u00f1adi\u00f3 que la Convenci\u00f3n Constituyente se ha convertido en una especie de \u201csegundo parlamento\u201d, pero \u201cde nivel m\u00e1s bajo\u201d.<\/p>\n<p>Sin embargo, la creaci\u00f3n de este nuevo cuerpo legislativo no es la \u00fanica raz\u00f3n por la que la nueva constituci\u00f3n ha perdido apoyo popular. Existen otras causas como la polarizaci\u00f3n de la sociedad chilena, la falta de credibilidad de los partidos pol\u00edticos y las dificultades que ha tenido la Asamblea Constituyente para comunicar su trabajo.<\/p>\n","protected":false},"excerpt":{"rendered":"<p>&nbsp; Maria Elisa Quinteros (de blanco) presidenta de la Convenci\u00f3n Constitucional. &#8211; Uno de los cambios que le han restado apoyo a la nueva constituci\u00f3n&hellip;<\/p>\n","protected":false},"author":99,"featured_media":502722,"comment_status":"open","ping_status":"open","sticky":false,"template":"","format":"standard","meta":{"footnotes":""},"categories":[23],"tags":[],"class_list":["post-502721","post","type-post","status-publish","format-standard","has-post-thumbnail","hentry","category-latinoamerica"],"_links":{"self":[{"href":"https:\/\/diarioelpopular.com\/index.php\/wp-json\/wp\/v2\/posts\/502721","targetHints":{"allow":["GET"]}}],"collection":[{"href":"https:\/\/diarioelpopular.com\/index.php\/wp-json\/wp\/v2\/posts"}],"about":[{"href":"https:\/\/diarioelpopular.com\/index.php\/wp-json\/wp\/v2\/types\/post"}],"author":[{"embeddable":true,"href":"https:\/\/diarioelpopular.com\/index.php\/wp-json\/wp\/v2\/users\/99"}],"replies":[{"embeddable":true,"href":"https:\/\/diarioelpopular.com\/index.php\/wp-json\/wp\/v2\/comments?post=502721"}],"version-history":[{"count":1,"href":"https:\/\/diarioelpopular.com\/index.php\/wp-json\/wp\/v2\/posts\/502721\/revisions"}],"predecessor-version":[{"id":502723,"href":"https:\/\/diarioelpopular.com\/index.php\/wp-json\/wp\/v2\/posts\/502721\/revisions\/502723"}],"wp:featuredmedia":[{"embeddable":true,"href":"https:\/\/diarioelpopular.com\/index.php\/wp-json\/wp\/v2\/media\/502722"}],"wp:attachment":[{"href":"https:\/\/diarioelpopular.com\/index.php\/wp-json\/wp\/v2\/media?parent=502721"}],"wp:term":[{"taxonomy":"category","embeddable":true,"href":"https:\/\/diarioelpopular.com\/index.php\/wp-json\/wp\/v2\/categories?post=502721"},{"taxonomy":"post_tag","embeddable":true,"href":"https:\/\/diarioelpopular.com\/index.php\/wp-json\/wp\/v2\/tags?post=502721"}],"curies":[{"name":"wp","href":"https:\/\/api.w.org\/{rel}","templated":true}]}}