{"id":502727,"date":"2022-04-21T10:02:59","date_gmt":"2022-04-21T14:02:59","guid":{"rendered":"https:\/\/diarioelpopular.com\/?p=502727"},"modified":"2022-04-21T10:02:59","modified_gmt":"2022-04-21T14:02:59","slug":"la-haya-falla-a-favor-de-nicaragua-y-dice-que-colombia-debe-cesar-interferencia-en-aguas-nicaraguenses","status":"publish","type":"post","link":"https:\/\/diarioelpopular.com\/index.php\/2022\/04\/21\/la-haya-falla-a-favor-de-nicaragua-y-dice-que-colombia-debe-cesar-interferencia-en-aguas-nicaraguenses\/","title":{"rendered":"La Haya falla a favor de Nicaragua y dice que Colombia debe \u201ccesar interferencia\u201d en aguas nicarag\u00fcenses"},"content":{"rendered":"<p>&nbsp;<\/p>\n<p><img loading=\"lazy\" decoding=\"async\" class=\"alignnone size-custom-full-size wp-image-502728\" src=\"https:\/\/diarioelpopular.com\/wp-content\/uploads\/2022\/04\/KBJPLN7TFVHHXHUO5WQZNVRUTE.jpg\" alt=\"\" width=\"580\" height=\"330\" srcset=\"https:\/\/diarioelpopular.com\/wp-content\/uploads\/2022\/04\/KBJPLN7TFVHHXHUO5WQZNVRUTE.jpg 580w, https:\/\/diarioelpopular.com\/wp-content\/uploads\/2022\/04\/KBJPLN7TFVHHXHUO5WQZNVRUTE-300x171.jpg 300w, https:\/\/diarioelpopular.com\/wp-content\/uploads\/2022\/04\/KBJPLN7TFVHHXHUO5WQZNVRUTE-128x73.jpg 128w\" sizes=\"auto, (max-width: 580px) 100vw, 580px\" \/><\/p>\n<p><em>En noviembre de 2012, la Corte Internacional de Justicia (CIJ) confirm\u00f3 la soberan\u00eda colombiana de siete cayos cercanos a las islas de San Andr\u00e9s, Providencia y Santa Catalina, pero le dio a Nicaragua una porci\u00f3n de mar mayor de la que ten\u00eda anteriormente. (EFE\/Mauricio Due\u00f1as\/Archivo).<\/em><\/p>\n<h4 class=\"sht__summary\"><em><strong>&#8211; En 2013, Nicaragua present\u00f3 una queja ante el tribunal alegando que Colombia interfer\u00eda en actividades pesqueras y cient\u00edficas en aguas que estaban bajo su jurisdicci\u00f3n, y desde entonces el proceso se arrastraba en La Haya<\/strong><\/em><\/h4>\n<p>&nbsp;<\/p>\n<p class=\"story-contents__font-paragraph \">La Corte Internacional de Justicia (CIJ) de la ONU dictamin\u00f3 este jueves que\u00a0<a href=\"https:\/\/elcomercio.pe\/noticias\/colombia\/\" target=\"_blank\" rel=\"noopener\">Colombia\u00a0<\/a>debe \u201ccesar inmediatamente\u201d las interferencias en aguas del mar Caribe que ese tribunal reconoce como pertenecientes a la zona econ\u00f3mica exclusiva de\u00a0<a href=\"https:\/\/elcomercio.pe\/noticias\/nicaragua\/\" target=\"_blank\" rel=\"noopener\">Nicaragua<\/a>.<\/p>\n<p class=\"story-contents__font-paragraph \">Por 10 votos contra 5\u00a0los jueces de la CIJ consideraron que Colombia \u201cha violado los derechos soberanos y jurisdiccionales de Nicaragua\u201d, y por 9 votos contra 6 se\u00f1alaron que\u00a0Colombia\u00a0\u201cdebe cesar inmediatamente esa conducta\u201d.<\/p>\n<p>Esta controversia entre los dos pa\u00eds tiene su origen en una sentencia de la propia CIJ en 2012, que\u00a0reconoci\u00f3 soberan\u00eda de Colombia en el archipi\u00e9lago de San Andr\u00e9s, Providencia y Santa Catalina, en el Caribe, pero reconoci\u00f3 la jurisdicci\u00f3n de Nicaragua en las aguas circundantes.<\/p>\n<p class=\"story-contents__font-paragraph \">En 2013,\u00a0Nicaragua\u00a0present\u00f3 una queja ante el tribunal alegando que\u00a0Colombia\u00a0interfer\u00eda en actividades pesqueras y cient\u00edficas en aguas que estaban bajo su jurisdicci\u00f3n, y desde entonces el proceso se arrastraba en La Haya.<\/p>\n<p class=\"story-contents__font-paragraph \">Colombia aleg\u00f3 que esto se deb\u00eda al cumplimiento de sus compromisos en la lucha contra el narcotr\u00e1fico y en la protecci\u00f3n ambiental de las aguas.<\/p>\n<p class=\"story-contents__font-paragraph \">Adem\u00e1s, la delegaci\u00f3n colombiana present\u00f3 contrademandas a\u00a0Nicaragua, incluyendo una por violar los derechos de comunidades que habitan esas islas y que practican pesca artesanal y de subsistencia desde hace siglos en la regi\u00f3n.<\/p>\n<p class=\"story-contents__font-paragraph \">Esa demanda, sin embargo, no fue admitida por la corte.<\/p>\n<p class=\"story-contents__font-paragraph \">La CIJ desestim\u00f3 tambi\u00e9n una demanda de Nicaragua sobre la alegada emisi\u00f3n de permisos de exploraci\u00f3n petrolera por parte de Colombia.<\/p>\n<p class=\"story-contents__font-paragraph \">No obstante, se\u00f1al\u00f3 en sus considerandos que\u00a0Colombia\u00a0s\u00ed \u201cha violado sus obligaciones internacionales\u201d al autorizar actividades de pesca en aguas bajo jurisdicci\u00f3n de\u00a0Nicaragua.<\/p>\n<p class=\"story-contents__font-paragraph \">El agente (principal negociador) de Colombia en el caso,\u00a0Carlos Gustavo Arrieta, destac\u00f3 ante periodistas que la Corte no ha mencionado el cese de la presencia colombiana en esas aguas.<\/p>\n<p class=\"story-contents__font-paragraph \">\u201cHa mantenido la posibilidad de que nav\u00edos colombianos est\u00e9n all\u00ed y realicen operaciones contra el crimen organizado\u201d,\u00a0coment\u00f3.<\/p>\n<h4><em><b>Derechos de comunidades<\/b><\/em><\/h4>\n<p class=\"story-contents__font-paragraph \">La delegaci\u00f3n colombiana hab\u00eda presentado contrademandas a\u00a0Nicaragua, incluyendo una por violar los derechos de comunidades que habitan esas islas y que practican pesca artesanal y de subsistencia.<\/p>\n<p class=\"story-contents__font-paragraph \">Esa demanda, sin embargo, no fue admitida por la corte, que en cambio pidi\u00f3 una negociaci\u00f3n entre los dos pa\u00edses para definir el alcanza de las actividades pesqueras de esas comunidades.<\/p>\n<p class=\"story-contents__font-paragraph \">Los jueces indicaron que no conocen evidencia suficiente mostrando que en esas comunidades la pesca artesanal sea una actividad ancestral.<\/p>\n<p class=\"story-contents__font-paragraph \">De acuerdo con la presidenta de la CIJ, Joan Donoghue,\u00a0Colombia\u00a0no logr\u00f3 demostrar que esas comunidades poseen derechos de pesca en aguas que ahora est\u00e1n bajo jurisdicci\u00f3n de\u00a0Nicaragua.<\/p>\n<h4><em><b>Ajuste al derecho<\/b><\/em><\/h4>\n<p class=\"story-contents__font-paragraph \">En su extenso fallo, la CIJ consider\u00f3 igualmente \u201cfuera de conformidad con el derecho consuetudinario\u201d un decreto adoptado en Colombia sobre la llamada Zona Continua Integral en esa regi\u00f3n.<\/p>\n<p class=\"story-contents__font-paragraph \">Colombia, apuntaron los jueces, tiene el derecho de establecer una zona contigua alrededor de las islas afectadas, pero a\u00f1adi\u00f3 que el decreto no se ajustaba al derecho consuetudinario (es decir, basado en experiencias y costumbres aceptadas).<\/p>\n<p class=\"story-contents__font-paragraph \">Tambi\u00e9n consider\u00f3 fuera de conformidad con el derecho consuetudinario a la intenci\u00f3n nicarag\u00fcense de establecer un l\u00edmite lineal territorial, por considerar que afecta el derecho de navegaci\u00f3n y sobrevuelo para Colombia.<\/p>\n<p class=\"story-contents__font-paragraph \">Con relaci\u00f3n al fallo de 2012,\u00a0Colombiahab\u00eda en esa oportunidad advertido que ser\u00eda acatado pero no implementado, y seguidamente el pa\u00eds se retir\u00f3 del Pacto de Bogot\u00e1, un instrumento que reconoce precisamente la jurisdicci\u00f3n de la Corte en La Haya para este tipo de controversias.<\/p>\n<p class=\"story-contents__font-paragraph \">La Corte Internacional de Justicia, el principal \u00f3rgano judicial del sistema de la ONU, fue creada en 1946 para resolver disputas entre Estados.<\/p>\n<p>&nbsp;<\/p>\n","protected":false},"excerpt":{"rendered":"<p>&nbsp; En noviembre de 2012, la Corte Internacional de Justicia (CIJ) confirm\u00f3 la soberan\u00eda colombiana de siete cayos cercanos a las islas de San Andr\u00e9s,&hellip;<\/p>\n","protected":false},"author":99,"featured_media":502728,"comment_status":"open","ping_status":"open","sticky":false,"template":"","format":"standard","meta":{"footnotes":""},"categories":[11358,23],"tags":[],"class_list":["post-502727","post","type-post","status-publish","format-standard","has-post-thumbnail","hentry","category-especiales","category-latinoamerica"],"_links":{"self":[{"href":"https:\/\/diarioelpopular.com\/index.php\/wp-json\/wp\/v2\/posts\/502727","targetHints":{"allow":["GET"]}}],"collection":[{"href":"https:\/\/diarioelpopular.com\/index.php\/wp-json\/wp\/v2\/posts"}],"about":[{"href":"https:\/\/diarioelpopular.com\/index.php\/wp-json\/wp\/v2\/types\/post"}],"author":[{"embeddable":true,"href":"https:\/\/diarioelpopular.com\/index.php\/wp-json\/wp\/v2\/users\/99"}],"replies":[{"embeddable":true,"href":"https:\/\/diarioelpopular.com\/index.php\/wp-json\/wp\/v2\/comments?post=502727"}],"version-history":[{"count":1,"href":"https:\/\/diarioelpopular.com\/index.php\/wp-json\/wp\/v2\/posts\/502727\/revisions"}],"predecessor-version":[{"id":502729,"href":"https:\/\/diarioelpopular.com\/index.php\/wp-json\/wp\/v2\/posts\/502727\/revisions\/502729"}],"wp:featuredmedia":[{"embeddable":true,"href":"https:\/\/diarioelpopular.com\/index.php\/wp-json\/wp\/v2\/media\/502728"}],"wp:attachment":[{"href":"https:\/\/diarioelpopular.com\/index.php\/wp-json\/wp\/v2\/media?parent=502727"}],"wp:term":[{"taxonomy":"category","embeddable":true,"href":"https:\/\/diarioelpopular.com\/index.php\/wp-json\/wp\/v2\/categories?post=502727"},{"taxonomy":"post_tag","embeddable":true,"href":"https:\/\/diarioelpopular.com\/index.php\/wp-json\/wp\/v2\/tags?post=502727"}],"curies":[{"name":"wp","href":"https:\/\/api.w.org\/{rel}","templated":true}]}}